{"id":8088,"date":"2019-12-17T13:41:01","date_gmt":"2019-12-17T16:41:01","guid":{"rendered":"https:\/\/hostnetart.com.br\/baixada\/cepal-rejeita-politicas-de-ajuste-e-pede-investimento-social-brasil-caminha-no-sentido-contrario\/"},"modified":"2019-12-17T13:41:01","modified_gmt":"2019-12-17T16:41:01","slug":"cepal-rejeita-politicas-de-ajuste-e-pede-investimento-social-brasil-caminha-no-sentido-contrario","status":"publish","type":"post","link":"https:\/\/hostnetart.com.br\/baixada\/cepal-rejeita-politicas-de-ajuste-e-pede-investimento-social-brasil-caminha-no-sentido-contrario\/","title":{"rendered":"Cepal rejeita pol\u00edticas de ajuste e pede investimento social. Brasil caminha no sentido contr\u00e1rio"},"content":{"rendered":"<p>Relat\u00f3rio da Comiss\u00e3o Econ\u00f4mica para Am\u00e9rica Latina e Caribe (Cepal) mostra um cen\u00e1rio de \u201cdesacelera\u00e7\u00e3o econ\u00f4mica generalizada\u201d em pa\u00edses e setores, completando seis anos de\u00a0<a href=\"https:\/\/www.redebrasilatual.com.br\/destaques\/2019\/10\/bresser-pereira-bolsonaro-crescimento\/\" target=\"_blank\" rel=\"noopener noreferrer\">baixo crescimento<\/a>, combinado com crescentes demandas sociais e \u201cpress\u00f5es para reduzir a desigualdade e aumentar a inclus\u00e3o social\u201d. A proje\u00e7\u00e3o da entidade, vinculada \u00e0s Na\u00e7\u00f5es Unidas, \u00e9 de que este ser\u00e1 mais um ano de desempenho ruim, com estimativa de crescimento m\u00e9dio de 0,1% do Produto Interno Bruto (PIB), praticamente uma estagna\u00e7\u00e3o. Apenas na Am\u00e9rica do Sul, a previs\u00e3o \u00e9 de retra\u00e7\u00e3o (-0,1%).<\/p>\n<p>Para o pr\u00f3ximo ano, a Cepal fala em crescimento m\u00e9dio de 1,3% em toda a regi\u00e3o \u2013 1,2% na Am\u00e9rica do Sul. \u201cEm consequ\u00eancia, o per\u00edodo 2014-2020 seria o de menor crescimento para as economias da Am\u00e9rica Latina e do Caribe nas \u00faltimas sete d\u00e9cadas\u201d, aponta.<\/p>\n<p>As recomenda\u00e7\u00f5es do organismo v\u00e3o no sentido contr\u00e1rio\u00a0<a href=\"https:\/\/www.redebrasilatual.com.br\/destaques\/2019\/10\/boaventura-neoliberalismo-convulsao-social\/\" target=\"_blank\" rel=\"noopener noreferrer\">do que fazem muitos pa\u00edses, inclusive o Brasil<\/a>. \u201cDiante desse cen\u00e1rio, a regi\u00e3o n\u00e3o suporta pol\u00edticas de ajuste e precisa de pol\u00edticas para estimular o crescimento e reduzir a desigualdade\u201d, afirma a secret\u00e1ria-executiva da Cepal, Alicia B\u00e1rcena. \u201cAs condi\u00e7\u00f5es atuais necessitam que a pol\u00edtica fiscal se centre na reativa\u00e7\u00e3o do crescimento e em responder \u00e0s crescentes demandas sociais.\u201d<\/p>\n<p>De acordo com a Comiss\u00e3o, o panorama macroecon\u00f4micos dos \u00faltimos anos mostra tend\u00eancia de desacelera\u00e7\u00e3o da atividade econ\u00f4mica, com diminui\u00e7\u00e3o do PIB\u00a0<em>per capita<\/em>,\u00a0<a href=\"https:\/\/www.redebrasilatual.com.br\/destaques\/2019\/11\/mais-arrocho-pecs-de-bolsonaro-podem-derrubar-investimentos-em-saude-e-educacao\/\" target=\"_blank\" rel=\"noopener noreferrer\">redu\u00e7\u00e3o dos investimentos<\/a>, queda do consumo, retra\u00e7\u00e3o das exporta\u00e7\u00f5es e uma expressiva deteriora\u00e7\u00e3o da qualidade do emprego. O balan\u00e7o preliminar pode ser visto\u00a0<a href=\"https:\/\/repositorio.cepal.org\/bitstream\/handle\/11362\/45000\/57\/S1901097_es.pdf\" target=\"_blank\" rel=\"noopener noreferrer\">aqui<\/a>\u00a0na \u00edntegra, com vers\u00e3o em espanhol. O quadro \u00e9 de desacelera\u00e7\u00e3o da demanda interna e externa e mercados financeiros internacionais mais fr\u00e1geis.<\/p>\n<h5>Mais desemprego<\/h5>\n<p>Uma pol\u00edtica fiscal ativa requer estrat\u00e9gia para se mostrar sustent\u00e1vel. \u201cIsso implica que deve estar vinculada \u00e0 capacidade de crescimento e \u00e0 din\u00e2mica da produtividade, junto com o fortalecimento da capacidade de arrecada\u00e7\u00e3o do Estado, melhorando a\u00a0<a href=\"https:\/\/www.redebrasilatual.com.br\/economia\/2019\/10\/reforma-tributaria-congresso-tem-tres-propostas-mas-so-uma-faz-justica-aos-mais-pobres\/\" target=\"_blank\" rel=\"noopener noreferrer\">progressividade da estrutura tribut\u00e1ria<\/a>\u00a0mediante o aumento dos impostos diretos e reduzindo a evas\u00e3o fiscal, que representa por volta de 6,3% do PIB da regi\u00e3o\u201d, exemplifica a Cepal.<\/p>\n<p>No informe, 23 dos 33 pa\u00edses da regi\u00e3o mostram desacelera\u00e7\u00e3o do crescimento em 2019, enquanto 14 devem ter expans\u00e3o de pelo menos 1%. No caso do Brasil, a previs\u00e3o \u00e9 de 1% neste ano e de 1,7% no pr\u00f3ximo. De 2014 a 2019, o PIB\u00a0<em>per capita<\/em>\u00a0na regi\u00e3o ter\u00e1 ca\u00eddo 4%, enquanto a taxa de desemprego subir\u00e1 de 8%, em 2018, para 8,2% neste ano. Acr\u00e9scimo de 1 milh\u00e3o de pessoas, chegando ao n\u00edvel recorde de 25,2 milh\u00f5es de desempregados, \u201cao que se soma uma deteriora\u00e7\u00e3o na qualidade de emprego pelo crescimento do trabalho por conta pr\u00f3pria (que superou o emprego assalariado) e da informalidade\u201d.<\/p>\n<p>Apesar das limita\u00e7\u00f5es e dificuldades, a Comiss\u00e3o lembra que a maioria dos pa\u00edses tem hoje infla\u00e7\u00e3o em n\u00edveis historicamente baixos e\u00a0<a href=\"https:\/\/www.redebrasilatual.com.br\/economia\/2019\/08\/investidores-dolar-tormenta-mercados\/\" target=\"_blank\" rel=\"noopener noreferrer\">reservas internacionais relativamente elevadas<\/a>, al\u00e9m de acesso aos mercados financeiros, condi\u00e7\u00f5es que favorecem a implementa\u00e7\u00e3o de pol\u00edticas macroecon\u00f4micas no sentido de reverter o cen\u00e1rio. Mas a conclus\u00e3o da Cepal n\u00e3o encontra respaldo na atual gest\u00e3o brasileira: \u201c\u00c9 fundamental reativar a atividade econ\u00f4mica mediante um maior gasto p\u00fablico em investimentos e pol\u00edticas sociais. Para dar conta das demandas sociais, os esfor\u00e7os redistributivos de curto prazo devem ser complementados com aumento na oferta e qualidade de bens e servi\u00e7os p\u00fablicos.\u201d<\/p>\n<p><strong>Fonte: Rede Brasil Atual<\/strong><\/p>\n","protected":false},"excerpt":{"rendered":"<p>Relat\u00f3rio da Comiss\u00e3o Econ\u00f4mica para Am\u00e9rica Latina e Caribe (Cepal) mostra um cen\u00e1rio de \u201cdesacelera\u00e7\u00e3o econ\u00f4mica generalizada\u201d em pa\u00edses e setores, completando seis anos de\u00a0baixo crescimento, combinado com crescentes demandas sociais e \u201cpress\u00f5es para reduzir a desigualdade e aumentar a inclus\u00e3o social\u201d. A proje\u00e7\u00e3o da entidade, vinculada \u00e0s Na\u00e7\u00f5es Unidas, \u00e9 de que este ser\u00e1 [&hellip;]<\/p>\n","protected":false},"author":2,"featured_media":8087,"comment_status":"","ping_status":"","sticky":false,"template":"","format":"standard","meta":{"footnotes":""},"categories":[3],"tags":[],"class_list":["post-8088","post","type-post","status-publish","format-standard","has-post-thumbnail","hentry","category-noticias"],"_links":{"self":[{"href":"https:\/\/hostnetart.com.br\/baixada\/wp-json\/wp\/v2\/posts\/8088","targetHints":{"allow":["GET"]}}],"collection":[{"href":"https:\/\/hostnetart.com.br\/baixada\/wp-json\/wp\/v2\/posts"}],"about":[{"href":"https:\/\/hostnetart.com.br\/baixada\/wp-json\/wp\/v2\/types\/post"}],"author":[{"embeddable":true,"href":"https:\/\/hostnetart.com.br\/baixada\/wp-json\/wp\/v2\/users\/2"}],"replies":[{"embeddable":true,"href":"https:\/\/hostnetart.com.br\/baixada\/wp-json\/wp\/v2\/comments?post=8088"}],"version-history":[{"count":0,"href":"https:\/\/hostnetart.com.br\/baixada\/wp-json\/wp\/v2\/posts\/8088\/revisions"}],"wp:featuredmedia":[{"embeddable":true,"href":"https:\/\/hostnetart.com.br\/baixada\/wp-json\/wp\/v2\/media\/8087"}],"wp:attachment":[{"href":"https:\/\/hostnetart.com.br\/baixada\/wp-json\/wp\/v2\/media?parent=8088"}],"wp:term":[{"taxonomy":"category","embeddable":true,"href":"https:\/\/hostnetart.com.br\/baixada\/wp-json\/wp\/v2\/categories?post=8088"},{"taxonomy":"post_tag","embeddable":true,"href":"https:\/\/hostnetart.com.br\/baixada\/wp-json\/wp\/v2\/tags?post=8088"}],"curies":[{"name":"wp","href":"https:\/\/api.w.org\/{rel}","templated":true}]}}