{"id":8086,"date":"2019-12-17T13:39:55","date_gmt":"2019-12-17T16:39:55","guid":{"rendered":"https:\/\/hostnetart.com.br\/baixada\/bancarias-participam-do-encontro-da-rede-uni-mulheres\/"},"modified":"2019-12-17T13:39:55","modified_gmt":"2019-12-17T16:39:55","slug":"bancarias-participam-do-encontro-da-rede-uni-mulheres","status":"publish","type":"post","link":"https:\/\/hostnetart.com.br\/baixada\/bancarias-participam-do-encontro-da-rede-uni-mulheres\/","title":{"rendered":"Banc\u00e1rias participam do encontro da Rede Uni Mulheres"},"content":{"rendered":"<p>Banc\u00e1rias de v\u00e1rios pontos do Brasil participaram do encontro da Rede Uni Mulheres, nos \u00faltimos dias 11 e 12, que reuniu mulheres do Chile, Brasil Argentina e Uruguai, em Buenos Aires, na Argentina.<\/p>\n<p>O objetivo do evento \u00e9 a troca das experi\u00eancias feministas nos diversos pa\u00edses para montar uma pauta em comum que fortale\u00e7a a luta na constru\u00e7\u00e3o de avan\u00e7os para as mulheres. \u201cFoi uma experi\u00eancia muito rica, pois conseguimos vivenciar a retomada da esperan\u00e7a das argentinas com a elei\u00e7\u00e3o deste novo governo democr\u00e1tico e ainda o medo das companheiras uruguaias pelos retrocessos impostos com o governo de direita que assumiu recentemente e fez com que elas temessem que tudo que foi conquistado com os governos de esquerda anteriormente possam se perder. Al\u00e9m disso, houve o relato das mulheres do Chile, que contaram como foi todo o processo da crise que eclodiu no pa\u00eds e os planos de resist\u00eancia\u201d, afirmou Elaine Cuttis, secret\u00e1ria da Mulher da Confedera\u00e7\u00e3o Nacional dos Trabalhadores do Ramo Financeiro (Contraf-CUT). \u201cN\u00f3s estamos num momento de transforma\u00e7\u00f5es, no qual \u00e9 fundamental que esta troca seja cada vez mais permanente para fortalecer a unidade de toda a classe trabalhadora e, principalmente das mulheres, que geralmente s\u00e3o as mais impactadas pelo retrocesso\u201d, completou.<\/p>\n<h3>Conven\u00e7\u00e3o 190 da OIT<\/h3>\n<p>Tamb\u00e9m foi debatido a aprova\u00e7\u00e3o, pela Organiza\u00e7\u00e3o Internacional do Trabalho (OIT), da Conven\u00e7\u00e3o 190 que trata da viol\u00eancia no mundo do trabalho. O texto aprovado \u00e9 fruto de um debate, iniciado por movimentos de mulheres, que come\u00e7ou em 2009, na Confedera\u00e7\u00e3o Sindical Internacional (CSI), e venceu resist\u00eancias dos empregadores que consideravam o tema uma quest\u00e3o a ser resolvida por pol\u00edticas p\u00fablicas. As diretrizes da Conven\u00e7\u00e3o s\u00f3 passar\u00e3o a valer a partir da ratifica\u00e7\u00e3o pelos pa\u00edses. \u00c9 ap\u00f3s a ado\u00e7\u00e3o da Conven\u00e7\u00e3o que os tribunais passam a se pautar pela norma aprovada. \u201cO grande desafio agora \u00e9 poder estar todas unidas para conquistar a ratifica\u00e7\u00e3o da conven\u00e7\u00e3o da OIT em todos os pa\u00edses \u201c, explicou Elaine.<\/p>\n<h2>\u2018Basta! N\u00e3o ir\u00e3o nos calar\u2019<\/h2>\n<p>A delega\u00e7\u00e3o brasileira apresentou algumas das a\u00e7\u00f5es deitas no pa\u00eds para defender os direitos das mulheres banc\u00e1rias. Um dos destaques que mais chamou a aten\u00e7\u00e3o foi o novo projeto do Sindicato dos Banc\u00e1rios de S\u00e3o Paulo, de atendimento \u00e0s mulheres v\u00edtimas de viol\u00eancia dom\u00e9stica.<\/p>\n<p>O\u00a0<a href=\"https:\/\/spbancarios.com.br\/12\/2019\/basta-nao-irao-nos-calar\" target=\"_blank\" rel=\"noopener noreferrer\">projeto do Sindicato<\/a>, que faz parte da programa\u00e7\u00e3o dos 16 Dias de Ativismo, uma campanha mundial para combater o feminic\u00eddio e outros crimes contra a mulher, oferecer\u00e1 atendimento jur\u00eddico especializado em viol\u00eancia dom\u00e9stica e de g\u00eanero e atuar\u00e1, em parceria com a Rede Municipal de Enfrentamento \u00e0 Viol\u00eancia Dom\u00e9stica, atendendo as demandas jur\u00eddicas que n\u00e3o podem ser absorvidas pela Defensoria P\u00fablica. \u00c9 uma contraofensiva do movimento sindical contra o atual retrocesso pol\u00edtico e social.<\/p>\n<h3>#UniSororidad<\/h3>\n<p>As banc\u00e1rias brasileiras relataram ainda o trabalho para a campanha para manifestar e mostrar resist\u00eancia contra a viol\u00eancia. Com a hashtag #UniSororidad, o movimento acontece na rede social Twitter todos os dias 25 de cada m\u00eas e mostra informa\u00e7\u00f5es e protestos sobre a realidade do g\u00eanero na sociedade.<\/p>\n<p>A\u00a0<a href=\"https:\/\/contrafcut.com.br\/noticias\/bancarias-fazem-campanha-contra-a-violencia-a-mulher-no-twitter\/\" target=\"_blank\" rel=\"noopener noreferrer\">Contraf-CUT apoia a campanha<\/a>. \u201c\u00c9 extremamente importante refor\u00e7ar a nossa luta de combate \u00e0 viol\u00eancia contra a mulher. O nosso objetivo \u00e9 sensibilizar e dar ainda mais visibilidade contra este grave problema e salientar a import\u00e2ncia de a\u00e7\u00f5es efetivas para o combate \u00e0 viol\u00eancia\u201d, afirmou Elaine Cutis, secret\u00e1ria da Mulher da Contraf-CUT. Para Elaine, a campanha \u00e9 extremamente importante, pois dar\u00e1 visibilidade ao tema nas redes sociais. \u201cNosso objetivo \u00e9 mostrar os n\u00fameros da viol\u00eancia e cobrar a\u00e7\u00f5es efetivas para erradicar o problema na sociedade. Portanto, nos dias 25, precisamos estar unidas usando a hashtag #UniSororidad no Twitter\u201d, finalizou.<\/p>\n<p><strong>Fonte: Contraf-CUT<\/strong><\/p>\n","protected":false},"excerpt":{"rendered":"<p>Banc\u00e1rias de v\u00e1rios pontos do Brasil participaram do encontro da Rede Uni Mulheres, nos \u00faltimos dias 11 e 12, que reuniu mulheres do Chile, Brasil Argentina e Uruguai, em Buenos Aires, na Argentina. O objetivo do evento \u00e9 a troca das experi\u00eancias feministas nos diversos pa\u00edses para montar uma pauta em comum que fortale\u00e7a a [&hellip;]<\/p>\n","protected":false},"author":2,"featured_media":8085,"comment_status":"","ping_status":"","sticky":false,"template":"","format":"standard","meta":{"footnotes":""},"categories":[3],"tags":[],"class_list":["post-8086","post","type-post","status-publish","format-standard","has-post-thumbnail","hentry","category-noticias"],"_links":{"self":[{"href":"https:\/\/hostnetart.com.br\/baixada\/wp-json\/wp\/v2\/posts\/8086","targetHints":{"allow":["GET"]}}],"collection":[{"href":"https:\/\/hostnetart.com.br\/baixada\/wp-json\/wp\/v2\/posts"}],"about":[{"href":"https:\/\/hostnetart.com.br\/baixada\/wp-json\/wp\/v2\/types\/post"}],"author":[{"embeddable":true,"href":"https:\/\/hostnetart.com.br\/baixada\/wp-json\/wp\/v2\/users\/2"}],"replies":[{"embeddable":true,"href":"https:\/\/hostnetart.com.br\/baixada\/wp-json\/wp\/v2\/comments?post=8086"}],"version-history":[{"count":0,"href":"https:\/\/hostnetart.com.br\/baixada\/wp-json\/wp\/v2\/posts\/8086\/revisions"}],"wp:featuredmedia":[{"embeddable":true,"href":"https:\/\/hostnetart.com.br\/baixada\/wp-json\/wp\/v2\/media\/8085"}],"wp:attachment":[{"href":"https:\/\/hostnetart.com.br\/baixada\/wp-json\/wp\/v2\/media?parent=8086"}],"wp:term":[{"taxonomy":"category","embeddable":true,"href":"https:\/\/hostnetart.com.br\/baixada\/wp-json\/wp\/v2\/categories?post=8086"},{"taxonomy":"post_tag","embeddable":true,"href":"https:\/\/hostnetart.com.br\/baixada\/wp-json\/wp\/v2\/tags?post=8086"}],"curies":[{"name":"wp","href":"https:\/\/api.w.org\/{rel}","templated":true}]}}