{"id":8084,"date":"2019-12-16T18:45:46","date_gmt":"2019-12-16T21:45:46","guid":{"rendered":"https:\/\/hostnetart.com.br\/baixada\/pais-deve-buscar-crescimento-socialmente-inclusivo-contra-cortes-neoliberais\/"},"modified":"2019-12-16T18:45:46","modified_gmt":"2019-12-16T21:45:46","slug":"pais-deve-buscar-crescimento-socialmente-inclusivo-contra-cortes-neoliberais","status":"publish","type":"post","link":"https:\/\/hostnetart.com.br\/baixada\/pais-deve-buscar-crescimento-socialmente-inclusivo-contra-cortes-neoliberais\/","title":{"rendered":"Pa\u00eds deve buscar \u2018crescimento socialmente inclusivo\u2019 contra cortes neoliberais"},"content":{"rendered":"<p>Para o economista Guilherme Mello, do\u00a0N\u00facleo de Acompanhamento de Pol\u00edticas P\u00fablicas (NAPP) do\u00a0PT, o \u201coba-oba\u201d de setores do governo e da imprensa com a <a href=\"https:\/\/www.redebrasilatual.com.br\/destaques\/2019\/12\/crescimento-estagnacao-e-os-ajustes-essenciais-festejados-pela-midia\/\" target=\"_blank\" rel=\"noopener noreferrer\">suposta retomada da economia<\/a> \u00e9 exagerado. A tend\u00eancia \u00e9 que o <a href=\"https:\/\/www.redebrasilatual.com.br\/economia\/2019\/12\/pib-confirma-atividade-fraca\/\" target=\"_blank\" rel=\"noopener noreferrer\">crescimento de 0,6%<\/a> registrado entre o segundo e o terceiro trimestre se estenda por mais alguns per\u00edodos, por conta das medidas de est\u00edmulo, como o saque das contas do FGTS. Contudo, \u00e9 insuficiente para recuperar as perdas decorrentes da crise, que fez o PIB recuar 7% entre 2015 e 2016. Nesse ritmo, a previs\u00e3o \u00e9 que o PIB <em>per capita<\/em>, por exemplo, s\u00f3 recupere os n\u00edveis anteriores \u00e0 crise entre 2035 e 2038.<\/p>\n<p>A lenta recupera\u00e7\u00e3o da economia, segundo ele, \u00e9 fruto das receitas de austeridade \u2013 que incluem privatiza\u00e7\u00f5es e cortes de gastos p\u00fablicos \u2013 aplicadas desde de 2015 e agravadas no governo Bolsonaro, com o ministro da Economia, Paulo Guedes, \u00e0 frente. O resultado \u00e9 o \u201cdesemprego cr\u00f4nico\u201d que n\u00e3o cede e hoje afeta\u00a012,5 milh\u00f5es pessoas.<\/p>\n<p>Como alternativa para reativar o crescimento, de maneira mais robusta e sustentada, Guilherme Mello e os economistas do NAPP apresentaram duas propostas ao ex-presidente Luiz In\u00e1cio Lula da Silva na semana passada: o\u00a0<a href=\"https:\/\/pt.org.br\/wp-content\/uploads\/2018\/03\/plano_emprego_e_renda.pdf\" target=\"_blank\" rel=\"noopener noreferrer\">Plano Emergencial de Emprego e Renda, <\/a>\u2013\u00a0que\u00a0projeta criar 7 milh\u00f5es de empregos no curto e m\u00e9dio prazos, com a contrata\u00e7\u00e3o direta de trabalhadores pelo poder p\u00fablico, a reativa\u00e7\u00e3o do investimento em obras e medidas para estimular o consumo \u2013 e a\u00a0proposta de <a href=\"https:\/\/www.redebrasilatual.com.br\/economia\/2019\/10\/reforma-tributaria-congresso-tem-tres-propostas-mas-so-uma-faz-justica-aos-mais-pobres\/\" target=\"_blank\" rel=\"noopener noreferrer\">Reforma Tribut\u00e1ria Justa e Solid\u00e1ria<\/a>, que prev\u00ea a redu\u00e7\u00e3o da taxa\u00e7\u00e3o sobre o consumo, que pesa mais no bolso dos mais pobres, e um aumento de impostos sobre a renda e o patrim\u00f4nio, que afetam os mais ricos.<\/p>\n<h5>Depress\u00e3o<\/h5>\n<p>\u201c\u00c9 muito raro uma economia que passou por uma recess\u00e3o n\u00e3o crescer rapidamente depois. \u00c9 nosso caso. A economia brasileira est\u00e1 em depress\u00e3o. S\u00e3o tr\u00eas anos seguidos com crescimento de 1%, depois de uma grande queda.\u00a0O que acontece agora \u00e9 que esse oba-oba \u00e9 vendido como a volta do crescimento. Quando se olha os dados, \u00e9 poss\u00edvel perceber que n\u00e3o tem nada muito diferente do que aconteceu nos \u00faltimos dois anos. Esse crescimento de 0,5%, 0,6% no trimestre j\u00e1 aconteceu em 2017 e 2018.\u00a0 A diferen\u00e7a \u00e9 que agora tende a se prologar por alguns trimestres a mais, porque o governo est\u00e1 fazendo todo um esfor\u00e7o que estamos chamando de keynesianismo envergonhado\u201d, afirma Mello \u00e0 jornalista Marilu Caba\u00f1as, para o <a href=\"https:\/\/www.youtube.com\/watch?v=oIzOL7UFdE8\" target=\"_blank\" rel=\"noopener noreferrer\"><em>Jornal Brasil Atual<\/em><\/a>, nesta segunda-feira (16), sobre as medidas de est\u00edmulo ao consumo adotadas pelo atual governo, que contrariam o ide\u00e1rio liberal.<\/p>\n<p>Os economistas do PT apostam em \u201cemprego, renda e cr\u00e9dito\u201d para acelerar a marcha da economia. \u201cO plano ataca tr\u00eas eixos. Primeiro, gera\u00e7\u00e3o direta de emprego por estados e munic\u00edpios que v\u00e3o contratar temporariamente pessoas desempregadas para atuarem na parte de zeladoria urbana. As pessoas querem um pouco de dignidade, um emprego justo e honesto. O governo pode oferecer isso.\u00a0Tem medidas para aumentar a renda. Por exemplo, a retomada da pol\u00edtica de valoriza\u00e7\u00e3o do sal\u00e1rio m\u00ednimo, reajuste do Bolsa Fam\u00edlia. Garante \u00e0s pessoas uma renda um pouco mais robusta, que permite consumir um pouco mais.\u00a0Por fim, medidas de amplia\u00e7\u00e3o e renegocia\u00e7\u00e3o do cr\u00e9dito. Temos muitas fam\u00edlias inadimplentes, com dificuldade de pagar. O governo pode ajudar nessa renegocia\u00e7\u00e3o\u201d, explicou Mello.<\/p>\n<p>Segundo ele, al\u00e9m de simplificar, \u00e9 preciso tornar mais justa a cobran\u00e7a de impostos no Brasil. \u201cQuem paga imposto no Brasil, a gente sabe, s\u00e3o os pobres. Rico n\u00e3o paga imposto, porque consegue desonera\u00e7\u00e3o, isen\u00e7\u00e3o, porque a al\u00edquota \u00e9 menor do que a que incide sobre o pobre.\u00a0A Reforma Tribut\u00e1ria Justa e Solid\u00e1ria \u00e9 a \u00fanica que contempla mais de um objetivo. Ela n\u00e3o s\u00f3 simplifica, mas ao mesmo tempo distribui renda. Isso \u00e9 fundamental para recuperar a nossa capacidade de crescimento\u201d, destaca o economista.<\/p>\n<p>A regressividade da estrutura tribut\u00e1ria atual, cobrando mais de quem pode pagar menos, \u00e9 uma das causas da concentra\u00e7\u00e3o de renda e da desigualdade no pa\u00eds. O projeto apresentado pelos economistas cont\u00eam ainda mecanismos para reduzir as diferen\u00e7as regionais e estimular empresas ambientalmente sustent\u00e1veis.\u00a0\u201cEssas duas propostas, uma mais emergencial, e outra mais estrutural s\u00e3o as duas primeiras que apresentamos. Elas v\u00e3o no mesmo sentido. Uma gera emprego, renda e cr\u00e9dito. A outra distribui a renda e melhora a efici\u00eancia da economia. Somadas, podemos ter um crescimento muito maior, n\u00e3o s\u00f3 no ano que vem, mas tamb\u00e9m nas pr\u00f3ximas d\u00e9cadas para que possamos recuperar o tempo perdido nos \u00faltimos anos\u201d, aposta o economista.<\/p>\n<p><strong>Fonte: Rede Brasil Atual<\/strong><\/p>\n","protected":false},"excerpt":{"rendered":"<p>Para o economista Guilherme Mello, do\u00a0N\u00facleo de Acompanhamento de Pol\u00edticas P\u00fablicas (NAPP) do\u00a0PT, o \u201coba-oba\u201d de setores do governo e da imprensa com a suposta retomada da economia \u00e9 exagerado. A tend\u00eancia \u00e9 que o crescimento de 0,6% registrado entre o segundo e o terceiro trimestre se estenda por mais alguns per\u00edodos, por conta das [&hellip;]<\/p>\n","protected":false},"author":2,"featured_media":8083,"comment_status":"","ping_status":"","sticky":false,"template":"","format":"standard","meta":{"footnotes":""},"categories":[3],"tags":[],"class_list":["post-8084","post","type-post","status-publish","format-standard","has-post-thumbnail","hentry","category-noticias"],"_links":{"self":[{"href":"https:\/\/hostnetart.com.br\/baixada\/wp-json\/wp\/v2\/posts\/8084","targetHints":{"allow":["GET"]}}],"collection":[{"href":"https:\/\/hostnetart.com.br\/baixada\/wp-json\/wp\/v2\/posts"}],"about":[{"href":"https:\/\/hostnetart.com.br\/baixada\/wp-json\/wp\/v2\/types\/post"}],"author":[{"embeddable":true,"href":"https:\/\/hostnetart.com.br\/baixada\/wp-json\/wp\/v2\/users\/2"}],"replies":[{"embeddable":true,"href":"https:\/\/hostnetart.com.br\/baixada\/wp-json\/wp\/v2\/comments?post=8084"}],"version-history":[{"count":0,"href":"https:\/\/hostnetart.com.br\/baixada\/wp-json\/wp\/v2\/posts\/8084\/revisions"}],"wp:featuredmedia":[{"embeddable":true,"href":"https:\/\/hostnetart.com.br\/baixada\/wp-json\/wp\/v2\/media\/8083"}],"wp:attachment":[{"href":"https:\/\/hostnetart.com.br\/baixada\/wp-json\/wp\/v2\/media?parent=8084"}],"wp:term":[{"taxonomy":"category","embeddable":true,"href":"https:\/\/hostnetart.com.br\/baixada\/wp-json\/wp\/v2\/categories?post=8084"},{"taxonomy":"post_tag","embeddable":true,"href":"https:\/\/hostnetart.com.br\/baixada\/wp-json\/wp\/v2\/tags?post=8084"}],"curies":[{"name":"wp","href":"https:\/\/api.w.org\/{rel}","templated":true}]}}