{"id":8080,"date":"2019-12-16T18:35:58","date_gmt":"2019-12-16T21:35:58","guid":{"rendered":"https:\/\/hostnetart.com.br\/baixada\/crescimento-estagnacao-e-os-ajustes-essenciais-festejados-pela-midia\/"},"modified":"2019-12-16T18:35:58","modified_gmt":"2019-12-16T21:35:58","slug":"crescimento-estagnacao-e-os-ajustes-essenciais-festejados-pela-midia","status":"publish","type":"post","link":"https:\/\/hostnetart.com.br\/baixada\/crescimento-estagnacao-e-os-ajustes-essenciais-festejados-pela-midia\/","title":{"rendered":"Crescimento, estagna\u00e7\u00e3o e os \u2018ajustes essenciais\u2019 festejados pela m\u00eddia"},"content":{"rendered":"<p>Na perspectiva dos donos do dinheiro e seus porta-vozes midi\u00e1ticos, o aprofundamento da agenda neoliberal herdada de Temer pelo governo Bolsonaro teria permitido realizar os ajustes essenciais para que a <a href=\"https:\/\/www.redebrasilatual.com.br\/destaques\/2019\/12\/bolsonaro-se-sustenta-no-voo-de-galinha-da-economia-e-na-ideologia-diz-cientista-politica\/\" target=\"_blank\" rel=\"noopener noreferrer\">economia brasileira voltasse a crescer<\/a> sustentadamente. Com isso, o corte nos investimentos e gastos governamentais que torna o Estado menor, reduziria o d\u00e9ficit p\u00fablico e permitiria que o protagonismo do setor privado comandasse a expans\u00e3o econ\u00f4mica.<\/p>\n<p>Em termos simples, estaria em vigor, segundo a teoria neoliberal, a passagem da situa\u00e7\u00e3o macroecon\u00f4mica dominada pelo efeito de exclus\u00e3o do setor p\u00fablico da dire\u00e7\u00e3o produtiva <em>(crowding out)<\/em> para o efeito de inclus\u00e3o <em>(crowding in)<\/em> das empresas privadas na lideran\u00e7a dos investimentos de capital e eleva\u00e7\u00e3o do n\u00edvel do emprego da m\u00e3o de obra.<\/p>\n<p>Ou seja, ap\u00f3s longo per\u00edodo em que o governo competiria com o setor privado por recursos para o financiamento do d\u00e9ficit p\u00fablico, o Brasil ingressaria na situa\u00e7\u00e3o cuja din\u00e2mica produtiva estaria sob o comando do setor privado e, portanto, liberado o crescimento potencial da economia.<\/p>\n<p>Isso porque a redu\u00e7\u00e3o dos gastos p\u00fablicos viria acompanhada pela redu\u00e7\u00e3o da taxa de juros real e, por consequ\u00eancia, o encorajamento das empresas privadas a ampliar os investimentos e gastos na contrata\u00e7\u00e3o de trabalhadores e componentes de produ\u00e7\u00e3o.<\/p>\n<p>Assim, o desempenho favor\u00e1vel da Bolsa de Valores, acompanhado da expans\u00e3o do cr\u00e9dito e de retiradas do FGTS, indicaria o quanto a redu\u00e7\u00e3o na taxa de juros e no custo de contrata\u00e7\u00e3o da m\u00e3o de obra \u2013 que j\u00e1 v\u00eam desde Temer \u2013 inauguraria a nova e favor\u00e1vel situa\u00e7\u00e3o macroecon\u00f4mica nacional.<\/p>\n<p>Acontece que o rebaixamento do padr\u00e3o de vida da maioria dos brasileiros desde 2015 esteve associado \u00e0 brutal <a href=\"https:\/\/www.redebrasilatual.com.br\/cidadania\/2019\/12\/brasil-7-pais-desigualdade\/\" target=\"_blank\" rel=\"noopener noreferrer\">concentra\u00e7\u00e3o da renda em poder dos ricos<\/a>, cuja propens\u00e3o a consumir \u00e9 bem inferior \u00e0 da parcela restante da popula\u00e7\u00e3o.<\/p>\n<p>Dessa forma, a retomada dos investimentos pelo setor privado seria question\u00e1vel, especialmente quando prevalece capacidade ociosa na estrutura produtiva, aumento dos lucros retidos pelas empresas, e, ainda, a desacelera\u00e7\u00e3o no crescimento populacional.<\/p>\n<p>O receitu\u00e1rio neoliberal, contudo, se mostrou eficiente para elevar a taxa de lucro do setor privado. Sobretudo nas grandes corpora\u00e7\u00f5es, que aumentaram o grau de monop\u00f3lio por meio da incorpora\u00e7\u00e3o de outras empresas, bem como se beneficiando da reforma trabalhista a diminuir os custos do trabalho e da desregulamenta\u00e7\u00e3o das contrata\u00e7\u00f5es e demiss\u00f5es.<\/p>\n<p>Mas a queda nos juros b\u00e1sicos e a eleva\u00e7\u00e3o na taxa de lucros das empresas n\u00e3o foram suficientes para restabelecer nem mesmo o n\u00edvel de demanda agregada, ainda inferior ao patamar de 2014.<\/p>\n<p>Reflexo disso tem sido a aus\u00eancia do crescimento da produtividade, a impossibilitar o aumento na taxa de lucro que n\u00e3o seja pela diminui\u00e7\u00e3o continuada na taxa de sal\u00e1rios, impactando negativamente no padr\u00e3o de vida e, em sequ\u00eancia, a preval\u00eancia do enfraquecimento na capacidade de consumo das fam\u00edlias.<\/p>\n<p>A alternativa do endividamento a financiar o consumo encontra-se comprometida atualmente pela instabilidade das ocupa\u00e7\u00f5es, menor rendimento do trabalho e o expressivo grau de d\u00edvidas acumuladas pelas fam\u00edlias.<\/p>\n<p>Por conta disso, em vez da retomada do crescimento econ\u00f4mico, tende a prevalecer situa\u00e7\u00e3o macroecon\u00f4mica dominada pela estagna\u00e7\u00e3o. Em termos t\u00e9cnicos, a instala\u00e7\u00e3o da armadilha da liquidez conforme prevista por J. Keynes, ainda na d\u00e9cada de 1930, quando a pol\u00edtica monet\u00e1ria tornar-se-ia disfuncional, uma vez que a queda na taxa de juros, mesmo se aproximando de zero, n\u00e3o se apresentaria capaz de fazer com que os empres\u00e1rios reagissem com a eleva\u00e7\u00e3o dos investimentos de longo prazo.<\/p>\n<p>Ao inv\u00e9s disso, poderia ocorrer o maior esfor\u00e7o de parte dos detentores do dinheiro pela reten\u00e7\u00e3o dos recursos dispon\u00edveis para, em fun\u00e7\u00e3o da queda na taxa de juros, evitar a efetiva\u00e7\u00e3o da redu\u00e7\u00e3o dos ganhos financeiros originalmente esperados. Ou seja, o pr\u00f3prio aprofundamento do rentismo das classes abastadas no Brasil, o que inviabilizaria o crescimento, mantendo a estagna\u00e7\u00e3o.<\/p>\n<hr \/>\n<p><img fetchpriority=\"high\" decoding=\"async\" class=\"size-medium wp-image-375093 alignleft\" src=\"https:\/\/www.redebrasilatual.com.br\/wp-content\/uploads\/2019\/08\/marciopochmann-2-360x166.jpg\" alt=\"\" width=\"360\" height=\"166\" \/><\/p>\n<div class=\"penci-single-link-pages\">\u00a0<\/div>\n<div class=\"penci-single-link-pages\">\u00a0<\/div>\n<div class=\"penci-single-link-pages\"><strong>Fonte: Rede Brasil Atual<\/strong><\/div>\n","protected":false},"excerpt":{"rendered":"<p>Na perspectiva dos donos do dinheiro e seus porta-vozes midi\u00e1ticos, o aprofundamento da agenda neoliberal herdada de Temer pelo governo Bolsonaro teria permitido realizar os ajustes essenciais para que a economia brasileira voltasse a crescer sustentadamente. Com isso, o corte nos investimentos e gastos governamentais que torna o Estado menor, reduziria o d\u00e9ficit p\u00fablico e [&hellip;]<\/p>\n","protected":false},"author":2,"featured_media":8079,"comment_status":"","ping_status":"","sticky":false,"template":"","format":"standard","meta":{"footnotes":""},"categories":[3],"tags":[],"class_list":["post-8080","post","type-post","status-publish","format-standard","has-post-thumbnail","hentry","category-noticias"],"_links":{"self":[{"href":"https:\/\/hostnetart.com.br\/baixada\/wp-json\/wp\/v2\/posts\/8080","targetHints":{"allow":["GET"]}}],"collection":[{"href":"https:\/\/hostnetart.com.br\/baixada\/wp-json\/wp\/v2\/posts"}],"about":[{"href":"https:\/\/hostnetart.com.br\/baixada\/wp-json\/wp\/v2\/types\/post"}],"author":[{"embeddable":true,"href":"https:\/\/hostnetart.com.br\/baixada\/wp-json\/wp\/v2\/users\/2"}],"replies":[{"embeddable":true,"href":"https:\/\/hostnetart.com.br\/baixada\/wp-json\/wp\/v2\/comments?post=8080"}],"version-history":[{"count":0,"href":"https:\/\/hostnetart.com.br\/baixada\/wp-json\/wp\/v2\/posts\/8080\/revisions"}],"wp:featuredmedia":[{"embeddable":true,"href":"https:\/\/hostnetart.com.br\/baixada\/wp-json\/wp\/v2\/media\/8079"}],"wp:attachment":[{"href":"https:\/\/hostnetart.com.br\/baixada\/wp-json\/wp\/v2\/media?parent=8080"}],"wp:term":[{"taxonomy":"category","embeddable":true,"href":"https:\/\/hostnetart.com.br\/baixada\/wp-json\/wp\/v2\/categories?post=8080"},{"taxonomy":"post_tag","embeddable":true,"href":"https:\/\/hostnetart.com.br\/baixada\/wp-json\/wp\/v2\/tags?post=8080"}],"curies":[{"name":"wp","href":"https:\/\/api.w.org\/{rel}","templated":true}]}}