{"id":8074,"date":"2019-12-13T13:01:21","date_gmt":"2019-12-13T16:01:21","guid":{"rendered":"https:\/\/hostnetart.com.br\/baixada\/dirigentes-sindicais-da-federacao-rj-es-debatem-seguranca-e-saude-com-o-santander\/"},"modified":"2019-12-13T13:01:21","modified_gmt":"2019-12-13T16:01:21","slug":"dirigentes-sindicais-da-federacao-rj-es-debatem-seguranca-e-saude-com-o-santander","status":"publish","type":"post","link":"https:\/\/hostnetart.com.br\/baixada\/dirigentes-sindicais-da-federacao-rj-es-debatem-seguranca-e-saude-com-o-santander\/","title":{"rendered":"Dirigentes sindicais da Federa\u00e7\u00e3o RJ\/ES debatem seguran\u00e7a e sa\u00fade com o Santander"},"content":{"rendered":"<p>Os dirigentes Sindicais do Santander da base da Federa\u00e7\u00e3o dos Trabalhadores do Ramo Financeiro do Rio de Janeiro e Esp\u00edrito Santo (Fetraf-RJ\/ES) se reuniram, na manh\u00e3 desta quinta (12), com a Diretoria de Rela\u00e7\u00f5es Sindicais do banco, no audit\u00f3rio da entidade. A pauta do encontro foi Provas CPA 10, seguran\u00e7a nas ag\u00eancias, reestrutura\u00e7\u00e3o, altera\u00e7\u00e3o no plano de sa\u00fade e ass\u00e9dio moral.<\/p>\n<p>O presidente da Federa\u00e7\u00e3o, Nilton Dami\u00e3o, cobrou do Santander o retorno dos assuntos que foram pautados na reuni\u00e3o e deixou claro que n\u00e3o admite a\u00e7\u00f5es unilaterais que desrespeitem a Conven\u00e7\u00e3o Coletiva de Trabalho (CCT) vigente.<\/p>\n<p>Niltinho tamb\u00e9m pediu respeito ao negociado e disse que a Federa\u00e7\u00e3o orienta os sindicatos a, antes de qualquer ingresso de a\u00e7\u00e3o coletiva, a mesma deva ser levada ao conhecimento pr\u00e9vio das partes.<\/p>\n<p><strong>Fonte: Contraf-CUT<\/strong><\/p>\n","protected":false},"excerpt":{"rendered":"<p>Os dirigentes Sindicais do Santander da base da Federa\u00e7\u00e3o dos Trabalhadores do Ramo Financeiro do Rio de Janeiro e Esp\u00edrito Santo (Fetraf-RJ\/ES) se reuniram, na manh\u00e3 desta quinta (12), com a Diretoria de Rela\u00e7\u00f5es Sindicais do banco, no audit\u00f3rio da entidade. A pauta do encontro foi Provas CPA 10, seguran\u00e7a nas ag\u00eancias, reestrutura\u00e7\u00e3o, altera\u00e7\u00e3o no [&hellip;]<\/p>\n","protected":false},"author":2,"featured_media":8073,"comment_status":"","ping_status":"","sticky":false,"template":"","format":"standard","meta":{"footnotes":""},"categories":[3],"tags":[],"class_list":["post-8074","post","type-post","status-publish","format-standard","has-post-thumbnail","hentry","category-noticias"],"_links":{"self":[{"href":"https:\/\/hostnetart.com.br\/baixada\/wp-json\/wp\/v2\/posts\/8074","targetHints":{"allow":["GET"]}}],"collection":[{"href":"https:\/\/hostnetart.com.br\/baixada\/wp-json\/wp\/v2\/posts"}],"about":[{"href":"https:\/\/hostnetart.com.br\/baixada\/wp-json\/wp\/v2\/types\/post"}],"author":[{"embeddable":true,"href":"https:\/\/hostnetart.com.br\/baixada\/wp-json\/wp\/v2\/users\/2"}],"replies":[{"embeddable":true,"href":"https:\/\/hostnetart.com.br\/baixada\/wp-json\/wp\/v2\/comments?post=8074"}],"version-history":[{"count":0,"href":"https:\/\/hostnetart.com.br\/baixada\/wp-json\/wp\/v2\/posts\/8074\/revisions"}],"wp:featuredmedia":[{"embeddable":true,"href":"https:\/\/hostnetart.com.br\/baixada\/wp-json\/wp\/v2\/media\/8073"}],"wp:attachment":[{"href":"https:\/\/hostnetart.com.br\/baixada\/wp-json\/wp\/v2\/media?parent=8074"}],"wp:term":[{"taxonomy":"category","embeddable":true,"href":"https:\/\/hostnetart.com.br\/baixada\/wp-json\/wp\/v2\/categories?post=8074"},{"taxonomy":"post_tag","embeddable":true,"href":"https:\/\/hostnetart.com.br\/baixada\/wp-json\/wp\/v2\/tags?post=8074"}],"curies":[{"name":"wp","href":"https:\/\/api.w.org\/{rel}","templated":true}]}}