{"id":8072,"date":"2019-12-12T18:08:43","date_gmt":"2019-12-12T21:08:43","guid":{"rendered":"https:\/\/hostnetart.com.br\/baixada\/processo-eleitoral-do-conselho-de-usuarios-do-saude-caixa-ja-comecou\/"},"modified":"2019-12-12T18:08:43","modified_gmt":"2019-12-12T21:08:43","slug":"processo-eleitoral-do-conselho-de-usuarios-do-saude-caixa-ja-comecou","status":"publish","type":"post","link":"https:\/\/hostnetart.com.br\/baixada\/processo-eleitoral-do-conselho-de-usuarios-do-saude-caixa-ja-comecou\/","title":{"rendered":"Processo eleitoral do Conselho de Usu\u00e1rios do Sa\u00fade Caixa j\u00e1 come\u00e7ou"},"content":{"rendered":"<p>O processo eleitoral do Conselho de Usu\u00e1rios do Sa\u00fade Caixa j\u00e1 come\u00e7ou. O edital e o regulamento foram divulgados para funcion\u00e1rios da ativa, aposentados e pensionistas nos diversos canais de comunica\u00e7\u00e3o do plano, nesta quarta-feira (11).<\/p>\n<p>As inscri\u00e7\u00f5es das chapas come\u00e7am na pr\u00f3xima segunda-feira (16) e v\u00e3o at\u00e9 o dia 27 de dezembro. Podem se inscrever o s\u00f3cio titular do Sa\u00fade Caixa que esteja inscrito no Programa h\u00e1, no m\u00ednimo, 12 meses anteriores \u00e0 data de in\u00edcio da inscri\u00e7\u00e3o das chapas.<\/p>\n<p>O candidato s\u00f3 poder\u00e1 concorrer por uma \u00fanica chapa. As chapas dever\u00e3o ser inscritas com cinco membros efetivos e cinco membros suplentes, devidamente indicados garantindo-se, no m\u00ednimo, dois componentes aposentados e dos da ativa.<\/p>\n<p>\u201cO Sa\u00fade Caixa \u00e9 uma conquista dos empregados da Caixa. Por isso, \u00e9 de fundamental import\u00e2ncia a participa\u00e7\u00e3o dos empregados, elegendo um conselho de usu\u00e1rios que seja participativo, at\u00e9 porque 2020 promete ser um ano de muitos mais embates com a Caixa. A luta ser\u00e1 de manuten\u00e7\u00e3o da forma de custeio nos moldes atuais e refor\u00e7ar nossa campanha de \u201cSa\u00fade CAIXA para Todos\u201d\u201d, afirmou Fabiana Uehara Proscholdt, secret\u00e1ria da Cultura e representante da Confedera\u00e7\u00e3o Nacional dos Trabalhadores do Ramo Financeiro (Contraf-CUT)<\/p>\n<h3>O Conselho do Usu\u00e1rio \u00e9 uma conquista<\/h3>\n<p>O Conselho de Usu\u00e1rios foi conquistado em 2003 para ser um instrumento de maior transpar\u00eancia e possibilidade de acompanhamento da gest\u00e3o financeira e administrativa do plano de sa\u00fade dos empregados da Caixa.<\/p>\n<p>O f\u00f3rum n\u00e3o possui car\u00e1ter deliberativo e \u00e9 composto de forma parit\u00e1ria por cinco membros titulares eleitos pelos participantes e por cinco indicados pela Caixa. O mandato \u00e9 de 36 meses.<\/p>\n<p><strong>Fonte: Contraf-CUT<\/strong><\/p>\n","protected":false},"excerpt":{"rendered":"<p>O processo eleitoral do Conselho de Usu\u00e1rios do Sa\u00fade Caixa j\u00e1 come\u00e7ou. O edital e o regulamento foram divulgados para funcion\u00e1rios da ativa, aposentados e pensionistas nos diversos canais de comunica\u00e7\u00e3o do plano, nesta quarta-feira (11). As inscri\u00e7\u00f5es das chapas come\u00e7am na pr\u00f3xima segunda-feira (16) e v\u00e3o at\u00e9 o dia 27 de dezembro. Podem se [&hellip;]<\/p>\n","protected":false},"author":2,"featured_media":8071,"comment_status":"","ping_status":"","sticky":false,"template":"","format":"standard","meta":{"footnotes":""},"categories":[3],"tags":[],"class_list":["post-8072","post","type-post","status-publish","format-standard","has-post-thumbnail","hentry","category-noticias"],"_links":{"self":[{"href":"https:\/\/hostnetart.com.br\/baixada\/wp-json\/wp\/v2\/posts\/8072","targetHints":{"allow":["GET"]}}],"collection":[{"href":"https:\/\/hostnetart.com.br\/baixada\/wp-json\/wp\/v2\/posts"}],"about":[{"href":"https:\/\/hostnetart.com.br\/baixada\/wp-json\/wp\/v2\/types\/post"}],"author":[{"embeddable":true,"href":"https:\/\/hostnetart.com.br\/baixada\/wp-json\/wp\/v2\/users\/2"}],"replies":[{"embeddable":true,"href":"https:\/\/hostnetart.com.br\/baixada\/wp-json\/wp\/v2\/comments?post=8072"}],"version-history":[{"count":0,"href":"https:\/\/hostnetart.com.br\/baixada\/wp-json\/wp\/v2\/posts\/8072\/revisions"}],"wp:featuredmedia":[{"embeddable":true,"href":"https:\/\/hostnetart.com.br\/baixada\/wp-json\/wp\/v2\/media\/8071"}],"wp:attachment":[{"href":"https:\/\/hostnetart.com.br\/baixada\/wp-json\/wp\/v2\/media?parent=8072"}],"wp:term":[{"taxonomy":"category","embeddable":true,"href":"https:\/\/hostnetart.com.br\/baixada\/wp-json\/wp\/v2\/categories?post=8072"},{"taxonomy":"post_tag","embeddable":true,"href":"https:\/\/hostnetart.com.br\/baixada\/wp-json\/wp\/v2\/tags?post=8072"}],"curies":[{"name":"wp","href":"https:\/\/api.w.org\/{rel}","templated":true}]}}