{"id":8070,"date":"2019-12-12T18:07:24","date_gmt":"2019-12-12T21:07:24","guid":{"rendered":"https:\/\/hostnetart.com.br\/baixada\/bancarios-do-mercantil-aprovam-acordos-de-plr-e-auxilio-educacional-para-2020\/"},"modified":"2019-12-12T18:07:24","modified_gmt":"2019-12-12T21:07:24","slug":"bancarios-do-mercantil-aprovam-acordos-de-plr-e-auxilio-educacional-para-2020","status":"publish","type":"post","link":"https:\/\/hostnetart.com.br\/baixada\/bancarios-do-mercantil-aprovam-acordos-de-plr-e-auxilio-educacional-para-2020\/","title":{"rendered":"Banc\u00e1rios do Mercantil aprovam acordos de PLR e aux\u00edlio educacional para 2020"},"content":{"rendered":"<p>As banc\u00e1rias e os banc\u00e1rios do Banco Mercantil do Brasil aprovaram, por unanimidade, o programa pr\u00f3prio de PLR e o aux\u00edlio bolsa educacional propostos pelo banco para o ano de 2020, em assembleia realizada na noite desta quarta-feira (11), no Sindicato dos Banc\u00e1rios de Belo Horizonte.<\/p>\n<p>A Assembleia foi realizada por uma quest\u00e3o legal, levando-se em conta que, segundo os preceitos da lei 10.101, a aprova\u00e7\u00e3o do acordo pr\u00f3prio de PLR deve ocorrer no ano anterior \u00e0 sua vig\u00eancia.<\/p>\n<p>Na ocasi\u00e3o, funcion\u00e1rias e funcion\u00e1rios foram informados sobre os avan\u00e7os obtidos pelo Sindicato no acordo de PLR 2020, como a redu\u00e7\u00e3o da meta do lucro do programa pr\u00f3prio, que caiu de R$ 270 milh\u00f5es para R$ 240 milh\u00f5es. Com o gatilho de cumprimento de 80% das metas, os banc\u00e1rios passam a receber a partir do atingimento de R$ 192 milh\u00f5es de lucro em 2020.<\/p>\n<p>Foi tamb\u00e9m conquistada a altera\u00e7\u00e3o no percentual de varia\u00e7\u00e3o de despesas de 2019 para 2020. Agora, se n\u00e3o houver varia\u00e7\u00e3o, ou seja, 0% de 2019 para 2020, o banco paga 100% da meta. Com varia\u00e7\u00e3o de at\u00e9 de 5%, o Mercantil paga 80% da meta e, no caso de redu\u00e7\u00e3o das despesas de -3,5%, paga se 120%, aumentando as chances de cumprimento das premissas desse quesito.<\/p>\n<p>Em rela\u00e7\u00e3o ao aux\u00edlio bolsa educacional, foi conquistado o reajuste no valor do benef\u00edcio, que passou de R$ 240,00 para R$ 260,00 para cada banc\u00e1rio contemplado pelo programa.<\/p>\n<h3>Luta e conquistas contra a MP 905<\/h3>\n<p>Os funcion\u00e1rios do Mercantil do Brasil tamb\u00e9m foram esclarecidos sobre a importante conquista dos sindicatos em prol dos banc\u00e1rios contra a Medida Provis\u00f3ria (MP) 905. Um acordo aditivo foi assinado com os bancos, nesta ter\u00e7a-feira, 10, garantindo a neutraliza\u00e7\u00e3o dos efeitos da MP do governo Bolsonaro na categoria.<\/p>\n<p>Desta forma, banc\u00e1rias e banc\u00e1rios n\u00e3o precisar\u00e3o trabalhar aos s\u00e1bados, domingos e feriados, mantendo tamb\u00e9m a jornada de trabalho nos modelos atuais. Tamb\u00e9m ficou garantido que a PLR e os programas pr\u00f3prios continuar\u00e3o sendo negociados com o movimento sindical, e n\u00e3o individualmente, como queriam o governo e os patr\u00f5es.<\/p>\n<p>Para Marco Aur\u00e9lio Alves, funcion\u00e1rio do Mercantil e diretor do Sindicato, os funcion\u00e1rios presentes compreenderam a import\u00e2ncia dos sindicatos na organiza\u00e7\u00e3o da categoria. \u201cA Conven\u00e7\u00e3o Coletiva de Trabalho e os acordos coletivos de trabalho, como os que foram votados nessa noite, s\u00e3o grandes conquistas que s\u00f3 foram poss\u00edveis ap\u00f3s muita luta e garra dos trabalhadores ao lado dos seus respectivos sindicatos. Foi a nossa mobiliza\u00e7\u00e3o, ao longo dos anos, que garantiu \u00e0 categoria banc\u00e1ria diversos benef\u00edcios, como o vale-alimenta\u00e7\u00e3o, o vale-refei\u00e7\u00e3o, o aux\u00edlio-creche, conv\u00eanio m\u00e9dico, PLR, jornada de seis horas, licen\u00e7a-maternidade, entre outros\u201d, esclareceu.<\/p>\n<p>J\u00e1 Vanderci Ant\u00f4nio da Silva, tamb\u00e9m funcion\u00e1rio do Mercantil e diretor do Sindicato, ressaltou a luta e os avan\u00e7os contra a MP 905. \u201cForam mantidas importantes conquistas dos banc\u00e1rios que poderiam ser alteradas pela MP, como a jornada de seis horas, a n\u00e3o abertura das ag\u00eancias banc\u00e1rias aos s\u00e1bados e a negocia\u00e7\u00e3o da PLR pelos sindicatos. A organiza\u00e7\u00e3o e a luta dos sindicatos garantiram mais essa vit\u00f3ria para os trabalhadores banc\u00e1rios\u201d, afirmou.<\/p>\n<p>Fonte: Sindicato dos Banc\u00e1rios de BH e Regi\u00e3o<\/p>\n<p><strong>Fonte: Contraf-CUT<\/strong><\/p>\n","protected":false},"excerpt":{"rendered":"<p>As banc\u00e1rias e os banc\u00e1rios do Banco Mercantil do Brasil aprovaram, por unanimidade, o programa pr\u00f3prio de PLR e o aux\u00edlio bolsa educacional propostos pelo banco para o ano de 2020, em assembleia realizada na noite desta quarta-feira (11), no Sindicato dos Banc\u00e1rios de Belo Horizonte. A Assembleia foi realizada por uma quest\u00e3o legal, levando-se [&hellip;]<\/p>\n","protected":false},"author":2,"featured_media":8069,"comment_status":"","ping_status":"","sticky":false,"template":"","format":"standard","meta":{"footnotes":""},"categories":[3],"tags":[],"class_list":["post-8070","post","type-post","status-publish","format-standard","has-post-thumbnail","hentry","category-noticias"],"_links":{"self":[{"href":"https:\/\/hostnetart.com.br\/baixada\/wp-json\/wp\/v2\/posts\/8070","targetHints":{"allow":["GET"]}}],"collection":[{"href":"https:\/\/hostnetart.com.br\/baixada\/wp-json\/wp\/v2\/posts"}],"about":[{"href":"https:\/\/hostnetart.com.br\/baixada\/wp-json\/wp\/v2\/types\/post"}],"author":[{"embeddable":true,"href":"https:\/\/hostnetart.com.br\/baixada\/wp-json\/wp\/v2\/users\/2"}],"replies":[{"embeddable":true,"href":"https:\/\/hostnetart.com.br\/baixada\/wp-json\/wp\/v2\/comments?post=8070"}],"version-history":[{"count":0,"href":"https:\/\/hostnetart.com.br\/baixada\/wp-json\/wp\/v2\/posts\/8070\/revisions"}],"wp:featuredmedia":[{"embeddable":true,"href":"https:\/\/hostnetart.com.br\/baixada\/wp-json\/wp\/v2\/media\/8069"}],"wp:attachment":[{"href":"https:\/\/hostnetart.com.br\/baixada\/wp-json\/wp\/v2\/media?parent=8070"}],"wp:term":[{"taxonomy":"category","embeddable":true,"href":"https:\/\/hostnetart.com.br\/baixada\/wp-json\/wp\/v2\/categories?post=8070"},{"taxonomy":"post_tag","embeddable":true,"href":"https:\/\/hostnetart.com.br\/baixada\/wp-json\/wp\/v2\/tags?post=8070"}],"curies":[{"name":"wp","href":"https:\/\/api.w.org\/{rel}","templated":true}]}}