{"id":8066,"date":"2019-12-12T14:31:24","date_gmt":"2019-12-12T17:31:24","guid":{"rendered":"https:\/\/hostnetart.com.br\/baixada\/anvisa-encontra-residuos-de-veneno-chumbinho-na-comida-do-brasileiro\/"},"modified":"2019-12-12T14:31:24","modified_gmt":"2019-12-12T17:31:24","slug":"anvisa-encontra-residuos-de-veneno-chumbinho-na-comida-do-brasileiro","status":"publish","type":"post","link":"https:\/\/hostnetart.com.br\/baixada\/anvisa-encontra-residuos-de-veneno-chumbinho-na-comida-do-brasileiro\/","title":{"rendered":"Anvisa encontra res\u00edduos de veneno \u2018chumbinho\u2019 na comida do brasileiro"},"content":{"rendered":"<p>Produto muito vendido de maneira ilegal para matar ratos em v\u00e1rias cidades, o \u201cchumbinho\u201d est\u00e1 em muitos dos alimentos consumidos pelos brasileiros. Res\u00edduos de carbofurano e terbuf\u00f3s \u2013 subst\u00e2ncias muito usadas na produ\u00e7\u00e3o desses raticidas ingeridos at\u00e9 por humanos, em desesperado ato suicida \u2013 foram encontrados em amostras analisadas no Programa de An\u00e1lise de Res\u00edduos de Agrot\u00f3xicos em Alimentos (<a href=\"http:\/\/portal.anvisa.gov.br\/documents\/111215\/0\/Relat%C3%B3rio+%E2%80%93+PARA+2017-2018_Final.pdf\/e1d0c988-1e69-4054-9a31-70355109acc9\">Para<\/a>), divulgado ontem (11) pela Ag\u00eancia Nacional de Vigil\u00e2ncia Sanit\u00e1ria (Anvisa).<\/p>\n<div class=\"penci-pullqoute align-none\">\n<blockquote>\n<p>Proibido pela Anvisa em\u00a018 de outubro de 2017 por causar danos ao sistema nervoso, como a morte de neur\u00f4nios e suas consequ\u00eancias, o carbofurano\u00a0est\u00e1 entre os\u00a0<a href=\"https:\/\/www.redebrasilatual.com.br\/saude-e-ciencia\/2018\/05\/saiba-como-o-pacote-do-veneno-pode-piorar-a-sua-vida\/\" target=\"_blank\" rel=\"noopener noreferrer\">agrot\u00f3xicos<\/a>\u00a0mais detectados em amostras de alface, laranja, goiaba, uva, chuchu, piment\u00e3o e batata doce. De acordo com o relat\u00f3rio do PARA, a presen\u00e7a da subst\u00e2ncia pode ser decorrente de aplica\u00e7\u00f5es de carbossulfano, que\u00a0se converte em carbofurano. O uso do carbossulfano \u00e9 proibido nas culturas de citros, arroz, batata, coco, feij\u00e3o, mam\u00e3o, manga, tomate, trigo e uva devido a potenciais riscos \u00e0 sa\u00fade da popula\u00e7\u00e3o.<\/p>\n<\/blockquote>\n<\/div>\n<p>O terbuf\u00f3s foi encontrado em amostras de feij\u00e3o. Mas o agrot\u00f3xico \u00e9 muito usado como inseticida em lavouras de banana, caf\u00e9, cana e milho. Segundo a\u00a0<a href=\"https:\/\/www.agrolink.com.br\/agrolinkfito\/produto\/counter-150-g_207.html\">bula<\/a>\u00a0do produto, causa intoxica\u00e7\u00f5es manifestadas por tremores e c\u00e2imbras, hipertens\u00e3o arterial, fibrila\u00e7\u00e3o muscular e flacidez, eventualmente morte por parada respirat\u00f3ria. Entre os efeitos mais comuns sobre o sistema nervoso central est\u00e3o a ansiedade, dor de cabe\u00e7a, perda de mem\u00f3ria, tremores, convuls\u00f5es e eventualmente paralisia do aparelho respirat\u00f3rio, que pode leva \u00e0 morte.<\/p>\n<p>\u201cNa pr\u00e1tica, pode-se dizer que o\u00a0brasileiro est\u00e1 sendo cronicamente contaminado por \u2018chumbinho\u2019. Coisa que o relat\u00f3rio da Anvisa parece tratar como irrelevante, e claramente n\u00e3o \u00e9\u201d, aponta Marcos Pedlowski,\u00a0 professor\u00a0da Universidade Estadual do Norte Fluminense (Uenf) e colaborador do Centro de Ecologia, Evolu\u00e7\u00e3o e\u00a0Altera\u00e7\u00f5es Ambientais da Universidade de Lisboa. Entre outras coisas, ele tem se dedicado a mapear as\u00a0<a href=\"https:\/\/blogdopedlowski.com\/2019\/11\/27\/com-mais-57-agrotoxicos-liberados-governo-bolsonaro-quebra-recorde-historico-e-transforma-o-brasil-em-uma-piscina-envenenada\/\">libera\u00e7\u00f5es de agrot\u00f3xicos<\/a>\u00a0pelo governo Jair Bolsonaro em menos de um ano: at\u00e9 o final de novembro j\u00e1 somavam 467.<\/p>\n<h4>Omiss\u00e3o<\/h4>\n<p>Segundo observa Pedlowski, as amostras analisadas pelo Para foram coletadas em apenas 77 munic\u00edpios brasileiros. E o estado do Paran\u00e1 , um dos campe\u00f5es de uso de agrot\u00f3xicos no Brasil, n\u00e3o cedeu sequer uma amostra porque se retirou do Para em 2016.<\/p>\n<p>H\u00e1 outros problemas, segundo ele: o relat\u00f3rio omite informa\u00e7\u00f5es sobre os limites aceit\u00e1veis de res\u00edduos que s\u00e3o praticados no Brasil em rela\u00e7\u00e3o, por exemplo, \u00e0 Uni\u00e3o Europeia (UE). \u201cComo j\u00e1 foi demonstrado pela ge\u00f3grafa Larissa Bombardi em seu\u00a0\u201c<a href=\"http:\/\/conexaoagua.mpf.mp.br\/arquivos\/agrotoxicos\/05-larissa-bombardi-atlas-agrotoxico-2017.pdf\">Geografia do Uso de Agrot\u00f3xicos no Brasil e Conex\u00f5es com a Uni\u00e3o Europeia<\/a>, os limites brasileiros s\u00e3o muito mais \u2018generosos\u2019 para uma s\u00e9rie de agrot\u00f3xicos que j\u00e1 foram banidos na UE por estarem associados a uma s\u00e9rie de doen\u00e7as graves, incluindo o c\u00e2ncer\u201d.<\/p>\n<p>Da mesma maneira,\u00a0despertou aten\u00e7\u00e3o que dos 20 agrot\u00f3xicos mais detectados na an\u00e1lise, seis est\u00e3o banidos na UE, como o Carbendazim e o Acefato \u2013o\u00a0 terceiro e o s\u00e9timo, respectivamente, mais detectados.<\/p>\n<h4><img fetchpriority=\"high\" decoding=\"async\" class=\"alignleft wp-image-392134 size-medium\" src=\"https:\/\/www.redebrasilatual.com.br\/wp-content\/uploads\/2019\/12\/alface-no-veneno-234x360.jpg\" sizes=\"(max-width: 234px) 100vw, 234px\" srcset=\"https:\/\/www.redebrasilatual.com.br\/wp-content\/uploads\/2019\/12\/alface-no-veneno-234x360.jpg 234w, https:\/\/www.redebrasilatual.com.br\/wp-content\/uploads\/2019\/12\/alface-no-veneno.jpg 491w\" alt=\"Instituto Henfyl\" width=\"234\" height=\"360\" \/><\/h4>\n<p>\u201cUm aspecto que ainda dever\u00e1 ser analisado \u00e9 a neglig\u00eancia \u00f3bvia sobre a sa\u00fade dos trabalhadores rurais e de todos que entrem em contato direto e indireto com esse n\u00famero aumentado de subst\u00e2ncias altamente t\u00f3xicas que est\u00e3o sendo colocadas no mercado brasileiro. E\u00a0h\u00e1 que se frisar que isto ocorre para atender as necessidades dos grandes latifundi\u00e1rios que hoje controlam a exporta\u00e7\u00e3o das commodities onde est\u00e1 fortemente concentrado o uso dessas subst\u00e2ncias\u201d, ressaltou Pedlowski. \u201cOs problemas causados pela contamina\u00e7\u00e3o ambiental e humana decorrente da transforma\u00e7\u00e3o do Brasil em uma esp\u00e9cie de piscina t\u00f3xica dever\u00e3o ser sentidos nas pr\u00f3ximos anos e d\u00e9cadas, visto que muitos dos produtos que est\u00e3o sendo liberados ou possuem alta persist\u00eancia ou geram metab\u00f3litos ainda mais t\u00f3xicos do que o produto ativo original quando s\u00e3o rapidamente degradados no ambiente.\u201d<\/p>\n<h4>Distor\u00e7\u00f5es<\/h4>\n<p>Dirigente da Associa\u00e7\u00e3o Brasileira de Agroecologia (<a href=\"https:\/\/aba-agroecologia.org.br\/\">ABA<\/a>) e integrante da\u00a0<a href=\"https:\/\/contraosagrotoxicos.org\/novo-para-roupa-bonita-para-um-conteudo-altamente-toxico\/\">Campanha Permanente<\/a>\u00a0contra os Agrot\u00f3xicos e pela Vida, o agr\u00f4nomo Leonardo Melgarejo lamentou que, ap\u00f3s tr\u00eas anos, a Anvisa venha divulgar \u201cinforma\u00e7\u00f5es distorcidas em rela\u00e7\u00e3o aos pr\u00f3prios achados\u201d nas an\u00e1lises de arroz, laranja, tomate, cenoura, manga, abacaxi, alface, batata doce, manga, uva, goiaba, alho, beterraba e piment\u00e3o.<\/p>\n<div class=\"penci-pullqoute align-none\">\n<blockquote>\n<p>\u201cA ag\u00eancia afirma que dos produtos avaliados, 49% n\u00e3o cont\u00eam res\u00edduos de agrot\u00f3xicos. Portanto, seriam seguros. Mas afirma que em 23% \u2013 quase \u00bc deles \u2013 o n\u00famero de irregularidades, como a presen\u00e7a de res\u00edduos acima do limite, n\u00e3o seria t\u00e3o relevante assim. Por\u00e9m, est\u00e1 falando de seguran\u00e7a a partir de 270 agrot\u00f3xicos avaliados, sendo que h\u00e1 no Brasil mais de 500 ingredientes ativos\u201d,\u00a0afirmou.<\/p>\n<\/blockquote>\n<\/div>\n<p>Segundo ele, a Anvisa omite \u201co fato de ter encontrado um n\u00famero 17% maior de amostras irregulares do que na realizada antes do golpe de 2016\u201d. \u201cE esconde que nesse per\u00edodo aumentou o n\u00famero de registro de intoxica\u00e7\u00f5es por agrot\u00f3xicos no Brasil segundo o\u00a0<a href=\"http:\/\/saude.gov.br\/\">Minist\u00e9rio da Sa\u00fade<\/a>. E disse que encontrou apenas 1% de alimentos que poderiam causar intoxica\u00e7\u00e3o aguda \u2013 que pode causar da diarreia \u00e0 morte. Pouco relevante desde que nossa fam\u00edlia n\u00e3o estivesse inclu\u00edda nesse percentual\u201d.<\/p>\n<p>Melgarejo criticou ainda a recomenda\u00e7\u00e3o da Anvisa quanto \u00e0\u00a0<a href=\"https:\/\/nossofuturoroubado.com.br\/tag\/venenos-agricolas\/page\/14\/\">lavagem dos alimento<\/a>s, como se fosse poss\u00edvel retirar o res\u00edduos e resolver o problema. \u201cE desconsidera o fato de que devemos nos preocupar com o consumo a longo prazo. Nega que haja\u00a0<a href=\"https:\/\/www.redebrasilatual.com.br\/trabalho\/2011\/05\/agrotoxicos-na-plantacao-de-fumo-prejudicam-produtores-e-seus-vizinhos\/\" target=\"_blank\" rel=\"noopener noreferrer\">intoxica\u00e7\u00e3o cr\u00f4nica<\/a>\u00a0em pessoas com mais de dez anos. N\u00e3o sabemos como a ag\u00eancia consegue chegar a essas conclus\u00f5es. Precisamos de agroecologia, evitar o contato, a exposi\u00e7\u00e3o e proteger os \u00f3rg\u00e3os de comunica\u00e7\u00e3o que trazem alerta sobre os riscos que estamos todos submetidos\u201d.<\/p>\n<p>Ontem, a\u00a0Campanha Permanente Contra os Agrot\u00f3xicos e Pela Vida divulgou nota sobre o relat\u00f3rio da Anvisa, em que critica o tom da publica\u00e7\u00e3o, em que os alimentos vegetais s\u00e3o considerados seguros, e que abusa de frases de efeito<i>,\u00a0<\/i>como\u00a0\u201c<em>Os resultados n\u00e3o apontaram um potencial risco cr\u00f4nico para o consumidor<\/em>\u201c, ou\u00a0 \u201c<em>As inconformidades n\u00e3o implicam, necessariamente, risco ao consumidor<\/em>\u201d.\u00a0 Para a campanha, \u201co tom foi de uma pe\u00e7a de propaganda pol\u00edtica para um relat\u00f3rio que, lido atentamente, traz grandes preocupa\u00e7\u00f5es para a sociedade\u201d.<\/p>\n<p>Clique\u00a0<a href=\"https:\/\/contraosagrotoxicos.org\/novo-para-roupa-bonita-para-um-conteudo-altamente-toxico\/\"><strong>aqui<\/strong><\/a>\u00a0para acessar a \u00edntegra da nota.<\/p>\n<p><strong>Fonte: Rede Brasil Atual<\/strong><\/p>\n","protected":false},"excerpt":{"rendered":"<p>Produto muito vendido de maneira ilegal para matar ratos em v\u00e1rias cidades, o \u201cchumbinho\u201d est\u00e1 em muitos dos alimentos consumidos pelos brasileiros. Res\u00edduos de carbofurano e terbuf\u00f3s \u2013 subst\u00e2ncias muito usadas na produ\u00e7\u00e3o desses raticidas ingeridos at\u00e9 por humanos, em desesperado ato suicida \u2013 foram encontrados em amostras analisadas no Programa de An\u00e1lise de Res\u00edduos [&hellip;]<\/p>\n","protected":false},"author":2,"featured_media":8065,"comment_status":"","ping_status":"","sticky":false,"template":"","format":"standard","meta":{"footnotes":""},"categories":[3],"tags":[],"class_list":["post-8066","post","type-post","status-publish","format-standard","has-post-thumbnail","hentry","category-noticias"],"_links":{"self":[{"href":"https:\/\/hostnetart.com.br\/baixada\/wp-json\/wp\/v2\/posts\/8066","targetHints":{"allow":["GET"]}}],"collection":[{"href":"https:\/\/hostnetart.com.br\/baixada\/wp-json\/wp\/v2\/posts"}],"about":[{"href":"https:\/\/hostnetart.com.br\/baixada\/wp-json\/wp\/v2\/types\/post"}],"author":[{"embeddable":true,"href":"https:\/\/hostnetart.com.br\/baixada\/wp-json\/wp\/v2\/users\/2"}],"replies":[{"embeddable":true,"href":"https:\/\/hostnetart.com.br\/baixada\/wp-json\/wp\/v2\/comments?post=8066"}],"version-history":[{"count":0,"href":"https:\/\/hostnetart.com.br\/baixada\/wp-json\/wp\/v2\/posts\/8066\/revisions"}],"wp:featuredmedia":[{"embeddable":true,"href":"https:\/\/hostnetart.com.br\/baixada\/wp-json\/wp\/v2\/media\/8065"}],"wp:attachment":[{"href":"https:\/\/hostnetart.com.br\/baixada\/wp-json\/wp\/v2\/media?parent=8066"}],"wp:term":[{"taxonomy":"category","embeddable":true,"href":"https:\/\/hostnetart.com.br\/baixada\/wp-json\/wp\/v2\/categories?post=8066"},{"taxonomy":"post_tag","embeddable":true,"href":"https:\/\/hostnetart.com.br\/baixada\/wp-json\/wp\/v2\/tags?post=8066"}],"curies":[{"name":"wp","href":"https:\/\/api.w.org\/{rel}","templated":true}]}}