{"id":8062,"date":"2019-12-11T23:13:08","date_gmt":"2019-12-12T02:13:08","guid":{"rendered":"https:\/\/hostnetart.com.br\/baixada\/nova-reducao-de-juros-sindicalistas-veem-conservadorismo-empresarios-elogiam\/"},"modified":"2019-12-11T23:13:08","modified_gmt":"2019-12-12T02:13:08","slug":"nova-reducao-de-juros-sindicalistas-veem-conservadorismo-empresarios-elogiam","status":"publish","type":"post","link":"https:\/\/hostnetart.com.br\/baixada\/nova-reducao-de-juros-sindicalistas-veem-conservadorismo-empresarios-elogiam\/","title":{"rendered":"Nova redu\u00e7\u00e3o de juros: sindicalistas veem conservadorismo, empres\u00e1rios elogiam"},"content":{"rendered":"<p>Em outra decis\u00e3o esperada, o Comit\u00ea de Pol\u00edtica Monet\u00e1ria (Copom) do Banco Central (BC) reduziu a taxa b\u00e1sica de juros (Selic) em meio ponto percentual, para 4,5% ao ano. A decis\u00e3o foi un\u00e2nime, ao encerramento dos dois dias de reuni\u00e3o, a \u00faltima de 2019, no in\u00edcio da noite desta quarta-feira (11). Foi o quarto corte seguido. A pr\u00f3xima reuni\u00e3o ser\u00e1 em 4 e 5 de fevereiro.<\/p>\n<p>Segundo informe divulgado logo depois do encontro, \u201co processo de recupera\u00e7\u00e3o da economia brasileira ganhou tra\u00e7\u00e3o\u201d, e o Copom avalia que essa retomada seguir\u00e1 em ritmo gradual.\u00a0 O colegiado v\u00ea ainda no cen\u00e1rio externo \u201cambiente relativamente favor\u00e1vel para economias emergentes\u201d e infla\u00e7\u00e3o \u201cem n\u00edveis confort\u00e1veis\u201d.<\/p>\n<p>A For\u00e7a Sindical divulgou nota em que considera a decis\u00e3o t\u00edmida e insuficiente para impulsionar a \u201cdebilitada\u201d economia brasileira. \u201cO governo, com seu velho e costumeiro conservadorismo, segue <a href=\"https:\/\/www.redebrasilatual.com.br\/destaques\/2019\/10\/centrais-e-cni-para-enfrentar-desafios-da-industria-sera-preciso-contrariar-o-governo-bolsonaro\/\" target=\"_blank\" rel=\"noopener noreferrer\">mantendo a economia estrangulada<\/a>, inibindo os <a href=\"https:\/\/www.redebrasilatual.com.br\/destaques\/2019\/12\/bolsonaro-se-sustenta-no-voo-de-galinha-da-economia-e-na-ideologia-diz-cientista-politica\/\" target=\"_blank\" rel=\"noopener noreferrer\">investimentos<\/a> no setor produtivo, que <a href=\"https:\/\/www.redebrasilatual.com.br\/blogs\/blog-na-rede\/2019\/11\/desemprego-subocupacao-precarizacao-bolsonaro\/\" target=\"_blank\" rel=\"noopener noreferrer\">gera emprego e renda<\/a>, e impedindo a gera\u00e7\u00e3o de novos postos de trabalho formais, cuja falta vem penalizando milh\u00f5es de fam\u00edlias brasileiras\u201d, afirma o presidente da entidade, Miguel Torres.<\/p>\n<p>J\u00e1 o presidente da Confedera\u00e7\u00e3o Nacional da Ind\u00fastria (CNI), Robson Braga de Andrade, que hoje (11) fez <a href=\"https:\/\/www.redebrasilatual.com.br\/economia\/2019\/12\/bons-servicos-prestados-cni-dara-medalha-de-merito-industrial-para-bolsonaro\/\" target=\"_blank\" rel=\"noopener noreferrer\">homenagem a Jair Bolsonaro<\/a>, considerou a decis\u00e3o acertada. \u201cEssa medida reduz o custo da d\u00edvida p\u00fablica, mant\u00e9m o Brasil no caminho de uma taxa compat\u00edvel com as pr\u00e1ticas internacionais e tem potencial para afetar toda a estrutura de juros no sistema financeiro nacional\u201d, afirmou. \u201c\u00c9 necess\u00e1rio avan\u00e7ar com mais celeridade na microeconomia das taxas de juros para promover a redu\u00e7\u00e3o dos\u00a0<em>spreads<\/em>\u00a0e do custo de capital para as empresas.\u201d<\/p>\n<p><strong>Fonte: Rede Brasil Atual<\/strong><\/p>\n","protected":false},"excerpt":{"rendered":"<p>Em outra decis\u00e3o esperada, o Comit\u00ea de Pol\u00edtica Monet\u00e1ria (Copom) do Banco Central (BC) reduziu a taxa b\u00e1sica de juros (Selic) em meio ponto percentual, para 4,5% ao ano. A decis\u00e3o foi un\u00e2nime, ao encerramento dos dois dias de reuni\u00e3o, a \u00faltima de 2019, no in\u00edcio da noite desta quarta-feira (11). Foi o quarto corte [&hellip;]<\/p>\n","protected":false},"author":2,"featured_media":8061,"comment_status":"","ping_status":"","sticky":false,"template":"","format":"standard","meta":{"footnotes":""},"categories":[3],"tags":[],"class_list":["post-8062","post","type-post","status-publish","format-standard","has-post-thumbnail","hentry","category-noticias"],"_links":{"self":[{"href":"https:\/\/hostnetart.com.br\/baixada\/wp-json\/wp\/v2\/posts\/8062","targetHints":{"allow":["GET"]}}],"collection":[{"href":"https:\/\/hostnetart.com.br\/baixada\/wp-json\/wp\/v2\/posts"}],"about":[{"href":"https:\/\/hostnetart.com.br\/baixada\/wp-json\/wp\/v2\/types\/post"}],"author":[{"embeddable":true,"href":"https:\/\/hostnetart.com.br\/baixada\/wp-json\/wp\/v2\/users\/2"}],"replies":[{"embeddable":true,"href":"https:\/\/hostnetart.com.br\/baixada\/wp-json\/wp\/v2\/comments?post=8062"}],"version-history":[{"count":0,"href":"https:\/\/hostnetart.com.br\/baixada\/wp-json\/wp\/v2\/posts\/8062\/revisions"}],"wp:featuredmedia":[{"embeddable":true,"href":"https:\/\/hostnetart.com.br\/baixada\/wp-json\/wp\/v2\/media\/8061"}],"wp:attachment":[{"href":"https:\/\/hostnetart.com.br\/baixada\/wp-json\/wp\/v2\/media?parent=8062"}],"wp:term":[{"taxonomy":"category","embeddable":true,"href":"https:\/\/hostnetart.com.br\/baixada\/wp-json\/wp\/v2\/categories?post=8062"},{"taxonomy":"post_tag","embeddable":true,"href":"https:\/\/hostnetart.com.br\/baixada\/wp-json\/wp\/v2\/tags?post=8062"}],"curies":[{"name":"wp","href":"https:\/\/api.w.org\/{rel}","templated":true}]}}