{"id":8054,"date":"2019-12-11T17:41:58","date_gmt":"2019-12-11T20:41:58","guid":{"rendered":"https:\/\/hostnetart.com.br\/baixada\/gt-de-saude-do-itau-conquista-avancos\/"},"modified":"2019-12-11T17:41:58","modified_gmt":"2019-12-11T20:41:58","slug":"gt-de-saude-do-itau-conquista-avancos","status":"publish","type":"post","link":"https:\/\/hostnetart.com.br\/baixada\/gt-de-saude-do-itau-conquista-avancos\/","title":{"rendered":"GT de Sa\u00fade do Ita\u00fa conquista avan\u00e7os"},"content":{"rendered":"<p>O Grupo de Trabalho (GT) de Sa\u00fade do Ita\u00fa conquistou o parcelamento do adiantamento de sal\u00e1rio aos trabalhadores afastados. A proposta do banco, apresentada em reuni\u00e3o realizada na manh\u00e3 desta quarta-feira (11), em S\u00e3o Paulo, varia de 3 a 12 vezes dependendo da quantidade de sal\u00e1rios envolvidos na d\u00edvida do trabalhador. Caso o valor n\u00e3o seja quitado na folha, poder\u00e1 ser descontado de at\u00e9 50% do pagamento da Participa\u00e7\u00e3o nos Lucros e Resultados (PLR). Anteriormente, o banco descontava toda a PLR.<\/p>\n<p>\u201cEste avan\u00e7o \u00e9 importante porque o trabalhador, ao se afastar, mant\u00e9m seus compromissos financeiros, que somados com os gastos do tratamento, os deixa sem condi\u00e7\u00f5es de quitar esta d\u00edvida de uma vez s\u00f3. No retorno, al\u00e9m de lidar com o sofrimento causado pela doen\u00e7a e com a dificuldade da readapta\u00e7\u00e3o, muitas vezes recebia os primeiros contracheques zerados\u201d, Luciana Duarte, coordenadora do GT de Sa\u00fade.<\/p>\n<p>Outro avan\u00e7o conquistado foi que os atestados at\u00e9 quatro dias de afastamento poder\u00e3o brevemente ser enviados diretos para a \u00e1rea de licen\u00e7as pelo IU Conecta, que \u00e9 o aplicativo dos funcion\u00e1rios do banco.<\/p>\n<p>O movimento sindical reivindica a amplia\u00e7\u00e3o deste servi\u00e7o para afastamentos de 15 dias ou mais, para facilitar a vida do trabalhador.<\/p>\n<p>\u201cPelo que o banco investe em tecnologia, segundo suas pr\u00f3prias propagandas, deveria pensar numa ferramenta para facilitar a maneira de o trabalhador apresentar seus atestados m\u00e9dicos, de uma forma mais r\u00e1pida e pr\u00e1tica, pois muitas vezes ele n\u00e3o consegue levar at\u00e9 o local de trabalho. Muitas vezes tamb\u00e9m, o gestor, por conta da sobrecarga de trabalho, atrasa esse processo. A nossa reivindica\u00e7\u00e3o tamb\u00e9m \u00e9 a cria\u00e7\u00e3o de uma \u00e1rea espec\u00edfica para receber este tipo de documenta\u00e7\u00e3o e encaminhamento\u201d, disse Carlos Damarindo, membro do GT de Sa\u00fade.<\/p>\n<p>Os termos ser\u00e3o enviados pelo banco ao movimento sindical que far\u00e1 avalia\u00e7\u00e3o final antes da assinatura do acordo. Ser\u00e1 criado um grupo de trabalho bipartite para operacionaliza\u00e7\u00e3o.<\/p>\n<p><strong>Fonte: Contraf-CUT<\/strong><\/p>\n","protected":false},"excerpt":{"rendered":"<p>O Grupo de Trabalho (GT) de Sa\u00fade do Ita\u00fa conquistou o parcelamento do adiantamento de sal\u00e1rio aos trabalhadores afastados. A proposta do banco, apresentada em reuni\u00e3o realizada na manh\u00e3 desta quarta-feira (11), em S\u00e3o Paulo, varia de 3 a 12 vezes dependendo da quantidade de sal\u00e1rios envolvidos na d\u00edvida do trabalhador. Caso o valor n\u00e3o [&hellip;]<\/p>\n","protected":false},"author":2,"featured_media":8053,"comment_status":"","ping_status":"","sticky":false,"template":"","format":"standard","meta":{"footnotes":""},"categories":[3],"tags":[],"class_list":["post-8054","post","type-post","status-publish","format-standard","has-post-thumbnail","hentry","category-noticias"],"_links":{"self":[{"href":"https:\/\/hostnetart.com.br\/baixada\/wp-json\/wp\/v2\/posts\/8054","targetHints":{"allow":["GET"]}}],"collection":[{"href":"https:\/\/hostnetart.com.br\/baixada\/wp-json\/wp\/v2\/posts"}],"about":[{"href":"https:\/\/hostnetart.com.br\/baixada\/wp-json\/wp\/v2\/types\/post"}],"author":[{"embeddable":true,"href":"https:\/\/hostnetart.com.br\/baixada\/wp-json\/wp\/v2\/users\/2"}],"replies":[{"embeddable":true,"href":"https:\/\/hostnetart.com.br\/baixada\/wp-json\/wp\/v2\/comments?post=8054"}],"version-history":[{"count":0,"href":"https:\/\/hostnetart.com.br\/baixada\/wp-json\/wp\/v2\/posts\/8054\/revisions"}],"wp:featuredmedia":[{"embeddable":true,"href":"https:\/\/hostnetart.com.br\/baixada\/wp-json\/wp\/v2\/media\/8053"}],"wp:attachment":[{"href":"https:\/\/hostnetart.com.br\/baixada\/wp-json\/wp\/v2\/media?parent=8054"}],"wp:term":[{"taxonomy":"category","embeddable":true,"href":"https:\/\/hostnetart.com.br\/baixada\/wp-json\/wp\/v2\/categories?post=8054"},{"taxonomy":"post_tag","embeddable":true,"href":"https:\/\/hostnetart.com.br\/baixada\/wp-json\/wp\/v2\/tags?post=8054"}],"curies":[{"name":"wp","href":"https:\/\/api.w.org\/{rel}","templated":true}]}}