{"id":8052,"date":"2019-12-11T17:41:07","date_gmt":"2019-12-11T20:41:07","guid":{"rendered":"https:\/\/hostnetart.com.br\/baixada\/comando-nacional-garante-a-manutencao-dos-direitos-da-categoria\/"},"modified":"2019-12-11T17:41:07","modified_gmt":"2019-12-11T20:41:07","slug":"comando-nacional-garante-a-manutencao-dos-direitos-da-categoria","status":"publish","type":"post","link":"https:\/\/hostnetart.com.br\/baixada\/comando-nacional-garante-a-manutencao-dos-direitos-da-categoria\/","title":{"rendered":"Comando Nacional garante a manuten\u00e7\u00e3o dos direitos da categoria"},"content":{"rendered":"<p>Na reuni\u00e3o realizada nesta ter\u00e7a-feira (10) com a Federa\u00e7\u00e3o Nacional dos Bancos (Fenaban), o Comando Nacional dos Banc\u00e1rios garantiu a manuten\u00e7\u00e3o de todos os diretos firmados na\u00a0<a href=\"https:\/\/contrafcut.com.br\/wp-content\/uploads\/anexos\/convenios\/2b2f727bc33ea8bfb0c4ea349ed3bbea\/file\/cct-geral.PDF\" target=\"_blank\" rel=\"noopener noreferrer\">Conven\u00e7\u00e3o Coletiva de Trabalho (CCT)<\/a>\u00a0da categoria. Uma cl\u00e1usula do aditivo assinado estabelece que nenhuma altera\u00e7\u00e3o legislativa modificar\u00e1 os termos estabelecidos na CCT para evitar surpresas negativas no futuro.<\/p>\n<p>\u201cEsse aditivo \u00e9 um avan\u00e7o. Ele resgatou o que estava estabelecido no artigo 224 da CLT. Na Conven\u00e7\u00e3o coletiva n\u00e3o estava expresso que a jornada deve ser de seis horas de segunda a sexta-feira e o s\u00e1bado \u00e9 dia \u00fatil n\u00e3o trabalhado. O aditivo deixou isso expresso\u201d, afirmou a presidenta da Confedera\u00e7\u00e3o Nacional dos Trabalhadores do Ramo Financeiro (Contraf-CUT), Juvandia Moreira, que \u00e9 uma das coordenadoras do Comando Nacional dos Banc\u00e1rios.<\/p>\n<p>\u201cA negocia\u00e7\u00e3o foi dif\u00edcil, mas conseguimos chegar \u00e0 reda\u00e7\u00e3o de um aditivo que n\u00e3o permite qualquer altera\u00e7\u00e3o \u00e0 nossa CCT e ainda melhora os ternos firmados em certos pontos, como a defini\u00e7\u00e3o expressa de que a jornada deve ser cumprida de segunda a sexta-feira\u201d, explicou a presidenta da Contraf-CUT.<\/p>\n<p>Pontos que seriam alterados pela\u00a0<a href=\"http:\/\/www.planalto.gov.br\/ccivil_03\/_Ato2019-2022\/2019\/Mpv\/mpv905.htm\" target=\"_blank\" rel=\"noopener noreferrer\">Medida Provis\u00f3ria (MP) 905\/2019<\/a>, como a jornada de seis horas, a n\u00e3o abertura das ag\u00eancias banc\u00e1rias aos s\u00e1bados e a negocia\u00e7\u00e3o da Participa\u00e7\u00e3o nos Lucros e\/ou Resultados pelos sindicatos foram mantidas conforme prev\u00ea a CCT da categoria.<\/p>\n<p>\u201cO aditivo que assinamos hoje contempla o que reivindicamos e neutraliza os efeitos da MP 905 sobre a categoria\u201d, observou a presidenta do Sindicato dos Banc\u00e1rios de S\u00e3o Paulo, Osasco e Regi\u00e3o, Ivone Silva, a outra coordenadora do Comando Nacional, completou.<\/p>\n<h3><strong>Estabilidade pr\u00e9-aposentadoria<\/strong><\/h3>\n<p>Outra conquista do Comando foi a garantia da estabilidade pr\u00e9-aposentadoria para quem j\u00e1 havia adquirido esse direito. \u201cJ\u00e1 temos o compromisso do Ita\u00fa e do Santander com este ponto e a comiss\u00e3o de negocia\u00e7\u00e3o dos bancos vai buscar a concord\u00e2ncia dos demais bancos\u201d, disse Juvandia.<\/p>\n<p>Com a aprova\u00e7\u00e3o da reforma da Previd\u00eancia e o consequente aumento da idade para a aquisi\u00e7\u00e3o do benef\u00edcio, alguns trabalhadores perderiam a estabilidade j\u00e1 garantida.<\/p>\n<p>A 27\u00aa cl\u00e1usula da Conven\u00e7\u00e3o Coletiva de Trabalho (CCT) dos banc\u00e1rios assegura, nas letras \u201cF\u201d e \u201cG\u201d, aos funcion\u00e1rios do sexo masculino que trabalharam 28 anos e \u00e0s funcion\u00e1rias do sexo feminino que trabalharam 23 anos no mesmo banco a estabilidade ao emprego nos dois anos imediatamente anteriores \u00e0 aposentadoria. H\u00e1 tamb\u00e9m a previs\u00e3o de estabilidade por um ano (mesma cl\u00e1usula 27 da CCT, letra \u201cE\u201d) \u00e0queles trabalhadores que tenham o m\u00ednimo de cinco anos de v\u00ednculo com o banco.<\/p>\n<p>O direito est\u00e1 garantido aos trabalhadores que se enquadram no artigo 17, da emenda Constitucional 103, de 12 de novembro de 2019, que diz:<\/p>\n<p>art. 17. Ao segurado filiado ao Regime Geral de Previd\u00eancia Social at\u00e9 a data de entrada em vigor desta Emenda Constitucional e que na referida data contar com mais de 28 (vinte e oito) anos de contribui\u00e7\u00e3o, se mulher, e 33 (trinta e tr\u00eas) anos de contribui\u00e7\u00e3o, se homem, fica assegurado o direito \u00e0 aposentadoria quando preencher, cumulativamente, os seguintes requisitos:<\/p>\n<p>I \u2013 30 (trinta) anos de contribui\u00e7\u00e3o, se mulher, e 35 (trinta e cinco) anos de contribui\u00e7\u00e3o, se homem; e<\/p>\n<p>II \u2013 cumprimento de per\u00edodo adicional correspondente a 50% (cinquenta por cento) do tempo que, na data de entrada em vigor desta Emenda Constitucional, faltaria para atingir 30 (trinta) anos de contribui\u00e7\u00e3o, se mulher, e 35 (trinta e cinco) anos de contribui\u00e7\u00e3o, se homem.<\/p>\n<h3><strong>Luta pela derrubada da MP 905<\/strong><\/h3>\n<p>Mesmo com a manuten\u00e7\u00e3o dos direitos da categoria, o Comando Nacional dos Banc\u00e1rios orienta que os banc\u00e1rios de todo pa\u00eds mantenham a mobiliza\u00e7\u00e3o e dialoguem com os deputados e senadores de seus estados explicando porque a MP 905\/2019 n\u00e3o deve ser aprovada.<\/p>\n<p>\u201cNegociamos aqui as quest\u00f5es que afetavam diretamente a categoria, mas vamos manter nossa luta para derrubar a MP 905. N\u00e3o podemos admitir que as pessoas que perdem seus empregos tenham seu seguro desemprego taxado para que o governo conceda benef\u00edcios \u00e0s empresas\u201d, disse Juvandia. \u201cEsta medida provis\u00f3ria \u00e9 uma nova reforma trabalhista. Extingue a regulamenta\u00e7\u00e3o de diversas profiss\u00f5es, reduz direitos e a remunera\u00e7\u00e3o dos mais jovens e possibilita o achatamento de sal\u00e1rios dos mais experientes. Todas estas quest\u00f5es afetam todos os trabalhadores, inclusive os banc\u00e1rios\u201d, concluiu a presidenta da Contraf-CUT.<\/p>\n<p><strong>Fonte: Contraf-CUT<\/strong><\/p>\n","protected":false},"excerpt":{"rendered":"<p>Na reuni\u00e3o realizada nesta ter\u00e7a-feira (10) com a Federa\u00e7\u00e3o Nacional dos Bancos (Fenaban), o Comando Nacional dos Banc\u00e1rios garantiu a manuten\u00e7\u00e3o de todos os diretos firmados na\u00a0Conven\u00e7\u00e3o Coletiva de Trabalho (CCT)\u00a0da categoria. Uma cl\u00e1usula do aditivo assinado estabelece que nenhuma altera\u00e7\u00e3o legislativa modificar\u00e1 os termos estabelecidos na CCT para evitar surpresas negativas no futuro. \u201cEsse [&hellip;]<\/p>\n","protected":false},"author":2,"featured_media":8051,"comment_status":"","ping_status":"","sticky":false,"template":"","format":"standard","meta":{"footnotes":""},"categories":[3],"tags":[],"class_list":["post-8052","post","type-post","status-publish","format-standard","has-post-thumbnail","hentry","category-noticias"],"_links":{"self":[{"href":"https:\/\/hostnetart.com.br\/baixada\/wp-json\/wp\/v2\/posts\/8052","targetHints":{"allow":["GET"]}}],"collection":[{"href":"https:\/\/hostnetart.com.br\/baixada\/wp-json\/wp\/v2\/posts"}],"about":[{"href":"https:\/\/hostnetart.com.br\/baixada\/wp-json\/wp\/v2\/types\/post"}],"author":[{"embeddable":true,"href":"https:\/\/hostnetart.com.br\/baixada\/wp-json\/wp\/v2\/users\/2"}],"replies":[{"embeddable":true,"href":"https:\/\/hostnetart.com.br\/baixada\/wp-json\/wp\/v2\/comments?post=8052"}],"version-history":[{"count":0,"href":"https:\/\/hostnetart.com.br\/baixada\/wp-json\/wp\/v2\/posts\/8052\/revisions"}],"wp:featuredmedia":[{"embeddable":true,"href":"https:\/\/hostnetart.com.br\/baixada\/wp-json\/wp\/v2\/media\/8051"}],"wp:attachment":[{"href":"https:\/\/hostnetart.com.br\/baixada\/wp-json\/wp\/v2\/media?parent=8052"}],"wp:term":[{"taxonomy":"category","embeddable":true,"href":"https:\/\/hostnetart.com.br\/baixada\/wp-json\/wp\/v2\/categories?post=8052"},{"taxonomy":"post_tag","embeddable":true,"href":"https:\/\/hostnetart.com.br\/baixada\/wp-json\/wp\/v2\/tags?post=8052"}],"curies":[{"name":"wp","href":"https:\/\/api.w.org\/{rel}","templated":true}]}}