{"id":8050,"date":"2019-12-11T17:40:24","date_gmt":"2019-12-11T20:40:24","guid":{"rendered":"https:\/\/hostnetart.com.br\/baixada\/saude-caixa-conselho-de-usuarios-se-reune-nesta-quinta-12\/"},"modified":"2019-12-11T17:40:24","modified_gmt":"2019-12-11T20:40:24","slug":"saude-caixa-conselho-de-usuarios-se-reune-nesta-quinta-12","status":"publish","type":"post","link":"https:\/\/hostnetart.com.br\/baixada\/saude-caixa-conselho-de-usuarios-se-reune-nesta-quinta-12\/","title":{"rendered":"Sa\u00fade Caixa: Conselho de Usu\u00e1rios se re\u00fane nesta quinta (12)"},"content":{"rendered":"<p>O Conselho de Usu\u00e1rios do Sa\u00fade Caixa se re\u00fane, nesta quinta-feira (12), em Bras\u00edlia. Criado em 2004, o Conselho de Usu\u00e1rios do Sa\u00fade Caixa \u00e9 uma conquista da nossa luta e um instrumento essencial para o acompanhamento da gest\u00e3o financeira e administrativa do plano de sa\u00fade por parte dos empregados da Caixa. Suas reuni\u00f5es, de acordo com norma prevista em estatuto, s\u00e3o realizadas a cada tr\u00eas meses.<\/p>\n<p>A primeira surpresa para esta reuni\u00e3o foi a Caixa tentar reduzir o tempo de dura\u00e7\u00e3o. O padr\u00e3o sempre foram reuni\u00f5es de pelo menos 6 horas, dado toda a complexidade dos assuntos. Nesta vez, a Ger\u00eancia Nacional de Plano de Sa\u00fade (GESAP) tentou diminuir para 4 horas, o que foi recha\u00e7ado pelos conselheiros. Gra\u00e7as a press\u00e3o, foi mantida o tempo de reuni\u00e3o, que ocorrer\u00e1 das 10h \u00e0s 17h.<\/p>\n<p>\u201cAl\u00e9m de todos os problemas ocasionados por normas governamentais, criadas por uma pol\u00edtica claramente contra a pauta do trabalhador, ainda surgem situa\u00e7\u00f5es que desgastam os f\u00f3runs j\u00e1 institu\u00eddos para discutirmos a situa\u00e7\u00e3o do nosso plano de sa\u00fade. Ora, os conselheiros saem de todo canto do territ\u00f3rio para, seriamente, discutirem os interesses dos usu\u00e1rios, sabem da necessidade do resultado positivo destas reuni\u00f5es e ficam surpresos com a falta de import\u00e2ncia dada pela Caixa ao trabalho realizado nesta inst\u00e2ncia. Com v\u00e1rias respostas pendentes de reuni\u00f5es passadas, como a publica\u00e7\u00e3o das altera\u00e7\u00f5es do Rh 221, a Caixa dificulta o trabalho do Conselho, quatro horas n\u00e3o seriam suficientes para o debate\u201d, afirma Coordenadora do Conselho de Usu\u00e1rios, Zuleida Martins Rosa.<\/p>\n<p>\u201cTanto o Conselho dos Usu\u00e1rios, como o GT Sa\u00fade Caixa t\u00eam papel importante, n\u00e3o s\u00f3 na manuten\u00e7\u00e3o e constru\u00e7\u00e3o do nosso plano de sa\u00fade, mas levam importantes contribui\u00e7\u00f5es para que a CEE\/Caixa efetivamente negociei com o banco, o Sa\u00fade Caixa. Temos que valorizar esses espa\u00e7os de debates e atrav\u00e9s deles pautar a empresa. Sa\u00fade Caixa \u00e9 uma conquista dos empregados da Caixa e n\u00e3o s\u00f3 temos que lutar para mant\u00ea-lo conforme os princ\u00edpios nos quais ele foi constru\u00eddo, mas tamb\u00e9m avan\u00e7armos para que os empregados admitidos ap\u00f3s 31 de agosto de 18 tamb\u00e9m tenham esse direito. Isso \u00e9 importante n\u00e3o s\u00f3 para isonomia, mas para pr\u00f3pria sustentabilidade do plano de assist\u00eancia \u00e0 sa\u00fade. Estaremos acompanhando os desdobramentos da reuni\u00e3o do Conselho de Usu\u00e1rios desta semana bem como a reuni\u00e3o do GT Sa\u00fade Caixa, previsto para a pr\u00f3xima semana\u201d ressaltou Fabiana Uehara Proschodlt, secret\u00e1ria da Cultura e representante da Confedera\u00e7\u00e3o Nacional dos Trabalhadores do Ramo Financeiro (Contraf-CUT) nas negocia\u00e7\u00f5es com o banco.<\/p>\n<h3>Pontos que compor\u00e3o a pauta da 12\u00aa Reuni\u00e3o do Conselho de Usu\u00e1rios do Sa\u00fade Caixa s\u00e3o:<\/h3>\n<ul>\n<li>1. Apresenta\u00e7\u00e3o do Relat\u00f3rio atuarial 2019\/2020.<\/li>\n<li>2. Data para divulga\u00e7\u00e3o das altera\u00e7\u00f5es do RH221<\/li>\n<li>3. Esclarecimento sobre o motivo da n\u00e3o cobran\u00e7a dos valores do Sa\u00fade Caixa, na folha de pagamento do m\u00eas de novembro.\u00a0<\/li>\n<li>4. Origem dos dados utilizados para formar o saldo negativo de 2004 (das tabelas apresentadas nas palestras e lives por essa Gesap): esses n\u00fameros est\u00e3o acrescidos do benef\u00edcio de custeio assistencial do Sa\u00fade Caixa?<\/li>\n<li>5. Apresenta\u00e7\u00e3o de iniciativas\/solu\u00e7\u00f5es para melhorar o credenciamento de profissionais em \u00e1reas populosas\/grandes cidades para atendimento normal e de PCMSO. Em alguns casos, os empregados de determinadas ag\u00eancias est\u00e3o se deslocando dezenas de quil\u00f4metros, at\u00e9 a cidade vizinha, para realizar o peri\u00f3dico.<\/li>\n<li>6. O t\u00e9rmino do conv\u00eanio do INSS e a Funcef e o fim do pagamento dos proventos dos aposentados e pensionistas e seu impacto nas cobran\u00e7as do Sa\u00fade Caixa.<\/li>\n<li>7. Sistema SIAGS que desde a sua implementa\u00e7\u00e3o apresenta in\u00fameras defici\u00eancias. Bem como esclarecimentos sobre o grupo multidisciplinar que foi criado em abril para tratar dessas fragilidades.<\/li>\n<\/ul>\n<p><strong>Fonte: Contraf-CUT<\/strong><\/p>\n","protected":false},"excerpt":{"rendered":"<p>O Conselho de Usu\u00e1rios do Sa\u00fade Caixa se re\u00fane, nesta quinta-feira (12), em Bras\u00edlia. Criado em 2004, o Conselho de Usu\u00e1rios do Sa\u00fade Caixa \u00e9 uma conquista da nossa luta e um instrumento essencial para o acompanhamento da gest\u00e3o financeira e administrativa do plano de sa\u00fade por parte dos empregados da Caixa. Suas reuni\u00f5es, de [&hellip;]<\/p>\n","protected":false},"author":2,"featured_media":8049,"comment_status":"","ping_status":"","sticky":false,"template":"","format":"standard","meta":{"footnotes":""},"categories":[3],"tags":[],"class_list":["post-8050","post","type-post","status-publish","format-standard","has-post-thumbnail","hentry","category-noticias"],"_links":{"self":[{"href":"https:\/\/hostnetart.com.br\/baixada\/wp-json\/wp\/v2\/posts\/8050","targetHints":{"allow":["GET"]}}],"collection":[{"href":"https:\/\/hostnetart.com.br\/baixada\/wp-json\/wp\/v2\/posts"}],"about":[{"href":"https:\/\/hostnetart.com.br\/baixada\/wp-json\/wp\/v2\/types\/post"}],"author":[{"embeddable":true,"href":"https:\/\/hostnetart.com.br\/baixada\/wp-json\/wp\/v2\/users\/2"}],"replies":[{"embeddable":true,"href":"https:\/\/hostnetart.com.br\/baixada\/wp-json\/wp\/v2\/comments?post=8050"}],"version-history":[{"count":0,"href":"https:\/\/hostnetart.com.br\/baixada\/wp-json\/wp\/v2\/posts\/8050\/revisions"}],"wp:featuredmedia":[{"embeddable":true,"href":"https:\/\/hostnetart.com.br\/baixada\/wp-json\/wp\/v2\/media\/8049"}],"wp:attachment":[{"href":"https:\/\/hostnetart.com.br\/baixada\/wp-json\/wp\/v2\/media?parent=8050"}],"wp:term":[{"taxonomy":"category","embeddable":true,"href":"https:\/\/hostnetart.com.br\/baixada\/wp-json\/wp\/v2\/categories?post=8050"},{"taxonomy":"post_tag","embeddable":true,"href":"https:\/\/hostnetart.com.br\/baixada\/wp-json\/wp\/v2\/tags?post=8050"}],"curies":[{"name":"wp","href":"https:\/\/api.w.org\/{rel}","templated":true}]}}