{"id":8048,"date":"2019-12-10T18:40:52","date_gmt":"2019-12-10T21:40:52","guid":{"rendered":"https:\/\/hostnetart.com.br\/baixada\/alberto-fernandez-toma-posse-como-presidente-eleito-da-argentina\/"},"modified":"2019-12-10T18:40:52","modified_gmt":"2019-12-10T21:40:52","slug":"alberto-fernandez-toma-posse-como-presidente-eleito-da-argentina","status":"publish","type":"post","link":"https:\/\/hostnetart.com.br\/baixada\/alberto-fernandez-toma-posse-como-presidente-eleito-da-argentina\/","title":{"rendered":"Alberto Fern\u00e1ndez toma posse como presidente eleito da Argentina"},"content":{"rendered":"<p>O novo presidente argentino, Alberto Fern\u00e1ndez,\u00a0<a href=\"https:\/\/www.redebrasilatual.com.br\/mundo\/2019\/12\/em-novo-recuo-bolsonaro-manda-mourao-representar-o-brasil-na-posse-do-novo-presidente-da-argentina\/\" target=\"_blank\" rel=\"noopener noreferrer\">tomou posse<\/a>\u00a0nesta ter\u00e7a-feira (10), em cerim\u00f4nia realizada no Congresso Nacional, em Buenos Aires, capital do pa\u00eds. Ele recebeu a faixa e o cetro presidenciais que estavam em posse\u00a0 do ex-presidente Maur\u00edcio Macri. Em seu discurso, Fern\u00e1ndez convocou a todos os argentinos a firmarem um novo contrato social, \u201cfraterno e solid\u00e1rio\u201d. Do lado de fora, milhares de pessoas acompanharam a cerim\u00f4nia, que teve a presen\u00e7a de um\u00a0<a href=\"https:\/\/www.redebrasilatual.com.br\/politica\/2019\/07\/para-peronista-alberto-fernandez-prisao-de-lula-e-simbolica-para-toda-a-america-do-sul\/\" target=\"_blank\" rel=\"noopener noreferrer\">Lula Gigante<\/a>, em refer\u00eancia ao ex-presidente brasileiro.<\/p>\n<p>\u201cFraterno, porque chegou a hora de abra\u00e7ar ao diferente; e solid\u00e1rio, porque nesta emerg\u00eancia social \u00e9 tempo de come\u00e7ar pelos \u00faltimos para depois chegar a todos. Esse \u00e9 o espirito do tempo que inauguramos\u201d, afirmou Fernandez, que prometeu recuperar o equil\u00edbrio social, econ\u00f4mico e produtivo na Argentina, abalada por forte crise econ\u00f4mica dos \u00faltimos anos, agravada pelas medidas neoliberais adotadas por Macri.\u00a0O novo presidente afirmou que o pa\u00eds tem \u201cprofundas feridas\u201d que necessitar\u00e3o de \u201ctempo, sossego e, sobretudo, humanidade\u201d, para serem superadas.<\/p>\n<p>Ele lembrou que, para os argentinos, o\u00a010 de dezembro n\u00e3o \u00e9 \u201cum dia qualquer\u201d, em alus\u00e3o \u00e0 posse de Ra\u00fal Alfons\u00edn, em 1983, que \u201csepultou a mais cruel das ditaduras que pudemos suportar\u201d, e tamb\u00e9m homenageou o ex-presidente N\u00e9stor Kirchner, que foi marido da sua vice, a tamb\u00e9m ex-presidenta Cristina Kirchner. \u201cN\u00e3o contem comigo para transitar o caminho do desencontro. Quero ser o presidente capaz de descobrir a melhor faceta de quem pensa diferente de mim. Toda verdade \u00e9 relativa. Talvez, com a soma das confronta\u00e7\u00f5es dessas verdades relativas, possamos alcan\u00e7ar uma verdade superadora\u2019, como disse acertadamente N\u00e9stor Kirchner\u201d, afirmou Fern\u00e1ndez.<\/p>\n<h3>Comida e trabalho<\/h3>\n<p>O novo presidente destacou como uma das prioridades do seu governo o\u00a0<a href=\"https:\/\/www.redebrasilatual.com.br\/mundo\/2019\/10\/candidato-a-presidencia-na-argentina-lanca-plano-de-combate-a-fome-inspirado-em-programa-de-lula\/\" target=\"_blank\" rel=\"noopener noreferrer\">combate \u00e0 fome<\/a>. \u201cMais de 15 milh\u00f5es de pessoas sofrem de inseguran\u00e7a alimentar em um pa\u00eds que \u00e9 um dos maiores produtores de alimentos do mundo. Necessitamos que toda a Argentina unida coloque um freio a essa cat\u00e1strofe social. Uma em cada duas crian\u00e7as s\u00e3o pobres em nosso pa\u00eds. Sem p\u00e3o, n\u00e3o h\u00e1 presente nem futuro. Sem p\u00e3o, a vida apenas padece. Sem p\u00e3o, n\u00e3o h\u00e1 democracia nem liberdade.\u201d<\/p>\n<p>Outra prioridade, segundo Fern\u00e1ndez, ser\u00e1 o combate ao desemprego, com a cria\u00e7\u00e3o de ocupa\u00e7\u00f5es formais, prometendo a\u00e7\u00f5es para que os benefici\u00e1rios de programas sociais se insiram no mundo do trabalho. \u201cHoje o desemprego afeta quase 30% dos jovens e, em taxas ainda mais elevadas, as mulheres jovens. A ideia de um novo contrato de cidadania social sup\u00f5e unir vontades e articular o Estado com as for\u00e7as pol\u00edticas, os setores produtivos, as confedera\u00e7\u00f5es de trabalhadores e os movimentos sociais, que incluem o feminismo, a juventude e o ambientalismo\u201d.<\/p>\n<p>Fern\u00e1ndez tamb\u00e9m prop\u00f4s investir no desenvolvimento cient\u00edfico, e atribuiu a atual situa\u00e7\u00e3o geral do pa\u00eds a aplica\u00e7\u00e3o de \u201cmuitas m\u00e1s pol\u00edticas econ\u00f4micas\u201d, em refer\u00eancia velada ao antecessor. Ele tamb\u00e9m destacou que n\u00e3o \u00e9 poss\u00edvel sustentar o pagamento da d\u00edvida com o FMI se o pa\u00eds n\u00e3o cresce, e prometeu um \u201ccalend\u00e1rio pr\u00f3prio\u201d para o pagamento do empr\u00e9stimos, sem um cronograma \u201cditado de fora\u201d.<\/p>\n<h3>Sa\u00fade, Justi\u00e7a e Meio Ambiente<\/h3>\n<p>O presidente anunciou a recria\u00e7\u00e3o do Minist\u00e9rio da Sa\u00fade, reduzido a status de secretaria no governo Macri, \u201cpara que as crian\u00e7as sejam vacinadas na idade certa e para que os rem\u00e9dios cheguem idosos mais pobres\u201d. Fern\u00e1ndez tamb\u00e9m ressaltou que n\u00e3o h\u00e1 Rep\u00fablica nem democracia sem uma justi\u00e7a independente e denunciou a \u201cdeteriora\u00e7\u00e3o\u201d do Poder Judici\u00e1rio nos \u00faltimos anos. \u201cTemos visto persegui\u00e7\u00f5es indevidas, deten\u00e7\u00f5es arbitr\u00e1rias, induzidas por quem governava e silenciada por certas complac\u00eancias midi\u00e1ticas. Nunca mais uma Justi\u00e7a contaminada por servi\u00e7os de intelig\u00eancia, por operadores e linchamentos midi\u00e1ticos.\u201d<\/p>\n<p>Ele tamb\u00e9m destacou a influ\u00eancia do Papa Francisco em sua agenda de prote\u00e7\u00e3o ambiental, reafirmando as condi\u00e7\u00f5es do Acordo de Paris para promover o desenvolvimento sustent\u00e1vel, porque \u201cos desprotegidos s\u00e3o os que mais sofrem os efeitos das mudan\u00e7as clim\u00e1ticas.<\/p>\n<p>Ao final, Fern\u00e1ndez agradeceu \u00e0 \u201cgenerosidade e vis\u00e3o estrat\u00e9gica\u201d de Cristina, que optou abrir m\u00e3o de uma eventual candidatura para apoi\u00e1-lo, e disse como espera ser lembrado, ao final do seu mandato, em 2023, quando esse \u00faltimo per\u00edodo democr\u00e1tico completar\u00e1 40 anos na Argentina: \u201cQuero que sejamos lembrados por termos sido capazes de superar a ferida da fome na Argentina. Tomara que deixemos como heran\u00e7a haver reconstru\u00eddo a nossa casa comum com um grande projeto nacional, do qual todos n\u00f3s sintamos orgulho. Quero ser o presidente que escuta, do di\u00e1logo, do encontro. E quero convoc\u00e1-los, aos que sintam que me desviei, que saiam \u00e0s ruas para me lembrar do que estou fazendo.\u201d<\/p>\n<p><strong>Fonte: Rede Brasil Atual<\/strong><\/p>\n","protected":false},"excerpt":{"rendered":"<p>O novo presidente argentino, Alberto Fern\u00e1ndez,\u00a0tomou posse\u00a0nesta ter\u00e7a-feira (10), em cerim\u00f4nia realizada no Congresso Nacional, em Buenos Aires, capital do pa\u00eds. Ele recebeu a faixa e o cetro presidenciais que estavam em posse\u00a0 do ex-presidente Maur\u00edcio Macri. Em seu discurso, Fern\u00e1ndez convocou a todos os argentinos a firmarem um novo contrato social, \u201cfraterno e solid\u00e1rio\u201d. [&hellip;]<\/p>\n","protected":false},"author":2,"featured_media":8047,"comment_status":"","ping_status":"","sticky":false,"template":"","format":"standard","meta":{"footnotes":""},"categories":[3],"tags":[],"class_list":["post-8048","post","type-post","status-publish","format-standard","has-post-thumbnail","hentry","category-noticias"],"_links":{"self":[{"href":"https:\/\/hostnetart.com.br\/baixada\/wp-json\/wp\/v2\/posts\/8048","targetHints":{"allow":["GET"]}}],"collection":[{"href":"https:\/\/hostnetart.com.br\/baixada\/wp-json\/wp\/v2\/posts"}],"about":[{"href":"https:\/\/hostnetart.com.br\/baixada\/wp-json\/wp\/v2\/types\/post"}],"author":[{"embeddable":true,"href":"https:\/\/hostnetart.com.br\/baixada\/wp-json\/wp\/v2\/users\/2"}],"replies":[{"embeddable":true,"href":"https:\/\/hostnetart.com.br\/baixada\/wp-json\/wp\/v2\/comments?post=8048"}],"version-history":[{"count":0,"href":"https:\/\/hostnetart.com.br\/baixada\/wp-json\/wp\/v2\/posts\/8048\/revisions"}],"wp:featuredmedia":[{"embeddable":true,"href":"https:\/\/hostnetart.com.br\/baixada\/wp-json\/wp\/v2\/media\/8047"}],"wp:attachment":[{"href":"https:\/\/hostnetart.com.br\/baixada\/wp-json\/wp\/v2\/media?parent=8048"}],"wp:term":[{"taxonomy":"category","embeddable":true,"href":"https:\/\/hostnetart.com.br\/baixada\/wp-json\/wp\/v2\/categories?post=8048"},{"taxonomy":"post_tag","embeddable":true,"href":"https:\/\/hostnetart.com.br\/baixada\/wp-json\/wp\/v2\/tags?post=8048"}],"curies":[{"name":"wp","href":"https:\/\/api.w.org\/{rel}","templated":true}]}}