{"id":8042,"date":"2019-12-10T17:02:35","date_gmt":"2019-12-10T20:02:35","guid":{"rendered":"https:\/\/hostnetart.com.br\/baixada\/comeca-reuniao-de-negociacoes-dos-bancarios-com-a-fenaban\/"},"modified":"2019-12-10T17:02:35","modified_gmt":"2019-12-10T20:02:35","slug":"comeca-reuniao-de-negociacoes-dos-bancarios-com-a-fenaban","status":"publish","type":"post","link":"https:\/\/hostnetart.com.br\/baixada\/comeca-reuniao-de-negociacoes-dos-bancarios-com-a-fenaban\/","title":{"rendered":"Come\u00e7a reuni\u00e3o de negocia\u00e7\u00f5es dos banc\u00e1rios com a Fenaban"},"content":{"rendered":"<p>O Comando Nacional dos Banc\u00e1rios est\u00e1 em negocia\u00e7\u00e3o neste momento, em S\u00e3o Paulo, com a Federa\u00e7\u00e3o Nacional dos Bancos (Fenaban). Em pauta est\u00e1 a reda\u00e7\u00e3o do aditivo \u00e0 Conven\u00e7\u00e3o Coletiva de Trabalho (CCT) para impedir a aplica\u00e7\u00e3o para a categoria banc\u00e1ria da\u00a0<a href=\"http:\/\/www.planalto.gov.br\/ccivil_03\/_Ato2019-2022\/2019\/Mpv\/mpv905.htm\" target=\"_blank\" rel=\"noopener noreferrer\">Medida Provis\u00f3ria (MP) 905\/2019<\/a>.<\/p>\n<p>Esta \u00e9 a terceira reuni\u00e3o sobre o tema.\u00a0<a href=\"https:\/\/contrafcut.com.br\/noticias\/comando-nacional-dos-bancarios-conquista-suspensao-da-mp-905\/\" target=\"_blank\" rel=\"noopener noreferrer\">Na primeira reuni\u00e3o<\/a>, realizada no dia 14\/11, dias depois do governo ter publicado a Medida Provis\u00f3ria, o Comando Nacional conseguiu segurar a implanta\u00e7\u00e3o da Medida at\u00e9 que seja conclu\u00edda a negocia\u00e7\u00e3o com a representa\u00e7\u00e3o da categoria.\u00a0<a href=\"https:\/\/contrafcut.com.br\/noticias\/bancarios-nao-vao-trabalhar-aos-sabados\/\" target=\"_blank\" rel=\"noopener noreferrer\">Na \u00faltima reuni\u00e3o<\/a>, realizada no dia 26\/11, ficaram acertados v\u00e1rios pontos que garantem a manuten\u00e7\u00e3o da jornada de segunda a sexta-feira, nos mesmos hor\u00e1rios atuais e que as negocia\u00e7\u00f5es sobre a Participa\u00e7\u00e3o nos Lucros e\/ou Resultados (PLR) continuariam sendo realizadas com os sindicatos, restou apenas fechar a reda\u00e7\u00e3o sobre os termos acordados.<\/p>\n<p>\u201cEsperamos que as diverg\u00eancias de reda\u00e7\u00e3o sejam resolvidas. Queremos que seja respeitado o que est\u00e1 definido em nossa Conven\u00e7\u00e3o Coletiva de Trabalho, que foi assinada pelos bancos e pelas entidades de representa\u00e7\u00e3o da categoria ap\u00f3s uma dura negocia\u00e7\u00e3o que levou mais de dois meses\u201d, disse a presidenta da Confedera\u00e7\u00e3o Nacional dos Trabalhadores do Ramo Financeiro (Contraf-CUT), Juvandia Moreira, que \u00e9 uma das coordenadoras do Comando Nacional dos Banc\u00e1rios.<\/p>\n<p>\u201cSabemos que n\u00e3o \u00e9 uma negocia\u00e7\u00e3o f\u00e1cil, pois foram os pr\u00f3prios bancos que pediram para o governo incluir na MP os pontos que agora estamos impedindo que eles coloquem em pr\u00e1tica. Mas, insistimos no princ\u00edpio de que n\u00e3o se deve mexer nos direitos que s\u00e3o garantidos pela nossa CCT, que est\u00e1 em vig\u00eancia at\u00e9 31 de agosto de 2020\u201d, afirmou a presidenta da Contraf-CUT. \u201cN\u00e3o foram eles que quiseram incluir na reforma trabalhista a preval\u00eancia do negociado sobre o legislado? Ent\u00e3o, nossa negocia\u00e7\u00e3o est\u00e1 em vig\u00eancia e vamos exigir que a mesa seja respeitada\u201d, completou.<\/p>\n<p><strong>Fonte:<\/strong>\u00a0<strong>Contraf-CUT<\/strong><\/p>\n","protected":false},"excerpt":{"rendered":"<p>O Comando Nacional dos Banc\u00e1rios est\u00e1 em negocia\u00e7\u00e3o neste momento, em S\u00e3o Paulo, com a Federa\u00e7\u00e3o Nacional dos Bancos (Fenaban). Em pauta est\u00e1 a reda\u00e7\u00e3o do aditivo \u00e0 Conven\u00e7\u00e3o Coletiva de Trabalho (CCT) para impedir a aplica\u00e7\u00e3o para a categoria banc\u00e1ria da\u00a0Medida Provis\u00f3ria (MP) 905\/2019. Esta \u00e9 a terceira reuni\u00e3o sobre o tema.\u00a0Na primeira reuni\u00e3o, [&hellip;]<\/p>\n","protected":false},"author":2,"featured_media":8041,"comment_status":"","ping_status":"","sticky":false,"template":"","format":"standard","meta":{"footnotes":""},"categories":[3],"tags":[],"class_list":["post-8042","post","type-post","status-publish","format-standard","has-post-thumbnail","hentry","category-noticias"],"_links":{"self":[{"href":"https:\/\/hostnetart.com.br\/baixada\/wp-json\/wp\/v2\/posts\/8042","targetHints":{"allow":["GET"]}}],"collection":[{"href":"https:\/\/hostnetart.com.br\/baixada\/wp-json\/wp\/v2\/posts"}],"about":[{"href":"https:\/\/hostnetart.com.br\/baixada\/wp-json\/wp\/v2\/types\/post"}],"author":[{"embeddable":true,"href":"https:\/\/hostnetart.com.br\/baixada\/wp-json\/wp\/v2\/users\/2"}],"replies":[{"embeddable":true,"href":"https:\/\/hostnetart.com.br\/baixada\/wp-json\/wp\/v2\/comments?post=8042"}],"version-history":[{"count":0,"href":"https:\/\/hostnetart.com.br\/baixada\/wp-json\/wp\/v2\/posts\/8042\/revisions"}],"wp:featuredmedia":[{"embeddable":true,"href":"https:\/\/hostnetart.com.br\/baixada\/wp-json\/wp\/v2\/media\/8041"}],"wp:attachment":[{"href":"https:\/\/hostnetart.com.br\/baixada\/wp-json\/wp\/v2\/media?parent=8042"}],"wp:term":[{"taxonomy":"category","embeddable":true,"href":"https:\/\/hostnetart.com.br\/baixada\/wp-json\/wp\/v2\/categories?post=8042"},{"taxonomy":"post_tag","embeddable":true,"href":"https:\/\/hostnetart.com.br\/baixada\/wp-json\/wp\/v2\/tags?post=8042"}],"curies":[{"name":"wp","href":"https:\/\/api.w.org\/{rel}","templated":true}]}}