{"id":8038,"date":"2019-12-10T14:03:39","date_gmt":"2019-12-10T17:03:39","guid":{"rendered":"https:\/\/hostnetart.com.br\/baixada\/inscricoes-das-bolsas-de-estudo-para-quem-trabalha-no-banco-itau-unibanco-estao-abertas\/"},"modified":"2019-12-10T14:03:39","modified_gmt":"2019-12-10T17:03:39","slug":"inscricoes-das-bolsas-de-estudo-para-quem-trabalha-no-banco-itau-unibanco-estao-abertas","status":"publish","type":"post","link":"https:\/\/hostnetart.com.br\/baixada\/inscricoes-das-bolsas-de-estudo-para-quem-trabalha-no-banco-itau-unibanco-estao-abertas\/","title":{"rendered":"Inscri\u00e7\u00f5es das bolsas de estudo para quem trabalha no banco Ita\u00fa Unibanco est\u00e3o abertas"},"content":{"rendered":"<p>Conquistado pelos banc\u00e1rios em 2009, as bolsas de estudo de primeira ou segunda gradua\u00e7\u00e3o e p\u00f3s-gradua\u00e7\u00e3o, dentro do Programa Bolsa Aux\u00edlio Educa\u00e7\u00e3o do Banco Ita\u00fa est\u00e3o com inscri\u00e7\u00f5es abertas. Os interessados podem ser inscrever at\u00e9 o dia 21 de janeiro.<\/p>\n<p>As bolsas deste ano est\u00e3o previstas no acordo aditivo de trabalho (ACT),\u00a0<a href=\"https:\/\/contrafcut.com.br\/noticias\/apos-negociacoes-itau-reajusta-pcr-e-bolsa-de-estudos-1073\/\" target=\"_blank\" rel=\"noopener noreferrer\">renovado em dezembro de 2018<\/a>, e com validade para os anos de 2019 e 2020.<\/p>\n<p>\u201cEssa importante conquista dos banc\u00e1rios s\u00e3o fruto de reivindica\u00e7\u00f5es e negocia\u00e7\u00f5es da categoria, organizada em seus sindicatos. Ou seja, s\u00e3o mais um exemplo de que os trabalhadores organizados conseguem avan\u00e7os em seus direitos\u201d, lembrou Jair Alves, coordenador do Comit\u00ea de Organiza\u00e7\u00e3o dos Empregados (COE) do Ita\u00fa.<\/p>\n<p>O acordo prev\u00ea a concess\u00e3o de 5.500 bolsas por ano, sendo que 1.000 delas s\u00e3o destinadas a banc\u00e1rios PCDs (pessoas com defici\u00eancia). O ACT tamb\u00e9m previu um reajuste de 5% no valor das bolsas, que ficaram em R$ 410 mensais.<\/p>\n<p>Quem j\u00e1 tinha bolsa em 2019 e continua cursando a faculdade, precisa se inscrever novamente, para continuar recebendo a bolsa em 2020.<\/p>\n<p>Este ano, o Ita\u00fa anunciou uma novidade: as bolsas tamb\u00e9m podem ser usadas para cursos de ensino \u00e0 dist\u00e2ncia (EAD), desde que reconhecidos pelo MEC. O que, segundo o Ita\u00fa, facilitar\u00e1 o acesso ao programa de PCDs, que poder\u00e3o estudar em casa.<\/p>\n<h3>Como se inscrever<\/h3>\n<p>As inscri\u00e7\u00f5es devem ser feitas por meio do Portal Ita\u00fa Unibanco &gt; feito para mim &gt; painel do colaborador &gt; benef\u00edcios &gt; bolsa aux\u00edlio educa\u00e7\u00e3o &gt; inscrever para o ranking. Informa\u00e7\u00f5es sobre benef\u00edcios, regras de elegibilidade e condi\u00e7\u00f5es, podem ser consultados na RP-59, dispon\u00edvel no Portal Ita\u00fa.<\/p>\n<p><strong>Fonte: Contraf-CUT<\/strong><\/p>\n","protected":false},"excerpt":{"rendered":"<p>Conquistado pelos banc\u00e1rios em 2009, as bolsas de estudo de primeira ou segunda gradua\u00e7\u00e3o e p\u00f3s-gradua\u00e7\u00e3o, dentro do Programa Bolsa Aux\u00edlio Educa\u00e7\u00e3o do Banco Ita\u00fa est\u00e3o com inscri\u00e7\u00f5es abertas. Os interessados podem ser inscrever at\u00e9 o dia 21 de janeiro. As bolsas deste ano est\u00e3o previstas no acordo aditivo de trabalho (ACT),\u00a0renovado em dezembro de [&hellip;]<\/p>\n","protected":false},"author":2,"featured_media":8037,"comment_status":"","ping_status":"","sticky":false,"template":"","format":"standard","meta":{"footnotes":""},"categories":[3],"tags":[],"class_list":["post-8038","post","type-post","status-publish","format-standard","has-post-thumbnail","hentry","category-noticias"],"_links":{"self":[{"href":"https:\/\/hostnetart.com.br\/baixada\/wp-json\/wp\/v2\/posts\/8038","targetHints":{"allow":["GET"]}}],"collection":[{"href":"https:\/\/hostnetart.com.br\/baixada\/wp-json\/wp\/v2\/posts"}],"about":[{"href":"https:\/\/hostnetart.com.br\/baixada\/wp-json\/wp\/v2\/types\/post"}],"author":[{"embeddable":true,"href":"https:\/\/hostnetart.com.br\/baixada\/wp-json\/wp\/v2\/users\/2"}],"replies":[{"embeddable":true,"href":"https:\/\/hostnetart.com.br\/baixada\/wp-json\/wp\/v2\/comments?post=8038"}],"version-history":[{"count":0,"href":"https:\/\/hostnetart.com.br\/baixada\/wp-json\/wp\/v2\/posts\/8038\/revisions"}],"wp:featuredmedia":[{"embeddable":true,"href":"https:\/\/hostnetart.com.br\/baixada\/wp-json\/wp\/v2\/media\/8037"}],"wp:attachment":[{"href":"https:\/\/hostnetart.com.br\/baixada\/wp-json\/wp\/v2\/media?parent=8038"}],"wp:term":[{"taxonomy":"category","embeddable":true,"href":"https:\/\/hostnetart.com.br\/baixada\/wp-json\/wp\/v2\/categories?post=8038"},{"taxonomy":"post_tag","embeddable":true,"href":"https:\/\/hostnetart.com.br\/baixada\/wp-json\/wp\/v2\/tags?post=8038"}],"curies":[{"name":"wp","href":"https:\/\/api.w.org\/{rel}","templated":true}]}}