{"id":8034,"date":"2019-12-10T13:57:06","date_gmt":"2019-12-10T16:57:06","guid":{"rendered":"https:\/\/hostnetart.com.br\/baixada\/bancarios-de-sao-paulo-lancam-assessoria-juridica-para-mulher-vitima-de-violencia\/"},"modified":"2019-12-10T13:57:06","modified_gmt":"2019-12-10T16:57:06","slug":"bancarios-de-sao-paulo-lancam-assessoria-juridica-para-mulher-vitima-de-violencia","status":"publish","type":"post","link":"https:\/\/hostnetart.com.br\/baixada\/bancarios-de-sao-paulo-lancam-assessoria-juridica-para-mulher-vitima-de-violencia\/","title":{"rendered":"Banc\u00e1rios de S\u00e3o Paulo lan\u00e7am assessoria jur\u00eddica para mulher v\u00edtima de viol\u00eancia"},"content":{"rendered":"<p>O Brasil registra a cada quatro minutos, pelo menos, um caso de agress\u00e3o de homem contra mulher. Para ser mais um aliado no combate a esse tipo de viol\u00eancia, o Sindicato dos Banc\u00e1rios e Financi\u00e1rios de S\u00e3o Paulo, Osasco e Regi\u00e3o lan\u00e7ou nesta segunda-feira (9) servi\u00e7o de atendimento \u00e0s mulheres v\u00edtimas de viol\u00eancia.<\/p>\n<p>O projeto chama-se \u201cBasta, n\u00e3o ir\u00e3o nos calar\u201d. Trata-se de um servi\u00e7o de assessoria jur\u00eddica para as mulheres v\u00edtimas de viol\u00eancia dom\u00e9stica. No Brasil, mais de 145 mil casos foram registrados no ano passado. \u00c9 um reflexo do desmantelamento das pol\u00edticas de\u00a0<a href=\"https:\/\/www.redebrasilatual.com.br\/cidadania\/2019\/11\/plataforma-eva-mulheres-violencia\/\" target=\"_blank\" rel=\"noopener noreferrer\">prote\u00e7\u00e3o das mulheres<\/a>\u00a0em n\u00edvel municipal, estadual e federal, como mostra reportagem do jornalista J\u00f4 Miyagui, no\u00a0<i>Seu Jornal<\/i>, da\u00a0<b>TVT<\/b>.<\/p>\n<p>Segundo a ex-secret\u00e1ria municipal de Pol\u00edticas para Mulheres em S\u00e3o Paulo (gest\u00e3o Fernando Haddad) Denise Motta Dau, \u201cap\u00f3s a extin\u00e7\u00e3o pela gest\u00e3o do Jo\u00e3o Doria, como prefeito, da Secretaria Municipal de Pol\u00edticas para Mulheres e da Secretaria de Promo\u00e7\u00e3o da Igualdade Racial, tanto os servi\u00e7os que j\u00e1 estavam projetados para serem abertos demoraram, como a Casa da Mulher Brasileira, que demorou tr\u00eas anos para ser inaugurada, como programas na \u00e1rea da sa\u00fade, educa\u00e7\u00e3o, n\u00e3o foram implantados\u201d.<\/p>\n<p>Eleonora Menicucci, ex-ministra de Pol\u00edticas para as Mulheres do governo de Dilma Rousseff, comemora o lan\u00e7amento do projeto e lamenta que o governo Bolsonaro at\u00e9 tenha uma ministra das mulheres (<em>Damares Alves<\/em>), mas que n\u00e3o \u00e9 adequada para o cargo. \u201cEla acabou com todas as pol\u00edticas voltadas para a garantia dos<a href=\"https:\/\/www.redebrasilatual.com.br\/politica\/2017\/12\/em-marica-lula-defende-direitos-das-mulheres-e-diz-que-a-politica-esta-em-rota-de-destruicao-1\/\" target=\"_blank\" rel=\"noopener noreferrer\">\u00a0direitos das mulheres<\/a>, desde a viol\u00eancia at\u00e9 a educa\u00e7\u00e3o, as falas dela s\u00e3o completamente anti-mulheres com autonomia, ent\u00e3o, \u00e9 muito grave\u201d, afirma.<\/p>\n<p>O desmonte dos programas de prote\u00e7\u00e3o faz com que mulheres fiquem desassistidas. Para as de baixa renda, a Defensoria P\u00fablica pode assumir o caso. Mas as mulheres que ganham mais de tr\u00eas sal\u00e1rios m\u00ednimos n\u00e3o podem ser assessoradas pelo \u00f3rg\u00e3o e ao mesmo tempo podem ter dificuldade para pagar um advogado.<\/p>\n<p>Isso motivou o Sindicato dos Banc\u00e1rios de S\u00e2o Paulo a lan\u00e7ar o servi\u00e7o de assist\u00eancia jur\u00eddica sem custo. Phamela Godoy, coordenadora do projeto, diz que nem sempre o Estado consegue dar conta de todas essas demandas, e que o servi\u00e7o jur\u00eddico vai desde a orienta\u00e7\u00e3o at\u00e9 os ingressos das a\u00e7\u00f5es, nos \u00e2mbitos c\u00edvel ou penal. \u201cO atendimento n\u00e3o \u00e9 oferecido apenas para banc\u00e1rias mas para qualquer mulher que precise de assessoria jur\u00eddica\u201d, diz.<\/p>\n<p>Informa\u00e7\u00f5es do servi\u00e7o: (11) 3188-5200, de segunda a sexta, das 9h \u00e0s 18h.<\/p>\n<h6>Confira a reportagem da TVT<\/h6>\n<p>{youtube}q6v0C11rAqo&amp;feature=emb_title{\/youtube}<\/p>\n<p><span style=\"text-decoration: underline;\"><strong>Fonte: Rede Brasil Atual<\/strong><\/span><\/p>\n","protected":false},"excerpt":{"rendered":"<p>O Brasil registra a cada quatro minutos, pelo menos, um caso de agress\u00e3o de homem contra mulher. Para ser mais um aliado no combate a esse tipo de viol\u00eancia, o Sindicato dos Banc\u00e1rios e Financi\u00e1rios de S\u00e3o Paulo, Osasco e Regi\u00e3o lan\u00e7ou nesta segunda-feira (9) servi\u00e7o de atendimento \u00e0s mulheres v\u00edtimas de viol\u00eancia. O projeto [&hellip;]<\/p>\n","protected":false},"author":2,"featured_media":8033,"comment_status":"","ping_status":"","sticky":false,"template":"","format":"standard","meta":{"footnotes":""},"categories":[3],"tags":[],"class_list":["post-8034","post","type-post","status-publish","format-standard","has-post-thumbnail","hentry","category-noticias"],"_links":{"self":[{"href":"https:\/\/hostnetart.com.br\/baixada\/wp-json\/wp\/v2\/posts\/8034","targetHints":{"allow":["GET"]}}],"collection":[{"href":"https:\/\/hostnetart.com.br\/baixada\/wp-json\/wp\/v2\/posts"}],"about":[{"href":"https:\/\/hostnetart.com.br\/baixada\/wp-json\/wp\/v2\/types\/post"}],"author":[{"embeddable":true,"href":"https:\/\/hostnetart.com.br\/baixada\/wp-json\/wp\/v2\/users\/2"}],"replies":[{"embeddable":true,"href":"https:\/\/hostnetart.com.br\/baixada\/wp-json\/wp\/v2\/comments?post=8034"}],"version-history":[{"count":0,"href":"https:\/\/hostnetart.com.br\/baixada\/wp-json\/wp\/v2\/posts\/8034\/revisions"}],"wp:featuredmedia":[{"embeddable":true,"href":"https:\/\/hostnetart.com.br\/baixada\/wp-json\/wp\/v2\/media\/8033"}],"wp:attachment":[{"href":"https:\/\/hostnetart.com.br\/baixada\/wp-json\/wp\/v2\/media?parent=8034"}],"wp:term":[{"taxonomy":"category","embeddable":true,"href":"https:\/\/hostnetart.com.br\/baixada\/wp-json\/wp\/v2\/categories?post=8034"},{"taxonomy":"post_tag","embeddable":true,"href":"https:\/\/hostnetart.com.br\/baixada\/wp-json\/wp\/v2\/tags?post=8034"}],"curies":[{"name":"wp","href":"https:\/\/api.w.org\/{rel}","templated":true}]}}