{"id":8032,"date":"2019-12-10T13:55:48","date_gmt":"2019-12-10T16:55:48","guid":{"rendered":"https:\/\/hostnetart.com.br\/baixada\/10-de-dezembro-e-o-dia-internacional-dos-direitos-humanos\/"},"modified":"2019-12-10T13:55:48","modified_gmt":"2019-12-10T16:55:48","slug":"10-de-dezembro-e-o-dia-internacional-dos-direitos-humanos","status":"publish","type":"post","link":"https:\/\/hostnetart.com.br\/baixada\/10-de-dezembro-e-o-dia-internacional-dos-direitos-humanos\/","title":{"rendered":"10 de dezembro \u00e9 o Dia Internacional dos Direitos Humanos"},"content":{"rendered":"<p>Neste 10 de dezembro \u00e9 comemorado o Dia Internacional dos Direitos Humanos. A data \u00e9 celebrada h\u00e1 71 anos e marca a luta pelos direitos e a mudan\u00e7a significativa da abordagem de temas como a diversidade, preconceito e a viol\u00eancia contra mulheres, negros e LGBTQIA+. Por\u00e9m, no Brasil, o governo atual coloca as pol\u00edticas afirmativas sobre o tema em risco com a dissemina\u00e7\u00e3o de \u00f3dio e conservadorismo.<\/p>\n<p>\u201cEsse dia relembra a import\u00e2ncia de olhar para essa quest\u00e3o. Nos governos anteriores, existiam pol\u00edticas afirmativas e hoje, o atual governo, faz quest\u00e3o de atac\u00e1-las e acabar com as secretarias estrat\u00e9gicas e enfraquecer as entidades representativas do setor\u201d, afirmou Adilson Barros, diretor da Confedera\u00e7\u00e3o Nacional dos Trabalhadores do Ramo Financeiro (Contraf-CUT).<\/p>\n<p>A proclama\u00e7\u00e3o da Declara\u00e7\u00e3o Universal dos Direitos Humanos, aconteceu em 1948, pela Assembleia Geral das Na\u00e7\u00f5es Unidas. De acordo com o documento todos os seres humanos t\u00eam: \u201cDireito \u00e0 vida, liberdade, igualdade, fraternidade, toler\u00e2ncia, n\u00e3o-discrimina\u00e7\u00e3o, seguran\u00e7a; proibi\u00e7\u00e3o da escravid\u00e3o e da tortura; acesso \u00e0 justi\u00e7a, devido processo legal e presun\u00e7\u00e3o de inoc\u00eancia; respeito \u00e0 privacidade e \u00e0 intimidade; direito de ir e vir, direito de asilo e de nacionalidade; liberdade de pensamento, consci\u00eancia, religi\u00e3o, opini\u00e3o, express\u00e3o, reuni\u00e3o e associa\u00e7\u00e3o; direitos pol\u00edticos, econ\u00f4micos e sociais; direito ao trabalho, direitos sindicais e prote\u00e7\u00e3o contra o desemprego; direito \u00e0 educa\u00e7\u00e3o e \u00e0 cultura, enfim, o n\u00facleo desses direitos todos passou a se confundir com o dos direitos reconhecidos, em seus pr\u00f3prios pa\u00edses, a uma parcela imensa da popula\u00e7\u00e3o mundial, pressionando tamb\u00e9m a outra parcela a reconhec\u00ea-los\u201d, segundo a declara\u00e7\u00e3o.<\/p>\n<p>Para Adilson Barros, infelizmente, mesmo com a cria\u00e7\u00e3o deste documento, ainda \u00e9 poss\u00edvel ver casos de viol\u00eancia e descaso com os direitos humanos, principalmente quando se trata de jovens negros e da comunidade LGBTQIA+. \u201cN\u00e3o podemos ignorar esses fatos. Precisamos olhar para essas situa\u00e7\u00f5es e promover formas de combate e preven\u00e7\u00e3o. N\u00e3o podemos aceitar que existam pessoas que ainda sejam exclu\u00eddas da sociedade\u201d, disse.<\/p>\n<p><strong>Fonte: Contraf-CUT<\/strong><\/p>\n","protected":false},"excerpt":{"rendered":"<p>Neste 10 de dezembro \u00e9 comemorado o Dia Internacional dos Direitos Humanos. A data \u00e9 celebrada h\u00e1 71 anos e marca a luta pelos direitos e a mudan\u00e7a significativa da abordagem de temas como a diversidade, preconceito e a viol\u00eancia contra mulheres, negros e LGBTQIA+. Por\u00e9m, no Brasil, o governo atual coloca as pol\u00edticas afirmativas [&hellip;]<\/p>\n","protected":false},"author":2,"featured_media":8031,"comment_status":"","ping_status":"","sticky":false,"template":"","format":"standard","meta":{"footnotes":""},"categories":[3],"tags":[],"class_list":["post-8032","post","type-post","status-publish","format-standard","has-post-thumbnail","hentry","category-noticias"],"_links":{"self":[{"href":"https:\/\/hostnetart.com.br\/baixada\/wp-json\/wp\/v2\/posts\/8032","targetHints":{"allow":["GET"]}}],"collection":[{"href":"https:\/\/hostnetart.com.br\/baixada\/wp-json\/wp\/v2\/posts"}],"about":[{"href":"https:\/\/hostnetart.com.br\/baixada\/wp-json\/wp\/v2\/types\/post"}],"author":[{"embeddable":true,"href":"https:\/\/hostnetart.com.br\/baixada\/wp-json\/wp\/v2\/users\/2"}],"replies":[{"embeddable":true,"href":"https:\/\/hostnetart.com.br\/baixada\/wp-json\/wp\/v2\/comments?post=8032"}],"version-history":[{"count":0,"href":"https:\/\/hostnetart.com.br\/baixada\/wp-json\/wp\/v2\/posts\/8032\/revisions"}],"wp:featuredmedia":[{"embeddable":true,"href":"https:\/\/hostnetart.com.br\/baixada\/wp-json\/wp\/v2\/media\/8031"}],"wp:attachment":[{"href":"https:\/\/hostnetart.com.br\/baixada\/wp-json\/wp\/v2\/media?parent=8032"}],"wp:term":[{"taxonomy":"category","embeddable":true,"href":"https:\/\/hostnetart.com.br\/baixada\/wp-json\/wp\/v2\/categories?post=8032"},{"taxonomy":"post_tag","embeddable":true,"href":"https:\/\/hostnetart.com.br\/baixada\/wp-json\/wp\/v2\/tags?post=8032"}],"curies":[{"name":"wp","href":"https:\/\/api.w.org\/{rel}","templated":true}]}}