{"id":8030,"date":"2019-12-09T17:01:51","date_gmt":"2019-12-09T20:01:51","guid":{"rendered":"https:\/\/hostnetart.com.br\/baixada\/sindicalistas-vao-as-ruas-para-denunciar-efeitos-nocivos-da-mp-905-e-da-politica-economica\/"},"modified":"2019-12-09T17:01:51","modified_gmt":"2019-12-09T20:01:51","slug":"sindicalistas-vao-as-ruas-para-denunciar-efeitos-nocivos-da-mp-905-e-da-politica-economica","status":"publish","type":"post","link":"https:\/\/hostnetart.com.br\/baixada\/sindicalistas-vao-as-ruas-para-denunciar-efeitos-nocivos-da-mp-905-e-da-politica-economica\/","title":{"rendered":"Sindicalistas v\u00e3o \u00e0s ruas para denunciar efeitos nocivos da MP 905 e da pol\u00edtica econ\u00f4mica"},"content":{"rendered":"<p>De amanh\u00e3 at\u00e9 sexta-feira (10 a 13), representantes das centrais ir\u00e3o \u00e0s ruas para mostrar \u00e0 popula\u00e7\u00e3o os efeitos negativos da MP 905 e da pol\u00edtica econ\u00f4mica do governo. Ao mesmo tempo, querem apresentar propostas alternativas. Est\u00e3o previstas atividades \u2013 como caminhadas e panfletagens \u2013 na regi\u00e3o do ABC (Santo Andr\u00e9, S\u00e3o Bernardo, Diadema e Ribeir\u00e3o Pires), na regi\u00e3o central e nas zonas leste e sul da capital paulista, em Osasco e Carapicu\u00edba, na Grande S\u00e3o Paulo, e em Campinas, no interior.<\/p>\n<p>Na ter\u00e7a-feira (10), os sindicalistas estar\u00e3o na portaria da Volkswagen e da Colgate-Palmolive e na rua Marechal Deodoro, em S\u00e3o Bernardo, em terminais de tr\u00f3lebus e esta\u00e7\u00f5es de trem. Na quarta, ir\u00e3o a 10 empresas metal\u00fargicas na regi\u00e3o sul de S\u00e3o Paulo, como a MWM, e nos terminais de Santo Amaro, do Largo 13 de Maio e da Pra\u00e7a Floriano Peixoto. No dia seguinte, panfletagens em esta\u00e7\u00f5es do Metr\u00f4 (Arthur Alvim, Barra Funda, Br\u00e1s, Itaquera e S\u00e9). Em Campinas, haver\u00e1 panfletagem e conversa com a popula\u00e7\u00e3o em Campinas, no terminal intermunicipal e no cal\u00e7ad\u00e3o da Catedral. Por fim, a mobiliza\u00e7\u00e3o ser\u00e1 feita nas esta\u00e7\u00f5es de Osasco e Carapicu\u00edba.<\/p>\n<p>\u201c\u00c9 um di\u00e1logo importante, para que a gente possa socializar e conscientizar a popula\u00e7\u00e3o brasileira acerca dos riscos que os trabalhadores e as trabalhadoras correm com a Medida Provis\u00f3ria 905 que, se aprovada, vai rasgar os direitos da classe trabalhadora, precarizar empregos e condi\u00e7\u00f5es de trabalho no Brasil\u201d, diz o presidente da CUT S\u00e3o Paulo, Douglas Izzo. \u201cSe n\u00e3o tiver luta para derrubar essa medida, \u00a0ela vai permitir o aumento da jornada de trabalho sem reajuste de sal\u00e1rio, vai obrigar o trabalho aos finais de semana, sem nenhum adicional, e ainda vai taxar em quase 8% o trabalhador que recebe o seguro-desemprego. Em contrapartida, vai desonerar o patr\u00e3o em quase 35%.\u201d<\/p>\n<p>Apresentada h\u00e1 um m\u00eas, a MP 905 cria o chamado contrato de trabalho \u201cverde e amarelo\u201d, voltado ao primeiro emprego de jovens de 18 a 29 anos. <a href=\"https:\/\/www.redebrasilatual.com.br\/trabalho\/2019\/11\/centrais-pedem-devolucao-da-mp-905-que-recebeu-quase-2-mil-emendas\/\" target=\"_blank\" rel=\"noopener noreferrer\">Recebeu quase 2 mil emendas no Congresso. As centrais pediram sua devolu\u00e7\u00e3o.<\/a><\/p>\n<p><em>Com informa\u00e7\u00f5es de \u00c9rica Arag\u00e3o, do Portal da CUT, e da For\u00e7a Sindical<\/em><\/p>\n<p><strong>Fonte: Rede Brasil Atual<\/strong><\/p>\n","protected":false},"excerpt":{"rendered":"<p>De amanh\u00e3 at\u00e9 sexta-feira (10 a 13), representantes das centrais ir\u00e3o \u00e0s ruas para mostrar \u00e0 popula\u00e7\u00e3o os efeitos negativos da MP 905 e da pol\u00edtica econ\u00f4mica do governo. Ao mesmo tempo, querem apresentar propostas alternativas. Est\u00e3o previstas atividades \u2013 como caminhadas e panfletagens \u2013 na regi\u00e3o do ABC (Santo Andr\u00e9, S\u00e3o Bernardo, Diadema e [&hellip;]<\/p>\n","protected":false},"author":2,"featured_media":8029,"comment_status":"","ping_status":"","sticky":false,"template":"","format":"standard","meta":{"footnotes":""},"categories":[3],"tags":[],"class_list":["post-8030","post","type-post","status-publish","format-standard","has-post-thumbnail","hentry","category-noticias"],"_links":{"self":[{"href":"https:\/\/hostnetart.com.br\/baixada\/wp-json\/wp\/v2\/posts\/8030","targetHints":{"allow":["GET"]}}],"collection":[{"href":"https:\/\/hostnetart.com.br\/baixada\/wp-json\/wp\/v2\/posts"}],"about":[{"href":"https:\/\/hostnetart.com.br\/baixada\/wp-json\/wp\/v2\/types\/post"}],"author":[{"embeddable":true,"href":"https:\/\/hostnetart.com.br\/baixada\/wp-json\/wp\/v2\/users\/2"}],"replies":[{"embeddable":true,"href":"https:\/\/hostnetart.com.br\/baixada\/wp-json\/wp\/v2\/comments?post=8030"}],"version-history":[{"count":0,"href":"https:\/\/hostnetart.com.br\/baixada\/wp-json\/wp\/v2\/posts\/8030\/revisions"}],"wp:featuredmedia":[{"embeddable":true,"href":"https:\/\/hostnetart.com.br\/baixada\/wp-json\/wp\/v2\/media\/8029"}],"wp:attachment":[{"href":"https:\/\/hostnetart.com.br\/baixada\/wp-json\/wp\/v2\/media?parent=8030"}],"wp:term":[{"taxonomy":"category","embeddable":true,"href":"https:\/\/hostnetart.com.br\/baixada\/wp-json\/wp\/v2\/categories?post=8030"},{"taxonomy":"post_tag","embeddable":true,"href":"https:\/\/hostnetart.com.br\/baixada\/wp-json\/wp\/v2\/tags?post=8030"}],"curies":[{"name":"wp","href":"https:\/\/api.w.org\/{rel}","templated":true}]}}