{"id":803,"date":"2015-05-26T00:12:00","date_gmt":"2015-05-26T03:12:00","guid":{"rendered":"https:\/\/hostnetart.com.br\/baixada\/trabalhadores-do-transporte-tambem-vao-parar-no-dia-29-em-sao-paulo\/"},"modified":"2015-05-26T00:12:00","modified_gmt":"2015-05-26T03:12:00","slug":"trabalhadores-do-transporte-tambem-vao-parar-no-dia-29-em-sao-paulo","status":"publish","type":"post","link":"https:\/\/hostnetart.com.br\/baixada\/trabalhadores-do-transporte-tambem-vao-parar-no-dia-29-em-sao-paulo\/","title":{"rendered":"Trabalhadores do transporte tamb\u00e9m v\u00e3o parar no dia 29, em S\u00e3o Paulo"},"content":{"rendered":"<p><span style=\"color: #464646;\">Os trabalhadores no ramo de transporte da capital paulista, interior e Baixada Santista confirmaram a participa\u00e7\u00e3o nas mobiliza\u00e7\u00f5es de 29 de maio, Dia Nacional de Paralisa\u00e7\u00e3o, em reuni\u00e3o realizada sexta-feira (22), com a CUT e parceiros dos movimentos sindical e sociais. Tamb\u00e9m participaram do encontro pelo movimento sindical a Conlutas, CTB, CSB, Intersindical, Nova Central e UGT.<\/span><br style=\"color: #464646;\" \/><br style=\"color: #464646;\" \/><span style=\"color: #464646;\">Os trabalhadores v\u00e3o \u00e0 luta contra o projeto de terceiriza\u00e7\u00e3o sem limites, aprovado na C\u00e2mara dos Deputados como Projeto de Lei 4330 e que agora tramita no Senado como PLC 30\/2015, as Medidas Provis\u00f3rias 664 e 665, que restringem o acesso ao abono salarial, aux\u00edlio-doen\u00e7a e seguro-desemprego, e o ajuste fiscal.<\/span><br style=\"color: #464646;\" \/><br style=\"color: #464646;\" \/><span style=\"color: #464646;\">Al\u00e9m dos condutores e rodovi\u00e1rios, os metrovi\u00e1rios de S\u00e3o Paulo est\u00e3o com greve marcada para come\u00e7ar no dia 27. A categoria far\u00e1 uma assembleia no dia 26 para definir as a\u00e7\u00f5es no dia de luta. Tamb\u00e9m em 27 de maio, os movimentos sociais se reunir\u00e3o para organizar a\u00e7\u00f5es em todo o estado de S\u00e3o Paulo.<\/span><br style=\"color: #464646;\" \/><br style=\"color: #464646;\" \/><span style=\"color: #464646;\">O secret\u00e1rio Geral da CUT Nacional, S\u00e9rgio Nobre, ressaltou a import\u00e2ncia dos atos do dia 29 como s\u00edmbolo da resist\u00eancia contra a agenda de retirada de direitos adotada pelo Legislativo brasileiro. \u201cO dia 29 ser\u00e1 a resposta da classe trabalhadora para o conjunto de projetos no Congresso que retiram direitos da classe trabalhadora, o principal deles, o agora PLC 30, que acaba com a carteira de trabalho. Com o envolvimento dos nossos sindicatos de base essa ser\u00e1 a quinta e maior manifesta\u00e7\u00e3o nacional que faremos em 2015\u2033, destacou.<\/span><br style=\"color: #464646;\" \/><br style=\"color: #464646;\" \/><span style=\"color: #464646;\">Segundo Nobre, caso Executivo, C\u00e2mara e Senado insistam no ataque aos direitos trabalhistas, as centrais sindicais que defendem a classe trabalhadora organizar\u00e3o uma greve geral no pa\u00eds.<\/span><br style=\"color: #464646;\" \/><br style=\"color: #464646;\" \/><span style=\"color: #464646;\">\u201cEstamos num momento da vida do pa\u00eds em que os direitos precisam ser ampliados e n\u00e3o retirados e esse j\u00e1 \u00e9 um entendimento de toda a sociedade brasileira. Por isso, voltaremos a nos reunir no dia 3 de junho para avaliar nossos atos e definir uma nova a\u00e7\u00e3o de massa, com possibilidade de greve geral, dependendo de como o Congresso se comportar\u201d, definiu.<\/span><br style=\"color: #464646;\" \/><br style=\"color: #464646;\" \/><span style=\"color: #464646;\">O presidente da CUT S\u00e3o Paulo, Adi dos Santos Lima, destacou que a luta contra o ajuste fiscal \u2013 uma das principais bandeiras do dia 29 \u2013 afetar\u00e1 diretamente os trabalhadores do setor industrial. \u201cAs medidas do governo retraem o mercado de trabalho, basta ver o desemprego que est\u00e1 acontecendo na ind\u00fastria. Esse \u00e9 um setor onde t\u00eam os melhores sal\u00e1rios e empregos. Isso significa menos renda na economia, menos consumo e menos produ\u00e7\u00e3o. J\u00e1 passamos por isso e sabemos que n\u00e3o \u00e9 o caminho\u201d.<\/span><br style=\"color: #464646;\" \/><br style=\"color: #464646;\" \/><span style=\"color: #464646;\">O diretor Sindicato dos Rodovi\u00e1rios de Sorocaba, Marc\u00edlio Jesus Garcia, falou sobre como a terceiriza\u00e7\u00e3o afeta a categoria e citou o caso da Coca-Cola, que demitiu 217 trabalhadores em fevereiro de 2014 para contratar terceirizados por menores sal\u00e1rios.<\/span><br style=\"color: #464646;\" \/><br style=\"color: #464646;\" \/><span style=\"color: #464646;\">\u201cOs motoristas que ganhavam R$ 2.085 ficaram sem emprego, a empresa contratou terceirizados que ganhavam R$ 1.280 e uma cesta b\u00e1sica e ainda mudou para Itu (a 30 km de Sorocaba) para fugir da nossa base territorial e impedir a atua\u00e7\u00e3o do sindicato\u201d, afirmou.\u00a0<\/span><br style=\"color: #464646;\" \/><br style=\"color: #464646;\" \/><span style=\"color: #464646;\">Fonte: CUT SP<\/span><\/p>\n","protected":false},"excerpt":{"rendered":"<p>Os trabalhadores no ramo de transporte da capital paulista, interior e Baixada Santista confirmaram a participa\u00e7\u00e3o nas mobiliza\u00e7\u00f5es de 29 de maio, Dia Nacional de Paralisa\u00e7\u00e3o, em reuni\u00e3o realizada sexta-feira (22), com a CUT e parceiros dos movimentos sindical e sociais. Tamb\u00e9m participaram do encontro pelo movimento sindical a Conlutas, CTB, CSB, Intersindical, Nova Central [&hellip;]<\/p>\n","protected":false},"author":1,"featured_media":0,"comment_status":"","ping_status":"","sticky":false,"template":"","format":"standard","meta":{"footnotes":""},"categories":[3],"tags":[],"class_list":["post-803","post","type-post","status-publish","format-standard","hentry","category-noticias"],"_links":{"self":[{"href":"https:\/\/hostnetart.com.br\/baixada\/wp-json\/wp\/v2\/posts\/803","targetHints":{"allow":["GET"]}}],"collection":[{"href":"https:\/\/hostnetart.com.br\/baixada\/wp-json\/wp\/v2\/posts"}],"about":[{"href":"https:\/\/hostnetart.com.br\/baixada\/wp-json\/wp\/v2\/types\/post"}],"author":[{"embeddable":true,"href":"https:\/\/hostnetart.com.br\/baixada\/wp-json\/wp\/v2\/users\/1"}],"replies":[{"embeddable":true,"href":"https:\/\/hostnetart.com.br\/baixada\/wp-json\/wp\/v2\/comments?post=803"}],"version-history":[{"count":0,"href":"https:\/\/hostnetart.com.br\/baixada\/wp-json\/wp\/v2\/posts\/803\/revisions"}],"wp:attachment":[{"href":"https:\/\/hostnetart.com.br\/baixada\/wp-json\/wp\/v2\/media?parent=803"}],"wp:term":[{"taxonomy":"category","embeddable":true,"href":"https:\/\/hostnetart.com.br\/baixada\/wp-json\/wp\/v2\/categories?post=803"},{"taxonomy":"post_tag","embeddable":true,"href":"https:\/\/hostnetart.com.br\/baixada\/wp-json\/wp\/v2\/tags?post=803"}],"curies":[{"name":"wp","href":"https:\/\/api.w.org\/{rel}","templated":true}]}}