{"id":8024,"date":"2019-12-06T18:14:15","date_gmt":"2019-12-06T21:14:15","guid":{"rendered":"https:\/\/hostnetart.com.br\/baixada\/proxima-rodada-de-negociacoes-dos-bancarios-com-a-fenaban-sera-dia-10\/"},"modified":"2019-12-06T18:14:15","modified_gmt":"2019-12-06T21:14:15","slug":"proxima-rodada-de-negociacoes-dos-bancarios-com-a-fenaban-sera-dia-10","status":"publish","type":"post","link":"https:\/\/hostnetart.com.br\/baixada\/proxima-rodada-de-negociacoes-dos-bancarios-com-a-fenaban-sera-dia-10\/","title":{"rendered":"Pr\u00f3xima rodada de negocia\u00e7\u00f5es dos banc\u00e1rios com a Fenaban ser\u00e1 dia 10"},"content":{"rendered":"<div class=\"elementor-element elementor-element-194680ec elementor-widget elementor-widget-theme-post-content\" data-id=\"194680ec\" data-element_type=\"widget\" data-widget_type=\"theme-post-content.default\">\n<div class=\"elementor-widget-container\">\n<p>O Comando Nacional dos Banc\u00e1rios retomar\u00e1, na ter\u00e7a-feira (10), as negocia\u00e7\u00f5es com a Federa\u00e7\u00e3o Nacional dos Bancos (Fenaban) sobre o aditivo que visa impedir a aplica\u00e7\u00e3o para a categoria banc\u00e1ria da <a href=\"http:\/\/www.planalto.gov.br\/ccivil_03\/_Ato2019-2022\/2019\/Mpv\/mpv905.htm\" target=\"_blank\" rel=\"noopener noreferrer\">Medida Provis\u00f3ria (MP) 905\/2019<\/a>. A reuni\u00e3o ser\u00e1 realizada em S\u00e3o Paulo.<\/p>\n<p><a href=\"https:\/\/contrafcut.com.br\/noticias\/bancarios-nao-vao-trabalhar-aos-sabados\/\" target=\"_blank\" rel=\"noopener noreferrer\">Na \u00faltima reuni\u00e3o<\/a>, ficaram acertados v\u00e1rios pontos que garantiam a manuten\u00e7\u00e3o da jornada de segunda a sexta-feira, nos mesmos hor\u00e1rios atuais e que as negocia\u00e7\u00f5es sobre a Participa\u00e7\u00e3o nos Lucros e\/ou Resultados (PLR) continuariam sendo realizadas com os sindicatos, restou apenas fechar a reda\u00e7\u00e3o sobre os termos acordados.<\/p>\n<p>\u201cEsperamos que as diverg\u00eancias de reda\u00e7\u00e3o sejam resolvidas. Queremos que seja respeitado o que est\u00e1 definido em nossa Conven\u00e7\u00e3o Coletiva de Trabalho, que foi assinada pelos bancos e pelas entidades de representa\u00e7\u00e3o da categoria ap\u00f3s uma dura negocia\u00e7\u00e3o que levou mais de dois meses\u201d, disse a presidenta da Confedera\u00e7\u00e3o Nacional dos Trabalhadores do Ramo Financeiro (Contraf-CUT), Juvandia Moreira, que \u00e9 uma das coordenadoras do Comando Nacional dos Banc\u00e1rios.<\/p>\n<p>\u201cSabemos que n\u00e3o \u00e9 uma negocia\u00e7\u00e3o f\u00e1cil, pois foram os pr\u00f3prios bancos que pediram para o governo incluir na MP os pontos que agora estamos impedindo que eles coloquem em pr\u00e1tica. Mas, insistimos no princ\u00edpio de que n\u00e3o se deve mexer nos direitos que s\u00e3o garantidos pela nossa CCT, que est\u00e1 em vig\u00eancia at\u00e9 31 de agosto de 2020\u201d, afirmou a presidenta da Contraf-CUT. \u201cN\u00e3o foram eles que quiseram incluir na reforma trabalhista a preval\u00eancia do negociado sobre o legislado? Ent\u00e3o, nossa negocia\u00e7\u00e3o est\u00e1 em vig\u00eancia e vamos exigir que a mesa seja respeitada\u201d, completou.<\/p>\n<h3><strong>AI-5 dos direitos trabalhistas<\/strong><\/h3>\n<p>A presidenta da Contraf-CUT disse ainda que, mesmo com as negocia\u00e7\u00f5es em andamento com a federa\u00e7\u00e3o dos bancos, o Comando Nacional dos Banc\u00e1rios orienta que a Contraf-CUT, federa\u00e7\u00f5es e sindicatos de todo pa\u00eds mantenham a mobiliza\u00e7\u00e3o pela derrubada da MP 905\/2019 e os di\u00e1logos nas bases sindicais e com os deputados e senadores de seus estados.<\/p>\n<p> \u201cCom a federa\u00e7\u00e3o dos bancos podemos negociar apenas os pontos que afetam a categoria, mas a MP 905 \u00e9 um verdadeiro AI-5 dos direitos trabalhistas. Extingue a regulamenta\u00e7\u00e3o de diversas profiss\u00f5es, reduz direitos e a remunera\u00e7\u00e3o dos mais jovens, possibilita o achatamento de sal\u00e1rios dos mais experientes e institui imposto sobre o seguro-desemprego. Tudo isso para beneficiar os bancos e demais empres\u00e1rios, em preju\u00edzo da classe trabalhadora, at\u00e9 mesmo daqueles que est\u00e3o na cr\u00edtica situa\u00e7\u00e3o de desemprego\u201d, explicou Juvandia. \u201cPor isso, trabalhamos pela derrubada da MP\u201d, concluiu.<\/p>\n<p> <strong>Fonte:<\/strong> <strong>Contraf-CUT<\/strong><\/p>\n<\/div>\n<\/div>\n","protected":false},"excerpt":{"rendered":"<p>O Comando Nacional dos Banc\u00e1rios retomar\u00e1, na ter\u00e7a-feira (10), as negocia\u00e7\u00f5es com a Federa\u00e7\u00e3o Nacional dos Bancos (Fenaban) sobre o aditivo que visa impedir a aplica\u00e7\u00e3o para a categoria banc\u00e1ria da Medida Provis\u00f3ria (MP) 905\/2019. A reuni\u00e3o ser\u00e1 realizada em S\u00e3o Paulo. Na \u00faltima reuni\u00e3o, ficaram acertados v\u00e1rios pontos que garantiam a manuten\u00e7\u00e3o da jornada [&hellip;]<\/p>\n","protected":false},"author":2,"featured_media":8023,"comment_status":"","ping_status":"","sticky":false,"template":"","format":"standard","meta":{"footnotes":""},"categories":[3],"tags":[],"class_list":["post-8024","post","type-post","status-publish","format-standard","has-post-thumbnail","hentry","category-noticias"],"_links":{"self":[{"href":"https:\/\/hostnetart.com.br\/baixada\/wp-json\/wp\/v2\/posts\/8024","targetHints":{"allow":["GET"]}}],"collection":[{"href":"https:\/\/hostnetart.com.br\/baixada\/wp-json\/wp\/v2\/posts"}],"about":[{"href":"https:\/\/hostnetart.com.br\/baixada\/wp-json\/wp\/v2\/types\/post"}],"author":[{"embeddable":true,"href":"https:\/\/hostnetart.com.br\/baixada\/wp-json\/wp\/v2\/users\/2"}],"replies":[{"embeddable":true,"href":"https:\/\/hostnetart.com.br\/baixada\/wp-json\/wp\/v2\/comments?post=8024"}],"version-history":[{"count":0,"href":"https:\/\/hostnetart.com.br\/baixada\/wp-json\/wp\/v2\/posts\/8024\/revisions"}],"wp:featuredmedia":[{"embeddable":true,"href":"https:\/\/hostnetart.com.br\/baixada\/wp-json\/wp\/v2\/media\/8023"}],"wp:attachment":[{"href":"https:\/\/hostnetart.com.br\/baixada\/wp-json\/wp\/v2\/media?parent=8024"}],"wp:term":[{"taxonomy":"category","embeddable":true,"href":"https:\/\/hostnetart.com.br\/baixada\/wp-json\/wp\/v2\/categories?post=8024"},{"taxonomy":"post_tag","embeddable":true,"href":"https:\/\/hostnetart.com.br\/baixada\/wp-json\/wp\/v2\/tags?post=8024"}],"curies":[{"name":"wp","href":"https:\/\/api.w.org\/{rel}","templated":true}]}}