{"id":8022,"date":"2019-12-06T18:12:50","date_gmt":"2019-12-06T21:12:50","guid":{"rendered":"https:\/\/hostnetart.com.br\/baixada\/contraf-cut-cobra-ratificacao-da-convencao-190-da-oit\/"},"modified":"2019-12-06T18:12:50","modified_gmt":"2019-12-06T21:12:50","slug":"contraf-cut-cobra-ratificacao-da-convencao-190-da-oit","status":"publish","type":"post","link":"https:\/\/hostnetart.com.br\/baixada\/contraf-cut-cobra-ratificacao-da-convencao-190-da-oit\/","title":{"rendered":"Contraf-CUT cobra ratifica\u00e7\u00e3o da Conven\u00e7\u00e3o 190 da OIT"},"content":{"rendered":"<div class=\"elementor-element elementor-element-194680ec elementor-widget elementor-widget-theme-post-content\" data-id=\"194680ec\" data-element_type=\"widget\" data-widget_type=\"theme-post-content.default\">\n<div class=\"elementor-widget-container\">\n<p>A Uni Global Union e a entidade Internacional dos Servi\u00e7os P\u00fablicos (ISP) lan\u00e7aram, no dia 25 de novembro, uma campanha mundial para reivindicar a ratifica\u00e7\u00e3o da Conven\u00e7\u00e3o 190 da OIT sobre viol\u00eancia e ass\u00e9dio no mundo do trabalho.<\/p>\n<p>A Conven\u00e7\u00e3o 190 foi assinada em junho deste ano, durante a Confer\u00eancia da Organiza\u00e7\u00e3o Internacional do Trabalho e tem como objetivo garantir que toda trabalhadora e toda trabalhador tenha direito de se retirar de uma situa\u00e7\u00e3o que represente \u201cperigo iminente e grave para a sua vida, sua sa\u00fade, ou sua seguran\u00e7a, em raz\u00e3o da viol\u00eancia e do ass\u00e9dio, sem sofrer repres\u00e1lias\u201d.<\/p>\n<p>Para a secret\u00e1ria da Mulher da Confedera\u00e7\u00e3o Nacional dos Trabalhadores do Ramo Financeiro (Contraf-CUT), Elaine Cutis, a Conven\u00e7\u00e3o 190 \u00e9 um instrumento muito importante acabar com as pr\u00e1ticas de viol\u00eancia nos locais de trabalho e na sociedade. \u201cLutamos muito por essa Conven\u00e7\u00e3o, ajudamos a constru\u00ed-la e, agora, estamos lutando pela sua ratifica\u00e7\u00e3o em Bras\u00edlia\u201d, disse.<\/p>\n<p>O documento define viol\u00eancia e ass\u00e9dio como comportamentos, pr\u00e1ticas ou amea\u00e7as que visem e resultem em danos f\u00edsicos, psicol\u00f3gico, sexuais ou econ\u00f4micos para trabalhadoras e trabalhadores atingidos por essas graves situa\u00e7\u00f5es. A Conven\u00e7\u00e3o 190 registra tamb\u00e9m que os Estados-membros t\u00eam a responsabilidade de promover um ambiente geral de toler\u00e2ncia zero contra atitudes patronais e prejudiciais aos trabalhadores.<\/p>\n<p>\u201c\u00c9 preciso que todos os sindicato e federa\u00e7\u00f5es se mobilizem para ajudar nas reivindica\u00e7\u00f5es pela ratifica\u00e7\u00e3o da Conven\u00e7\u00e3o 190 da OIT, e tamb\u00e9m pressionar os governos\u201d, concluiu Elaine Cutis.<\/p>\n<p><strong>Fonte: Contraf-CUT<\/strong><\/p>\n<\/div>\n<\/div>\n","protected":false},"excerpt":{"rendered":"<p>A Uni Global Union e a entidade Internacional dos Servi\u00e7os P\u00fablicos (ISP) lan\u00e7aram, no dia 25 de novembro, uma campanha mundial para reivindicar a ratifica\u00e7\u00e3o da Conven\u00e7\u00e3o 190 da OIT sobre viol\u00eancia e ass\u00e9dio no mundo do trabalho. A Conven\u00e7\u00e3o 190 foi assinada em junho deste ano, durante a Confer\u00eancia da Organiza\u00e7\u00e3o Internacional do Trabalho [&hellip;]<\/p>\n","protected":false},"author":2,"featured_media":8021,"comment_status":"","ping_status":"","sticky":false,"template":"","format":"standard","meta":{"footnotes":""},"categories":[3],"tags":[],"class_list":["post-8022","post","type-post","status-publish","format-standard","has-post-thumbnail","hentry","category-noticias"],"_links":{"self":[{"href":"https:\/\/hostnetart.com.br\/baixada\/wp-json\/wp\/v2\/posts\/8022","targetHints":{"allow":["GET"]}}],"collection":[{"href":"https:\/\/hostnetart.com.br\/baixada\/wp-json\/wp\/v2\/posts"}],"about":[{"href":"https:\/\/hostnetart.com.br\/baixada\/wp-json\/wp\/v2\/types\/post"}],"author":[{"embeddable":true,"href":"https:\/\/hostnetart.com.br\/baixada\/wp-json\/wp\/v2\/users\/2"}],"replies":[{"embeddable":true,"href":"https:\/\/hostnetart.com.br\/baixada\/wp-json\/wp\/v2\/comments?post=8022"}],"version-history":[{"count":0,"href":"https:\/\/hostnetart.com.br\/baixada\/wp-json\/wp\/v2\/posts\/8022\/revisions"}],"wp:featuredmedia":[{"embeddable":true,"href":"https:\/\/hostnetart.com.br\/baixada\/wp-json\/wp\/v2\/media\/8021"}],"wp:attachment":[{"href":"https:\/\/hostnetart.com.br\/baixada\/wp-json\/wp\/v2\/media?parent=8022"}],"wp:term":[{"taxonomy":"category","embeddable":true,"href":"https:\/\/hostnetart.com.br\/baixada\/wp-json\/wp\/v2\/categories?post=8022"},{"taxonomy":"post_tag","embeddable":true,"href":"https:\/\/hostnetart.com.br\/baixada\/wp-json\/wp\/v2\/tags?post=8022"}],"curies":[{"name":"wp","href":"https:\/\/api.w.org\/{rel}","templated":true}]}}