{"id":802,"date":"2015-05-27T00:07:00","date_gmt":"2015-05-27T03:07:00","guid":{"rendered":"https:\/\/hostnetart.com.br\/baixada\/trabalhadores-de-bancos-privados-definem-pauta-especifica\/"},"modified":"2015-05-27T00:07:00","modified_gmt":"2015-05-27T03:07:00","slug":"trabalhadores-de-bancos-privados-definem-pauta-especifica","status":"publish","type":"post","link":"https:\/\/hostnetart.com.br\/baixada\/trabalhadores-de-bancos-privados-definem-pauta-especifica\/","title":{"rendered":"Trabalhadores de bancos privados definem pauta especifica"},"content":{"rendered":"<p>Uma pauta unificada para todo Brasil. Esse foi o ponto em comum dos quatro encontros nacionais dos funcion\u00e1rios de bancos privados, que come\u00e7aram nesta ter\u00e7a-feira (26), em S\u00e3o Paulo.<\/p>\n<p><span style=\"color: #464646;\">Os trabalhadores do Bradesco, concentrados no Hotel Braston S\u00e3o Raphael, no Largo do Arouche, iniciaram o trabalho com uma an\u00e1lise dos resultados do banco, a partir de uma apresenta\u00e7\u00e3o do Dieese. \u201cS\u00e3o indicadores que v\u00e3o nos ajudar a planejar nossas pol\u00edticas, j\u00e1 que n\u00f3s estamos come\u00e7ando uma campanha nacional de valoriza\u00e7\u00e3o do banc\u00e1rio\u201d, comenta Neiva Maria Ribeiro dos Santos, secret\u00e1ria de forma\u00e7\u00e3o do Sindicato dos Banc\u00e1rios de S\u00e3o Paulo.<\/span><br style=\"color: #464646;\" \/><br style=\"color: #464646;\" \/><span style=\"color: #464646;\">Os participantes fizeram tamb\u00e9m uma an\u00e1lise da estrutura da holding Bradesco. \u201c\u00c9 a estrat\u00e9gia da Contraf criar o ramo financeiro. Ent\u00e3o, vamos lutar pela contrata\u00e7\u00e3o diferenciada, para trazer esses trabalhadores para dentro do acordo coletivo dos banc\u00e1rios\u201d, explica.<\/span><br style=\"color: #464646;\" \/><br style=\"color: #464646;\" \/><span style=\"color: #464646;\">Neiva revela tamb\u00e9m que o encontro ainda vai tra\u00e7ar estrat\u00e9gias de organiza\u00e7\u00e3o para constru\u00e7\u00e3o do ramo, al\u00e9m de planejar a atua\u00e7\u00e3o da Comiss\u00e3o de Empregados (COE) nos pr\u00f3ximos anos. \u201cN\u00f3s vamos debater um mote \u00fanico para todo o Brasil. \u00c9 importante para que a gente possa construir uma pauta espec\u00edfica, al\u00e9m da campanha nacional unificada. Nossa pauta tem 18 itens e queremos atualiz\u00e1-la com quest\u00f5es como aux\u00edlio-educa\u00e7\u00e3o, inclus\u00e3o de pais e m\u00e3es no plano de sa\u00fade e remunera\u00e7\u00e3o vari\u00e1vel.\u201d<\/span><br style=\"color: #464646;\" \/><br style=\"color: #464646;\" \/><span style=\"color: #464646;\">Os banc\u00e1rios do Santander, reunidos no Hotel Boulevard S\u00e3o Luiz, fizeram uma an\u00e1lise do balan\u00e7o do banco, em cima dos dados apresentados pelo Dieese. \u201cCom esses n\u00fameros na cabe\u00e7a, podemos iniciar o alinhamento pol\u00edtico de a\u00e7\u00e3o nacional para defender nossas demandas e tra\u00e7ar um plano de luta para cobrar o banco\u201d, informa a coordenadora da Comiss\u00e3o de Organiza\u00e7\u00e3o dos Empregados (COE) do Santander, Maria Rosani.<\/span><br style=\"color: #464646;\" \/><br style=\"color: #464646;\" \/><span style=\"color: #464646;\">Para ela, quando a categoria mostra uma unidade nacional, o movimento ganha mais for\u00e7a. \u201cA a\u00e7\u00e3o nacional nos d\u00e1 mais poder na mesa de negocia\u00e7\u00e3o. Mas, n\u00e3o podemos usar sempre, s\u00f3 quando h\u00e1 real necessidade.\u201d<\/span><br style=\"color: #464646;\" \/><br style=\"color: #464646;\" \/><span style=\"color: #464646;\">No hotel Braston Martins Fontes, os funcion\u00e1rios do Ita\u00fa definiram quest\u00f5es centrais para este ano, como os nomes da Comiss\u00e3o de Organiza\u00e7\u00e3o dos Empregados (COE) e pontos de contatos nas federa\u00e7\u00f5es, a periodicidade de reuni\u00f5es e um alinhamento de conte\u00fado para os materiais de comunica\u00e7\u00e3o da campanha. \u201cEste \u00e9 o per\u00edodo de reorganizar a comiss\u00e3o e escutar todas as demandas nacionais para definirmos uma pauta \u00fanica e negociar a agenda de negocia\u00e7\u00e3o com os bancos\u201d, acredita Jair Santos, coordenador da COE.<\/span><br style=\"color: #464646;\" \/><br style=\"color: #464646;\" \/><b style=\"color: #464646;\">HSBC: Contra demiss\u00f5es<\/b><br style=\"color: #464646;\" \/><span style=\"color: #464646;\">Como j\u00e1 estava previsto, o encontro do HSBC, no Hotel Braston Augusta, discutiu o an\u00fancio feito pelo banco ingl\u00eas de que analisa a venda de seus ativos financeiros no Brasil. \u201cQueremos dar visibilidade a este processo e mostrar para a sociedade os reflexos sociais negativos dessa venda. Pois, os \u00f3rg\u00e3os reguladores consideram apenas as quest\u00f5es mercadol\u00f3gicas e esquecem das pessoas e de suas necessidades\u201d, garante Cristiane Zacarias, coordenadora da Comiss\u00e3o de Organiza\u00e7\u00e3o dos Empregados do HSBC. \u201cN\u00f3s estamos aqui fazendo a luta em defesa do emprego. Esta luta, no fundo, tamb\u00e9m \u00e9 pela defesa e amplia\u00e7\u00e3o dos direitos dos banc\u00e1rios\u201d, completa.\u00a0<\/span><br style=\"color: #464646;\" \/><br style=\"color: #464646;\" \/><span style=\"color: #464646;\">Fonte: Contraf-CUT<\/span><\/p>\n","protected":false},"excerpt":{"rendered":"<p>Uma pauta unificada para todo Brasil. Esse foi o ponto em comum dos quatro encontros nacionais dos funcion\u00e1rios de bancos privados, que come\u00e7aram nesta ter\u00e7a-feira (26), em S\u00e3o Paulo. Os trabalhadores do Bradesco, concentrados no Hotel Braston S\u00e3o Raphael, no Largo do Arouche, iniciaram o trabalho com uma an\u00e1lise dos resultados do banco, a partir [&hellip;]<\/p>\n","protected":false},"author":1,"featured_media":801,"comment_status":"","ping_status":"","sticky":false,"template":"","format":"standard","meta":{"footnotes":""},"categories":[3],"tags":[],"class_list":["post-802","post","type-post","status-publish","format-standard","has-post-thumbnail","hentry","category-noticias"],"_links":{"self":[{"href":"https:\/\/hostnetart.com.br\/baixada\/wp-json\/wp\/v2\/posts\/802","targetHints":{"allow":["GET"]}}],"collection":[{"href":"https:\/\/hostnetart.com.br\/baixada\/wp-json\/wp\/v2\/posts"}],"about":[{"href":"https:\/\/hostnetart.com.br\/baixada\/wp-json\/wp\/v2\/types\/post"}],"author":[{"embeddable":true,"href":"https:\/\/hostnetart.com.br\/baixada\/wp-json\/wp\/v2\/users\/1"}],"replies":[{"embeddable":true,"href":"https:\/\/hostnetart.com.br\/baixada\/wp-json\/wp\/v2\/comments?post=802"}],"version-history":[{"count":0,"href":"https:\/\/hostnetart.com.br\/baixada\/wp-json\/wp\/v2\/posts\/802\/revisions"}],"wp:featuredmedia":[{"embeddable":true,"href":"https:\/\/hostnetart.com.br\/baixada\/wp-json\/wp\/v2\/media\/801"}],"wp:attachment":[{"href":"https:\/\/hostnetart.com.br\/baixada\/wp-json\/wp\/v2\/media?parent=802"}],"wp:term":[{"taxonomy":"category","embeddable":true,"href":"https:\/\/hostnetart.com.br\/baixada\/wp-json\/wp\/v2\/categories?post=802"},{"taxonomy":"post_tag","embeddable":true,"href":"https:\/\/hostnetart.com.br\/baixada\/wp-json\/wp\/v2\/tags?post=802"}],"curies":[{"name":"wp","href":"https:\/\/api.w.org\/{rel}","templated":true}]}}