{"id":8016,"date":"2019-12-05T17:11:40","date_gmt":"2019-12-05T20:11:40","guid":{"rendered":"https:\/\/hostnetart.com.br\/baixada\/venda-do-banco-do-brasil-vai-encarecer-alimentos\/"},"modified":"2019-12-05T17:11:40","modified_gmt":"2019-12-05T20:11:40","slug":"venda-do-banco-do-brasil-vai-encarecer-alimentos","status":"publish","type":"post","link":"https:\/\/hostnetart.com.br\/baixada\/venda-do-banco-do-brasil-vai-encarecer-alimentos\/","title":{"rendered":"Venda do Banco do Brasil vai encarecer alimentos"},"content":{"rendered":"<div class=\"elementor-element elementor-element-194680ec elementor-widget elementor-widget-theme-post-content\" data-id=\"194680ec\" data-element_type=\"widget\" data-widget_type=\"theme-post-content.default\">\n<div class=\"elementor-widget-container\">\n<p>Se o governo Bolsonaro privatizar o Banco do Brasil, como vem sendo <a href=\"https:\/\/oglobo.globo.com\/economia\/equipe-de-paulo-guedes-discute-privatizacao-do-banco-do-brasil-24114351\" target=\"_blank\" rel=\"noopener noreferrer\">anunciado pela imprensa<\/a>, os aumentos dos pre\u00e7os da <a href=\"https:\/\/exame.abril.com.br\/economia\/preco-da-carne-sobe-simulando-lancamento-de-um-foguete-ate-quando\/\" target=\"_blank\" rel=\"noopener noreferrer\">carne bovina<\/a>, de <a href=\"https:\/\/economia.uol.com.br\/noticias\/redacao\/2019\/12\/04\/preco-porco-frango-alta.htm\" target=\"_blank\" rel=\"noopener noreferrer\">porco e de frango<\/a> podem ser apenas o come\u00e7o da alta dos pre\u00e7os dos alimentos, segundo a presidenta da Confedera\u00e7\u00e3o Nacional dos Trabalhadores do Ramo Financeiro (Contraf-CUT), Juvandia Moreira. \u201cA alta pode atingir toda a cesta b\u00e1sica, uma vez que quase 70% de toda a carteira de cr\u00e9dito rural \u00e9 de responsabilidade do banco\u201d, disse.<\/p>\n<p>Um levantamento realizado pelo Departamento Intersindical de Estat\u00edstica e Estudos Socioecon\u00f4micos (Dieese), com base em dados do Banco Central, aponta que, em fevereiro de 2019, 72,9% da carteira de cr\u00e9dito rural era de responsabilidade dos bancos p\u00fablicos, com destaque para o Banco do Brasil e para o Banco do Nordeste.<\/p>\n<p>Por isso, para a representante eleita pelos funcion\u00e1rios para o Conselho de Administra\u00e7\u00e3o do Banco do Brasil, D\u00e9bora Fonseca, a privatiza\u00e7\u00e3o do Banco do Brasil prejudicaria toda a cadeia produtiva da agropecu\u00e1ria. \u201cO financiamento, obviamente, ficaria mais caro. Com isso, a agricultura familiar seria inviabilizada. O custo da produ\u00e7\u00e3o aumentaria e isso seria repassado para os pre\u00e7os dos alimentos que chegam \u00e0 mesa da popula\u00e7\u00e3o brasileira, que \u00e9 quem pagaria o \u2018pato\u2019 por essa pol\u00edtica inconsequente de redu\u00e7\u00e3o do Estado, que vem sendo implantada pelo atual governo\u201d, disse.<\/p>\n<p>A grande concentra\u00e7\u00e3o da carteira de cr\u00e9dito rural nas m\u00e3os do Banco do Brasil n\u00e3o se d\u00e1 pela falta de concorr\u00eancia, mas sim porque o banco oferece os menores custos de financiamento para os produtores rurais e tamb\u00e9m porque, como banco p\u00fablico, tem como princ\u00edpio a disponibiliza\u00e7\u00e3o do cr\u00e9dito para o desenvolvimento econ\u00f4mico e social do pa\u00eds. \u201cOs bancos privados n\u00e3o t\u00eam como prioridade o desenvolvimento do pa\u00eds, eles visam lucro. Por isso, cobram taxas altas, n\u00e3o se importam em fechar ag\u00eancias em cidades que, para eles, n\u00e3o trazem retorno financeiro e tampouco com o oferecimento de cr\u00e9dito para todos os segmentos econ\u00f4micos e regi\u00f5es do pa\u00eds\u201d, observou a presidenta da Contraf-CUT.<\/p>\n<p>Os bancos privados n\u00e3o s\u00e3o proibidos de oferecer cr\u00e9dito rural, mas n\u00e3o o fazem porque querem cobrar taxas acima das que s\u00e3o oferecidas pelos bancos p\u00fablicos, como o Banco do Brasil e o Banco do Nordeste, os maiores detentores da carteira.<\/p>\n<p>\u201cPor isso, ao contr\u00e1rio do que alguns podem pensar, a privatiza\u00e7\u00e3o do Banco do Brasil n\u00e3o vai reduzir os spreads e muito menos aumentar a concorr\u00eancia. S\u00e3o os bancos p\u00fablicos, quando bem utilizados, que servem como ferramenta de desenvolvimento econ\u00f4mico e de redu\u00e7\u00e3o das taxas de juros. Com a privatiza\u00e7\u00e3o, o governo perder\u00e1 o controle sobre essa importante ferramenta de controle da economia do pa\u00eds\u201d, explicou a presidenta da Contraf-CUT, se contraponto \u00e0 afirma\u00e7\u00e3o do deputado federal e vice-presidente da Confedera\u00e7\u00e3o Nacional da Agricultura e Pecu\u00e1ria, Jos\u00e9 Mario Schreiner (DEM-GO), em <a href=\"https:\/\/valor.globo.com\/financas\/noticia\/2019\/12\/04\/lider-do-governo-ve-viabilidade-total-para-venda-de-instituicao.ghtml\" target=\"_blank\" rel=\"noopener noreferrer\">entrevista<\/a> concedida ao jornal Valor Econ\u00f4mico.<\/p>\n<h3><strong>Desmonte do BB<\/strong><\/h3>\n<p>Para o coordenador da Comiss\u00e3o de Empresa dos Funcion\u00e1rios do Banco do Brasil (CEBB), Jo\u00e3o Fukunaga, mesmo que o governo negue a inten\u00e7\u00e3o de privatizar o Banco do Brasil, esta privatiza\u00e7\u00e3o j\u00e1 vem ocorrendo de forma fatiada. \u201cO banco j\u00e1 vendeu sua participa\u00e7\u00e3o na resseguradora IRB, na BB Seguridade, na Neoenergia, na Cibrasec e na SBCE. Al\u00e9m disso, fez oferta secund\u00e1ria de a\u00e7\u00f5es, mantendo apenas no limite o controle da institui\u00e7\u00e3o\u201d, lembrou Fukunaga.<\/p>\n<p>A representante dos funcion\u00e1rios no CA do Banco do Brasil afirmou ainda que nem do ponto de vista mercadol\u00f3gico faz sentido privatizar o Banco do Brasil. \u201c\u00c9 bom salientar que o Banco do Brasil n\u00e3o traz preju\u00edzo para o Estado, pelo contr\u00e1rio, rendeu \u00e0 uni\u00e3o mais de R$ 32 bilh\u00f5es nos \u00faltimos 10 anos\u201d, disse D\u00e9bora. \u201cEnt\u00e3o, n\u00e3o podemos aceitar nenhum tipo de ataque, nenhum tipo de tentativa de acabar com o banco\u201d, completou.<\/p>\n<p><strong>Fonte:<\/strong> <strong>Contraf-CUT<\/strong><\/p>\n<\/div>\n<\/div>\n","protected":false},"excerpt":{"rendered":"<p>Se o governo Bolsonaro privatizar o Banco do Brasil, como vem sendo anunciado pela imprensa, os aumentos dos pre\u00e7os da carne bovina, de porco e de frango podem ser apenas o come\u00e7o da alta dos pre\u00e7os dos alimentos, segundo a presidenta da Confedera\u00e7\u00e3o Nacional dos Trabalhadores do Ramo Financeiro (Contraf-CUT), Juvandia Moreira. \u201cA alta pode [&hellip;]<\/p>\n","protected":false},"author":2,"featured_media":8015,"comment_status":"","ping_status":"","sticky":false,"template":"","format":"standard","meta":{"footnotes":""},"categories":[3],"tags":[],"class_list":["post-8016","post","type-post","status-publish","format-standard","has-post-thumbnail","hentry","category-noticias"],"_links":{"self":[{"href":"https:\/\/hostnetart.com.br\/baixada\/wp-json\/wp\/v2\/posts\/8016","targetHints":{"allow":["GET"]}}],"collection":[{"href":"https:\/\/hostnetart.com.br\/baixada\/wp-json\/wp\/v2\/posts"}],"about":[{"href":"https:\/\/hostnetart.com.br\/baixada\/wp-json\/wp\/v2\/types\/post"}],"author":[{"embeddable":true,"href":"https:\/\/hostnetart.com.br\/baixada\/wp-json\/wp\/v2\/users\/2"}],"replies":[{"embeddable":true,"href":"https:\/\/hostnetart.com.br\/baixada\/wp-json\/wp\/v2\/comments?post=8016"}],"version-history":[{"count":0,"href":"https:\/\/hostnetart.com.br\/baixada\/wp-json\/wp\/v2\/posts\/8016\/revisions"}],"wp:featuredmedia":[{"embeddable":true,"href":"https:\/\/hostnetart.com.br\/baixada\/wp-json\/wp\/v2\/media\/8015"}],"wp:attachment":[{"href":"https:\/\/hostnetart.com.br\/baixada\/wp-json\/wp\/v2\/media?parent=8016"}],"wp:term":[{"taxonomy":"category","embeddable":true,"href":"https:\/\/hostnetart.com.br\/baixada\/wp-json\/wp\/v2\/categories?post=8016"},{"taxonomy":"post_tag","embeddable":true,"href":"https:\/\/hostnetart.com.br\/baixada\/wp-json\/wp\/v2\/tags?post=8016"}],"curies":[{"name":"wp","href":"https:\/\/api.w.org\/{rel}","templated":true}]}}