{"id":8014,"date":"2019-12-04T15:44:22","date_gmt":"2019-12-04T18:44:22","guid":{"rendered":"https:\/\/hostnetart.com.br\/baixada\/mudanca-em-lei-de-cotas-para-pessoa-com-deficiencia-e-anticonstitucional\/"},"modified":"2019-12-04T15:44:22","modified_gmt":"2019-12-04T18:44:22","slug":"mudanca-em-lei-de-cotas-para-pessoa-com-deficiencia-e-anticonstitucional","status":"publish","type":"post","link":"https:\/\/hostnetart.com.br\/baixada\/mudanca-em-lei-de-cotas-para-pessoa-com-deficiencia-e-anticonstitucional\/","title":{"rendered":"Mudan\u00e7a em Lei de Cotas para pessoa com defici\u00eancia \u00e9 \u2018anticonstitucional\u2019"},"content":{"rendered":"<p>O Projeto de Lei do governo Bolsonaro que<a href=\"https:\/\/www.redebrasilatual.com.br\/destaques\/2019\/12\/bolsonaro-cotas-pessoas-com-deficiencia\/\" target=\"_blank\" rel=\"noopener noreferrer\">\u00a0modifica a atual pol\u00edtica de cotas para as pessoas com defici\u00eancia<\/a>\u00a0ou reabilitadas, acaba com uma medida de inclus\u00e3o para dar lugar ao assistencialismo. Para a soci\u00f3loga Marta Gil \u00e9 \u201cum retrocesso enorme e, al\u00e9m de tudo,\u00a0anticonstitucional, ou seja, nada a favor\u201d.<\/p>\n<p>De acordo com Marta, que tem um trabalho extenso na \u00e1rea de inclus\u00e3o, ao menos 500 mil pessoas com defici\u00eancia fazem parte da popula\u00e7\u00e3o economicamente ativa, segundo estimativas da Rela\u00e7\u00e3o Anual de Informa\u00e7\u00f5es Sociais (Rais) de 2018, e\u00a0podem ser prejudicadas pelo PL 6.159\/2019 do presidente Jair Bolsonaro.<\/p>\n<p>Isso porque, na pr\u00e1tica, as empresas estar\u00e3o desobrigadas de fazer esse tipo de contrata\u00e7\u00e3o no caso de optarem pelo pagamento de um valor equivalente a dois sal\u00e1rios m\u00ednimos mensais a uma entidade assistencial. Segundo o governo, no caso de empresas que n\u00e3o cumprirem a cota, ser\u00e1 recolhido\u00a0mensalmente um valor\u00a0por parte da Uni\u00e3o, que direcionar\u00e1 o dinheiro\u00a0a um programa de reabilita\u00e7\u00e3o f\u00edsica e profissional.<\/p>\n<p>\u201cJ\u00e1 foi tirado o car\u00e1ter de urg\u00eancia desse PL que, por enquanto, \u00e9 s\u00f3 um projeto e a gente espera que fique por a\u00ed mesmo. Pelo menos 500 mil pessoas (estar\u00e3o com os empregos em risco) e se a gente pensar que essas pessoas t\u00eam uma fam\u00edlia, podemos multiplicar por at\u00e9 quatro, s\u00f3 para pensar em termos num\u00e9ricos\u201d, ressalta a soci\u00f3loga, em entrevista ao boletim do\u00a0<em>Bom Para Todos<\/em>, da\u00a0<strong>TVT<\/strong>.<\/p>\n<p>Nesta ter\u00e7a-feira (3), quando a PL veio \u00e0 tona, em plena celebra\u00e7\u00e3o do Dia Internacional da Pessoa com Defici\u00eancia, parlamentares\u00a0opositores ao governo Bolsonaro, se reuniram com o presidente da C\u00e2mara, Rodrigo Maia (DEM-RJ) para barrar o projeto, considerado uma amea\u00e7a aos direitos dessa popula\u00e7\u00e3o. De acordo com\u00a0a deputada federal Erika Kokay (PT-DF), o\u00a0<a href=\"https:\/\/twitter.com\/erikakokay\/status\/1202016418667094016\" target=\"_blank\" rel=\"noopener noreferrer\">presidente da Casa se comprometeu a n\u00e3o colocar em vota\u00e7\u00e3o o PL<\/a>.<\/p>\n<p>A medida apresentada pelo governo foi vista como refor\u00e7o da marca de Bolsonaro, de \u201ctirar de quem mais precisa\u201d, afirma o deputado federal Ivan Valente (Psol-SP) pelo Twitter. \u201c<span class=\"css-901oao css-16my406 r-1qd0xha r-ad9z0x r-bcqeeo r-qvutc0\">Bolsonaro governa a servi\u00e7o dos ricos, enquanto massacra o povo brasileiro. O alvo agora s\u00e3o as\u00a0<\/span><span class=\"css-901oao css-16my406 r-1qd0xha r-vw2c0b r-ad9z0x r-bcqeeo r-qvutc0\">pessoas<\/span>\u00a0<span class=\"css-901oao css-16my406 r-1qd0xha r-vw2c0b r-ad9z0x r-bcqeeo r-qvutc0\">com<\/span>\u00a0<span class=\"css-901oao css-16my406 r-1qd0xha r-vw2c0b r-ad9z0x r-bcqeeo r-qvutc0\">defici\u00eancia.\u201d<\/span><\/p>\n<p>A senadora Mara Gabrilli (PSDB-SP), cadeirante, que chegou a considerar, nas elei\u00e7\u00f5es do ano passado, que\u00a0<a href=\"https:\/\/noticias.uol.com.br\/politica\/eleicoes\/2018\/noticias\/2018\/10\/08\/mara-gabrilli-diz-que-nunca-apoiara-pt-mas-espera-melhora-de-bolsonaro.htm\" target=\"_blank\" rel=\"noopener noreferrer\">Bolsonaro poderia melhorar suas ideias e propostas<\/a>, segundo reportagem do\u00a0<em>UOL<\/em>,<a href=\"https:\/\/twitter.com\/maragabrilli\/status\/1202004237154172928\" target=\"_blank\" rel=\"noopener noreferrer\">\u00a0discursou no Congresso<\/a>\u00a0contra a proposta do Executivo. \u201cN\u00e3o tem primeira dama que explique isso, nem na L\u00edngua Brasileira de Sinais (\u2026) As duas Casas (Legislativas) t\u00eam conhecimento, capacidade e compet\u00eancia para fazer um projeto que seja bom para o Brasil e n\u00e3o para fazer um projeto que seja bom para o governo, empres\u00e1rios e os banqueiros, isso a gente n\u00e3o vai admitir\u201d, criticou.<\/p>\n<p>A Lei de Cotas, que Bolsonaro visa alterar, determinando a empresas com mais de 100 funcion\u00e1rios que mantenham em seus quadros entre 2% a 5% a contrata\u00e7\u00e3o de pessoas com defici\u00eancia. A legisla\u00e7\u00e3o tem garantido visibilidade social e um aumento do poder aquisitivo das pessoas com defici\u00eancia, de acordo com\u00a0<a href=\"https:\/\/www.uol.com.br\/ecoa\/ultimas-noticias\/2019\/12\/03\/dia-internacional-da-pessoa-com-deficiencia.htm\" target=\"_blank\" rel=\"noopener noreferrer\">pesquisa Ibope<\/a>.<\/p>\n<p><strong>Fonte: Rede Brasil Atual<\/strong><\/p>\n","protected":false},"excerpt":{"rendered":"<p>O Projeto de Lei do governo Bolsonaro que\u00a0modifica a atual pol\u00edtica de cotas para as pessoas com defici\u00eancia\u00a0ou reabilitadas, acaba com uma medida de inclus\u00e3o para dar lugar ao assistencialismo. Para a soci\u00f3loga Marta Gil \u00e9 \u201cum retrocesso enorme e, al\u00e9m de tudo,\u00a0anticonstitucional, ou seja, nada a favor\u201d. De acordo com Marta, que tem um [&hellip;]<\/p>\n","protected":false},"author":2,"featured_media":8013,"comment_status":"","ping_status":"","sticky":false,"template":"","format":"standard","meta":{"footnotes":""},"categories":[3],"tags":[],"class_list":["post-8014","post","type-post","status-publish","format-standard","has-post-thumbnail","hentry","category-noticias"],"_links":{"self":[{"href":"https:\/\/hostnetart.com.br\/baixada\/wp-json\/wp\/v2\/posts\/8014","targetHints":{"allow":["GET"]}}],"collection":[{"href":"https:\/\/hostnetart.com.br\/baixada\/wp-json\/wp\/v2\/posts"}],"about":[{"href":"https:\/\/hostnetart.com.br\/baixada\/wp-json\/wp\/v2\/types\/post"}],"author":[{"embeddable":true,"href":"https:\/\/hostnetart.com.br\/baixada\/wp-json\/wp\/v2\/users\/2"}],"replies":[{"embeddable":true,"href":"https:\/\/hostnetart.com.br\/baixada\/wp-json\/wp\/v2\/comments?post=8014"}],"version-history":[{"count":0,"href":"https:\/\/hostnetart.com.br\/baixada\/wp-json\/wp\/v2\/posts\/8014\/revisions"}],"wp:featuredmedia":[{"embeddable":true,"href":"https:\/\/hostnetart.com.br\/baixada\/wp-json\/wp\/v2\/media\/8013"}],"wp:attachment":[{"href":"https:\/\/hostnetart.com.br\/baixada\/wp-json\/wp\/v2\/media?parent=8014"}],"wp:term":[{"taxonomy":"category","embeddable":true,"href":"https:\/\/hostnetart.com.br\/baixada\/wp-json\/wp\/v2\/categories?post=8014"},{"taxonomy":"post_tag","embeddable":true,"href":"https:\/\/hostnetart.com.br\/baixada\/wp-json\/wp\/v2\/tags?post=8014"}],"curies":[{"name":"wp","href":"https:\/\/api.w.org\/{rel}","templated":true}]}}