{"id":8010,"date":"2019-12-04T15:42:27","date_gmt":"2019-12-04T18:42:27","guid":{"rendered":"https:\/\/hostnetart.com.br\/baixada\/financial-times-suspeita-de-dados-economicos-do-brasil\/"},"modified":"2019-12-04T15:42:27","modified_gmt":"2019-12-04T18:42:27","slug":"financial-times-suspeita-de-dados-economicos-do-brasil","status":"publish","type":"post","link":"https:\/\/hostnetart.com.br\/baixada\/financial-times-suspeita-de-dados-economicos-do-brasil\/","title":{"rendered":"\u2018Financial Times\u2019 suspeita de dados econ\u00f4micos do Brasil"},"content":{"rendered":"<p>Reportagem do jornal ingl\u00eas\u00a0<em><strong>Financial Times<\/strong>\u00a0<\/em>publicada nesta ter\u00e7a-feira (3)\u00a0<a href=\"https:\/\/www.ft.com\/content\/bc552d72-15cf-11ea-9ee4-11f260415385\" target=\"_blank\" rel=\"noopener noreferrer\">mostra desconfian\u00e7a<\/a>\u00a0de que os dados referentes \u00e0s exporta\u00e7\u00f5es brasileiras podem ter sido \u201cmaquiados\u201d pelo Minist\u00e9rio da Economia. A publica\u00e7\u00e3o menciona ainda \u201cincompet\u00eancia\u201d na divulga\u00e7\u00e3o desses n\u00fameros, e diz que analistas se perguntam \u201cse ainda devem confiar na seguran\u00e7a das estat\u00edsticas brasileiras\u201d.<\/p>\n<p>Na \u00faltima quinta-feira (28), a Secretaria de Com\u00e9rcio Exterior (Secex) do Minist\u00e9rio da Economia revisou para cima as exporta\u00e7\u00f5es acumuladas at\u00e9 a quarta semana de novembro, que teriam\u00a0contabilizado US$ 13,5 bilh\u00f5es. Na semana anterior, as vendas para o exterior teriam somado\u00a0U$ 9,7 bilh\u00f5es.<\/p>\n<p>Segundo o Minist\u00e9rio da Economia, os\u00a0dados do terceiro trimestre\u00a0inteiro foram subnotificados por falhas no registro de declara\u00e7\u00f5es, e ser\u00e3o corrigidos para cima. Por\u00e9m, segundo a reportagem, se comparado com o estoques alt\u00edssimos de produtos nas empresas, informa\u00e7\u00e3o tamb\u00e9m dispon\u00edvel no relat\u00f3rio da Secex, haveria uma \u201cincongru\u00eancia\u201d.<\/p>\n<p>Com o t\u00edtulo \u201cFalha nos dados econ\u00f4micos brasileiros desperta preocupa\u00e7\u00f5es entre analistas\u201d, o jornal afirma que os novos dados apresentados contribu\u00edram para a valoriza\u00e7\u00e3o do real nos preg\u00f5es subsequentes \u00e0 divulga\u00e7\u00e3o, o que teria impactado tamb\u00e9m na\u00a0<a href=\"https:\/\/www.redebrasilatual.com.br\/economia\/2019\/12\/pib-confirma-atividade-fraca\/\" target=\"_blank\" rel=\"noopener noreferrer\">divulga\u00e7\u00e3o do PIB<\/a>, de crescimento de 0,6% do segundo para o terceiro trimestre.<\/p>\n<p>Para o\u00a0<em>Financial Times<\/em>, as duas revis\u00f5es\u00a0\u201ce a possibilidade de mais por vir levantaram d\u00favidas pela primeira vez sobre os dados brasileiros, h\u00e1 muito vistos como um exemplo de pontualidade e transpar\u00eancia entre os pa\u00edses emergentes\u201d. Pelo Twitter, o editor do jornal<i>\u00a0<\/i>para a regi\u00e3o, Michael Sttot,\u00a0perguntou: \u201cPodemos confiar nos dados da maior economia da Am\u00e9rica Latina?\u201d<\/p>\n<p>Para o professor do Departamento de Economia da Universidade de Bras\u00edlia (UnB)\u00a0Jos\u00e9\u00a0Luis\u00a0Oreiro, o ministro Paulo Guedes deve explica\u00e7\u00f5es sobre as \u201cgraves acusa\u00e7\u00f5es\u201d sobre poss\u00edveis manipula\u00e7\u00f5es de dados apontadas pelo jornal ingl\u00eas.\u00a0A confiabilidade dos dados econ\u00f4micos brasileiros tem que estar acima de qualquer suspeita. Calar, nesse caso, \u00e9 consentir. Caso confirmadas as manipula\u00e7\u00f5es, seria motivo para que Guedes pedisse a sua \u201cimediata exonera\u00e7\u00e3o\u201d do governo, segundo Oreiro.<\/p>\n<p><strong>Fonte: Rede Brasil Atual<\/strong><\/p>\n","protected":false},"excerpt":{"rendered":"<p>Reportagem do jornal ingl\u00eas\u00a0Financial Times\u00a0publicada nesta ter\u00e7a-feira (3)\u00a0mostra desconfian\u00e7a\u00a0de que os dados referentes \u00e0s exporta\u00e7\u00f5es brasileiras podem ter sido \u201cmaquiados\u201d pelo Minist\u00e9rio da Economia. A publica\u00e7\u00e3o menciona ainda \u201cincompet\u00eancia\u201d na divulga\u00e7\u00e3o desses n\u00fameros, e diz que analistas se perguntam \u201cse ainda devem confiar na seguran\u00e7a das estat\u00edsticas brasileiras\u201d. Na \u00faltima quinta-feira (28), a Secretaria de [&hellip;]<\/p>\n","protected":false},"author":2,"featured_media":8009,"comment_status":"","ping_status":"","sticky":false,"template":"","format":"standard","meta":{"footnotes":""},"categories":[3],"tags":[],"class_list":["post-8010","post","type-post","status-publish","format-standard","has-post-thumbnail","hentry","category-noticias"],"_links":{"self":[{"href":"https:\/\/hostnetart.com.br\/baixada\/wp-json\/wp\/v2\/posts\/8010","targetHints":{"allow":["GET"]}}],"collection":[{"href":"https:\/\/hostnetart.com.br\/baixada\/wp-json\/wp\/v2\/posts"}],"about":[{"href":"https:\/\/hostnetart.com.br\/baixada\/wp-json\/wp\/v2\/types\/post"}],"author":[{"embeddable":true,"href":"https:\/\/hostnetart.com.br\/baixada\/wp-json\/wp\/v2\/users\/2"}],"replies":[{"embeddable":true,"href":"https:\/\/hostnetart.com.br\/baixada\/wp-json\/wp\/v2\/comments?post=8010"}],"version-history":[{"count":0,"href":"https:\/\/hostnetart.com.br\/baixada\/wp-json\/wp\/v2\/posts\/8010\/revisions"}],"wp:featuredmedia":[{"embeddable":true,"href":"https:\/\/hostnetart.com.br\/baixada\/wp-json\/wp\/v2\/media\/8009"}],"wp:attachment":[{"href":"https:\/\/hostnetart.com.br\/baixada\/wp-json\/wp\/v2\/media?parent=8010"}],"wp:term":[{"taxonomy":"category","embeddable":true,"href":"https:\/\/hostnetart.com.br\/baixada\/wp-json\/wp\/v2\/categories?post=8010"},{"taxonomy":"post_tag","embeddable":true,"href":"https:\/\/hostnetart.com.br\/baixada\/wp-json\/wp\/v2\/tags?post=8010"}],"curies":[{"name":"wp","href":"https:\/\/api.w.org\/{rel}","templated":true}]}}