{"id":8008,"date":"2019-12-04T14:01:26","date_gmt":"2019-12-04T17:01:26","guid":{"rendered":"https:\/\/hostnetart.com.br\/baixada\/privatizacao-do-banco-do-brasil-aumentaria-concentracao-no-setor-alerta-sindicato\/"},"modified":"2019-12-04T14:01:26","modified_gmt":"2019-12-04T17:01:26","slug":"privatizacao-do-banco-do-brasil-aumentaria-concentracao-no-setor-alerta-sindicato","status":"publish","type":"post","link":"https:\/\/hostnetart.com.br\/baixada\/privatizacao-do-banco-do-brasil-aumentaria-concentracao-no-setor-alerta-sindicato\/","title":{"rendered":"Privatiza\u00e7\u00e3o do Banco do Brasil aumentaria concentra\u00e7\u00e3o no setor, alerta sindicato"},"content":{"rendered":"<p>Mat\u00e9ria publicada pelo jornal\u00a0<a href=\"https:\/\/oglobo.globo.com\/economia\/equipe-de-paulo-guedes-discute-privatizacao-do-banco-do-brasil-24114351\" target=\"_blank\" rel=\"noopener noreferrer\"><em>O Globo<\/em><\/a>, nesta ter\u00e7a-feira (3), revela que o ministro da Economia, Paulo Guedes, e sua equipe estudam a privatiza\u00e7\u00e3o do Banco do Brasil. A justificativa \u00e9 que a venda do banco p\u00fablico serviria para baratear e diversificar o acesso ao cr\u00e9dito no pa\u00eds, ampliando a concorr\u00eancia.<\/p>\n<p>A avalia\u00e7\u00e3o do secret\u00e1rio de Assuntos Jur\u00eddicos do Sindicato dos Banc\u00e1rios de S\u00e3o Paulo, Osasco e Regi\u00e3o, Jo\u00e3o Fukunaga, tamb\u00e9m coordenador da Comiss\u00e3o de Funcion\u00e1rios do BB, \u00e9 de que esse processo agravaria ainda mais a concentra\u00e7\u00e3o do setor banc\u00e1rio, com preju\u00edzo para\u00a0<a href=\"https:\/\/www.redebrasilatual.com.br\/economia\/2019\/03\/privatizacao-do-banco-do-brasil-pode-prejudicar-financiamentos-e-politicas-sociais\/\" target=\"_blank\" rel=\"noopener noreferrer\">pol\u00edticas de financiamento<\/a>\u00a0do cr\u00e9dito agr\u00edcola e imobili\u00e1rio, por exemplo.<\/p>\n<p>\u201cGuedes e sua equipe\u00a0falam uma coisa, mas sabem que, na pr\u00e1tica, a realidade \u00e9 outra. \u00c9 imposs\u00edvel, com a destrui\u00e7\u00e3o de um banco p\u00fablico, haver o barateamento das tarifas e das taxas para concess\u00e3o de cr\u00e9ditos\u201d, afirmou o coordenador, que defende a import\u00e2ncia do Banco do Brasil, a maior institui\u00e7\u00e3o financeira p\u00fablica do pa\u00eds, e o segundo no ranking dos maiores bancos, ficando atr\u00e1s apenas do Ita\u00fa Unibanco. O pr\u00f3prio presidente do BB, Rubens Novaes, chegou a afirmar, em mar\u00e7o, que a privatiza\u00e7\u00e3o do banco seria \u201c<a href=\"https:\/\/www.redebrasilatual.com.br\/economia\/2019\/03\/privatizacao-do-banco-do-brasil-pode-prejudicar-financiamentos-e-politicas-sociais\/\" target=\"_blank\" rel=\"noopener noreferrer\">inevit\u00e1vel<\/a>\u201c.<\/p>\n<p>\u201cO BB sempre foi o indutor de cr\u00e9dito para a agricultura familiar, respondendo por cerca de 70% desse financiamento. Os bancos privados nunca foram impedidos de atuar nesse setor. N\u00e3o atuam porque n\u00e3o querem, exatamente, por serem taxas de juros menores, com previs\u00f5es de ganho de longo prazo. Ter banco p\u00fablico \u00e9 ter uma pol\u00edtica de desenvolvimento e de soberania\u201d, diz Fukunaga. BB, Caixa Federal e Petrobras, segundo ele, s\u00e3o \u201cjoias da coroa\u201d, e devem ser alvo da sanha privatista do atual governo.<\/p>\n<p>Segundo a conselheira de Administra\u00e7\u00e3o Representante dos Funcion\u00e1rios (Caref)\u00a0do Banco do Brasil, D\u00e9bora Fonseca, a eventual privatiza\u00e7\u00e3o \u201csimplesmente inviabilizaria a agricultura familiar\u201d no pa\u00eds, o que acarretaria no aumento de custos da produ\u00e7\u00e3o, com impactos diretos no pre\u00e7o dos alimentos para o consumidor final.<\/p>\n<p>\u201cQuem paga \u00e9 a popula\u00e7\u00e3o que acaba arcando com a comida mais cara na mesa.\u00a0E se isso j\u00e1 \u00e9 grave o suficiente, ainda temos outras situa\u00e7\u00f5es envolvidas.\u00a0Tem diversas cidades brasileiras que s\u00e3o inteiramente dependentes da atividade rural.\u00a0E a atividade rural \u00e9 uma cadeia complexa que envolve n\u00e3o s\u00f3 a produ\u00e7\u00e3o, mas o transporte, a infraestrutura do pa\u00eds\u201d, afirmou.\u00a0Ela tamb\u00e9m destaca a atua\u00e7\u00e3o do BB\u00a0no financiamento de projetos de implanta\u00e7\u00e3o de infraestrutura de transporte, de saneamento, e servi\u00e7os essenciais para a popula\u00e7\u00e3o\u201d, afirma.<\/p>\n<p>D\u00e9bora e Fukunaga ressaltam que os bancos p\u00fablicos foram os principais respons\u00e1veis pela amplia\u00e7\u00e3o da bancariza\u00e7\u00e3o do pa\u00eds, com ag\u00eancias nas localidades em que as institui\u00e7\u00f5es privadas n\u00e3o chegam e com a abertura de contas para a popula\u00e7\u00e3o de baixa renda, e que a venda ao setor privado trar\u00e1 como consequ\u00eancias o desemprego e a desorganiza\u00e7\u00e3o do setor banc\u00e1rio. \u201cHoje, mais de 2 mil munic\u00edpios ainda n\u00e3o t\u00eam nenhuma ag\u00eancia banc\u00e1ria\u201d, destacou a conselheira. \u201cMais de mil possuem apenas uma ag\u00eancia de \u00fanico banco. Nessas cidades, a metade das ag\u00eancias \u00e9 do Banco do Brasil.\u201d<\/p>\n<p>Al\u00e9m de oferecer cr\u00e9dito a juros baixos para agricultores e popula\u00e7\u00e3o de baixa renda, os bancos p\u00fablicos distribu\u00edram R$ 203 bilh\u00f5es em dividendos \u00e0 Uni\u00e3o, entre 2002 e 2016, de acordo com o Dieese. Esses n\u00fameros tamb\u00e9m\u00a0<a href=\"https:\/\/www.redebrasilatual.com.br\/economia\/2019\/11\/privatizacao-bancos-publicos-prejudica\/\" target=\"_blank\" rel=\"noopener noreferrer\">derrubam<\/a>\u00a0o argumento de que essas institui\u00e7\u00f5es p\u00fablicas necessitariam ser privatizadas por conta de eventuais preju\u00edzos que acarretariam aos contribuintes.<\/p>\n<p>\u201cN\u00e3o podemos aceitar nenhum tipo de ataque, nenhum tipo de tentativa de acabar com os bancos p\u00fablicos.\u00a0Cabe a todos n\u00f3s, n\u00e3o apenas funcion\u00e1rios, familiares ou n\u00f3s como representantes, n\u00f3s como cidad\u00e3os, n\u00f3s como sociedade temos que fazer essa luta de defesa das empresas p\u00fablicas. Temos que ser resist\u00eancia, defensores desse patrim\u00f4nio da popula\u00e7\u00e3o\u201d, afirma D\u00e9bora.<\/p>\n<h3>Concentra\u00e7\u00e3o<\/h3>\n<p>O coordenador da Comiss\u00e3o de Funcion\u00e1rios do BB tamb\u00e9m lembra dos desdobramentos do processo de privatiza\u00e7\u00e3o dos bancos p\u00fablicos estaduais durante a d\u00e9cada de 1990, quando bancos estrangeiros chegaram ao Brasil, mas logo venderam suas opera\u00e7\u00f5es para as institui\u00e7\u00f5es financeiras nacionais que formam o \u201ccartel\u201d que controla o setor \u2013 Ita\u00fa Unibanco, Bradesco e Santander. Na mesma \u00e9poca, concorrentes nacionais tamb\u00e9m faliram ou foram incorporados pelos grandes. Hoje, os\u00a0<a href=\"https:\/\/www.redebrasilatual.com.br\/trabalho\/2015\/08\/bradesco-compra-as-operacoes-do-hsbc-e-preocupa-funcionarios-5217\/\" target=\"_blank\" rel=\"noopener noreferrer\">cinco maiores bancos do pa\u00eds<\/a>\u00a0\u2013 os tr\u00eas grandes privados e os dois p\u00fablicos \u2013\u00a0controlam 86% dos ativos dos financeiros. Em 1995, esses mesmos bancos controlavam 56% dos ativos.<\/p>\n<p>\u201cUma s\u00e9rie de bancos nacionais faliu \u2013 Banco Nacional, Marka, Fonte Cindam. Os internacionais acabaram vendendo suas participa\u00e7\u00f5es. O Citibank vendeu suas opera\u00e7\u00f5es para o Ita\u00fa. O HSBC vendeu para o Bradesco.\u201d Segundo o sindicalista, as fintechs \u2013 institui\u00e7\u00f5es financeiras digitais \u2013 t\u00eam sido alvo de pol\u00edticas agressivas de aquisi\u00e7\u00e3o por parte dos grandes bancos tradicionais, como forma de \u201csufocar\u201d a concorr\u00eancia, auxiliados pelo Banco Central, que estabelece regula\u00e7\u00f5es que restringem a atua\u00e7\u00e3o das novas institui\u00e7\u00f5es.<\/p>\n<p>\u00a0<\/p>\n<p><strong>Fonte: Rede Brasil Atual<\/strong><\/p>\n","protected":false},"excerpt":{"rendered":"<p>Mat\u00e9ria publicada pelo jornal\u00a0O Globo, nesta ter\u00e7a-feira (3), revela que o ministro da Economia, Paulo Guedes, e sua equipe estudam a privatiza\u00e7\u00e3o do Banco do Brasil. A justificativa \u00e9 que a venda do banco p\u00fablico serviria para baratear e diversificar o acesso ao cr\u00e9dito no pa\u00eds, ampliando a concorr\u00eancia. A avalia\u00e7\u00e3o do secret\u00e1rio de Assuntos [&hellip;]<\/p>\n","protected":false},"author":2,"featured_media":8007,"comment_status":"","ping_status":"","sticky":false,"template":"","format":"standard","meta":{"footnotes":""},"categories":[3],"tags":[],"class_list":["post-8008","post","type-post","status-publish","format-standard","has-post-thumbnail","hentry","category-noticias"],"_links":{"self":[{"href":"https:\/\/hostnetart.com.br\/baixada\/wp-json\/wp\/v2\/posts\/8008","targetHints":{"allow":["GET"]}}],"collection":[{"href":"https:\/\/hostnetart.com.br\/baixada\/wp-json\/wp\/v2\/posts"}],"about":[{"href":"https:\/\/hostnetart.com.br\/baixada\/wp-json\/wp\/v2\/types\/post"}],"author":[{"embeddable":true,"href":"https:\/\/hostnetart.com.br\/baixada\/wp-json\/wp\/v2\/users\/2"}],"replies":[{"embeddable":true,"href":"https:\/\/hostnetart.com.br\/baixada\/wp-json\/wp\/v2\/comments?post=8008"}],"version-history":[{"count":0,"href":"https:\/\/hostnetart.com.br\/baixada\/wp-json\/wp\/v2\/posts\/8008\/revisions"}],"wp:featuredmedia":[{"embeddable":true,"href":"https:\/\/hostnetart.com.br\/baixada\/wp-json\/wp\/v2\/media\/8007"}],"wp:attachment":[{"href":"https:\/\/hostnetart.com.br\/baixada\/wp-json\/wp\/v2\/media?parent=8008"}],"wp:term":[{"taxonomy":"category","embeddable":true,"href":"https:\/\/hostnetart.com.br\/baixada\/wp-json\/wp\/v2\/categories?post=8008"},{"taxonomy":"post_tag","embeddable":true,"href":"https:\/\/hostnetart.com.br\/baixada\/wp-json\/wp\/v2\/tags?post=8008"}],"curies":[{"name":"wp","href":"https:\/\/api.w.org\/{rel}","templated":true}]}}