{"id":8006,"date":"2019-12-04T13:57:07","date_gmt":"2019-12-04T16:57:07","guid":{"rendered":"https:\/\/hostnetart.com.br\/baixada\/contraf-cut-cobra-respeito-aos-empregados-e-fim-de-reestruturacao-na-caixa\/"},"modified":"2019-12-04T13:57:07","modified_gmt":"2019-12-04T16:57:07","slug":"contraf-cut-cobra-respeito-aos-empregados-e-fim-de-reestruturacao-na-caixa","status":"publish","type":"post","link":"https:\/\/hostnetart.com.br\/baixada\/contraf-cut-cobra-respeito-aos-empregados-e-fim-de-reestruturacao-na-caixa\/","title":{"rendered":"Contraf-CUT cobra respeito aos empregados e fim de reestrutura\u00e7\u00e3o na Caixa"},"content":{"rendered":"<p>A Confedera\u00e7\u00e3o Nacional dos Trabalhadores do Ramo Financeiro (Contraf-CUT) entrou em contato com a Caixa Econ\u00f4mica Federal, nesta ter\u00e7a-feira (3), reivindicando uma reuni\u00e3o para esclarecer e debater sobre informa\u00e7\u00f5es de uma poss\u00edvel reestrutura\u00e7\u00e3o do banco, com poder para afetar as condi\u00e7\u00f5es de trabalho dos empregados do banco.<\/p>\n<p>\u201cO compromisso acordado \u00e9 de haver reuni\u00f5es a cada dois meses e a \u00faltima foi realizada em outubro. Al\u00e9m disso, consta em nosso acordo coletivo que, em caso de reorganiza\u00e7\u00e3o da rede, \u00e9 preciso haver reuni\u00e3o com a representa\u00e7\u00e3o dos empregados\u201d, disse o coordenador das Comiss\u00e3o Executiva dos Empregados (CEE) da Caixa, Dion\u00edsio Reis.<\/p>\n<p>\u201cNo entanto, sem nem ao menos informar os representantes dos empregados, houve uma reuni\u00e3o da Vidan (Vice-presid\u00eancia de Distribui\u00e7\u00e3o, Atendimento e Neg\u00f3cios) para debater a restrutura\u00e7\u00e3o da rede de varejo, com realoca\u00e7\u00e3o das carteiras de clientes, a cria\u00e7\u00e3o de um novo cargo de gerente e a extin\u00e7\u00e3o do de tesoureiro\u201d, criticou, explicando que quem ocupa o cargo que ser\u00e1 extinto ter\u00e1 que concorrer \u00e0s vagas de gerente que forem criadas. Caso n\u00e3o consigam uma vaga, n\u00e3o ter\u00e1 mais o cargo e, assim, perder\u00e1 a comiss\u00e3o.<\/p>\n<p>Em contato por telefone, a dire\u00e7\u00e3o do banco n\u00e3o confirmou as mudan\u00e7as, alegando que se tratava apenas de um teste para ver a opini\u00e3o dos empregados e que nenhuma altera\u00e7\u00e3o foi votada ainda. O banco tamb\u00e9m se negou a cumprir a agenda de reuni\u00f5es bimestrais, pedindo que a reuni\u00e3o fosse marcada apenas para o dia 15\/01.<\/p>\n<p>\u201cA dire\u00e7\u00e3o do banco optou em desmontar em junho de 2016 a carreira de caixa, criando o caixa minuto e na pr\u00e1tica tem parado de efetivar tesoureiros. Isso al\u00e9m de prejudicar os empregados prejudicou a popula\u00e7\u00e3o que sofre com os efeitos decorrentes da sobrecarga de trabalho e da consequente perda de qualidade do atendimento. A popula\u00e7\u00e3o precisa, por vezes, ter que utilizar os servi\u00e7os dos correspondentes banc\u00e1rios\u201d, ressaltou Dion\u00edsio.<\/p>\n<h3><strong>Mobiliza\u00e7\u00e3o<\/strong><\/h3>\n<p>Para a secret\u00e1ria de Cultura e representante da Contraf-CUT na mesa de negocia\u00e7\u00f5es com o banco, Fabiana Proscholdt, \u00e9 importante que os sindicatos e federa\u00e7\u00f5es fiquem atentos para mobilizar os empregados. \u201cO que parece \u00e9 que est\u00e1 tudo pronto para ser implementado. Isso gera sobrecarga e tens\u00e3o nos funcion\u00e1rios, que ficam sujeitos a erros. Os sindicatos devem mobilizar os trabalhadores para juntos impedirmos que isso aconte\u00e7a\u201d, disse sugerindo que os sindicatos orientem os empregados a utilizarem os canais internos do banco para cobrar a dire\u00e7\u00e3o da Caixa, participem das atividades de protesto e mantenham os sindicatos informados sobre suas opini\u00f5es pessoais.<\/p>\n<p><strong>Fonte: Contraf-CUT<\/strong><\/p>\n","protected":false},"excerpt":{"rendered":"<p>A Confedera\u00e7\u00e3o Nacional dos Trabalhadores do Ramo Financeiro (Contraf-CUT) entrou em contato com a Caixa Econ\u00f4mica Federal, nesta ter\u00e7a-feira (3), reivindicando uma reuni\u00e3o para esclarecer e debater sobre informa\u00e7\u00f5es de uma poss\u00edvel reestrutura\u00e7\u00e3o do banco, com poder para afetar as condi\u00e7\u00f5es de trabalho dos empregados do banco. \u201cO compromisso acordado \u00e9 de haver reuni\u00f5es a [&hellip;]<\/p>\n","protected":false},"author":2,"featured_media":8005,"comment_status":"","ping_status":"","sticky":false,"template":"","format":"standard","meta":{"footnotes":""},"categories":[3],"tags":[],"class_list":["post-8006","post","type-post","status-publish","format-standard","has-post-thumbnail","hentry","category-noticias"],"_links":{"self":[{"href":"https:\/\/hostnetart.com.br\/baixada\/wp-json\/wp\/v2\/posts\/8006","targetHints":{"allow":["GET"]}}],"collection":[{"href":"https:\/\/hostnetart.com.br\/baixada\/wp-json\/wp\/v2\/posts"}],"about":[{"href":"https:\/\/hostnetart.com.br\/baixada\/wp-json\/wp\/v2\/types\/post"}],"author":[{"embeddable":true,"href":"https:\/\/hostnetart.com.br\/baixada\/wp-json\/wp\/v2\/users\/2"}],"replies":[{"embeddable":true,"href":"https:\/\/hostnetart.com.br\/baixada\/wp-json\/wp\/v2\/comments?post=8006"}],"version-history":[{"count":0,"href":"https:\/\/hostnetart.com.br\/baixada\/wp-json\/wp\/v2\/posts\/8006\/revisions"}],"wp:featuredmedia":[{"embeddable":true,"href":"https:\/\/hostnetart.com.br\/baixada\/wp-json\/wp\/v2\/media\/8005"}],"wp:attachment":[{"href":"https:\/\/hostnetart.com.br\/baixada\/wp-json\/wp\/v2\/media?parent=8006"}],"wp:term":[{"taxonomy":"category","embeddable":true,"href":"https:\/\/hostnetart.com.br\/baixada\/wp-json\/wp\/v2\/categories?post=8006"},{"taxonomy":"post_tag","embeddable":true,"href":"https:\/\/hostnetart.com.br\/baixada\/wp-json\/wp\/v2\/tags?post=8006"}],"curies":[{"name":"wp","href":"https:\/\/api.w.org\/{rel}","templated":true}]}}