{"id":8004,"date":"2019-12-04T13:52:50","date_gmt":"2019-12-04T16:52:50","guid":{"rendered":"https:\/\/hostnetart.com.br\/baixada\/seminario-oit-e-sindicalismo-internacional-comeca-dia-10\/"},"modified":"2019-12-04T13:52:50","modified_gmt":"2019-12-04T16:52:50","slug":"seminario-oit-e-sindicalismo-internacional-comeca-dia-10","status":"publish","type":"post","link":"https:\/\/hostnetart.com.br\/baixada\/seminario-oit-e-sindicalismo-internacional-comeca-dia-10\/","title":{"rendered":"Semin\u00e1rio OIT e Sindicalismo Internacional come\u00e7a dia 10"},"content":{"rendered":"<p>A Confedera\u00e7\u00e3o Nacional dos Trabalhadores do Ramo Financeiro (Contraf-CUT), em parceria com o Departamento Intersindical de Estat\u00edstica e Estudos Socioecon\u00f4micos (Dieese) e a Consultoria Mil Povos, realiza, nos dias 10, 11 e 12 de dezembro, o 2\u00ba m\u00f3dulo do curso OIT e Sindicalismo Internacional, na Escola de Ci\u00eancias do Trabalho do Dieese.<\/p>\n<p>O objetivo do curso \u00e9 obter mais elementos para melhor articular as a\u00e7\u00f5es sindicais \u00e0 luz da normatiza\u00e7\u00e3o internacional vigente, considerando o advento da reforma trabalhista, da lei de terceiriza\u00e7\u00f5es e dos diversos ataques \u00e0 liberdade de organiza\u00e7\u00e3o dos trabalhadores e \u00e0 manuten\u00e7\u00e3o das entidades sindicais.<\/p>\n<p>Ser\u00e3o 16 horas de conte\u00fado voltado para dirigentes sindicais das federa\u00e7\u00f5es e sindicatos da base da Contraf-CUT e aos participantes do 1\u00ba m\u00f3dulo. Quem n\u00e3o participou do m\u00f3dulo anterior, tamb\u00e9m pode participar. Ao final do curso, os participantes receber\u00e3o a certifica\u00e7\u00e3o pela Escola de Ci\u00eancias do Trabalho do Dieese.<\/p>\n<h3><strong>Programa\u00e7\u00e3o<\/strong><\/h3>\n<p>Dia 10 de dezembro \u2013 ter\u00e7a-feira<\/p>\n<p>9h00: Abertura e Sauda\u00e7\u00f5es (Contraf-CUT)<\/p>\n<p>9h20: Apresenta\u00e7\u00e3o dos Participantes, dos Educadores, do Programa de Forma\u00e7\u00e3o e Combinados<\/p>\n<p>9h40: Retomada coletiva do M\u00f3dulo 1<\/p>\n<p>\u2013 Sistema da Organiza\u00e7\u00e3o das Na\u00e7\u00f5es Unidas (Kjeld Jakobsen)<\/p>\n<p>\u2013 Declara\u00e7\u00e3o Universal dos Direitos Humanos<\/p>\n<p>\u2013 O Sistema Internacional dos Direitos Humanos da ONU<\/p>\n<p>\u2013 Organiza\u00e7\u00e3o Internacional do Trabalho: hist\u00f3rico e estrutura de a\u00e7\u00e3o (Kjeld Jakobsen e Leonor Po\u00e7o Jakobsen)<\/p>\n<p>\u2013 O papel normativo da OIT<\/p>\n<p>\u2013 Conven\u00e7\u00f5es e Recomenda\u00e7\u00f5es<\/p>\n<p>\u2013 A OIT frente \u00e0 Reforma Trabalhista no Brasil<\/p>\n<p>\u2013 Diretrizes da OCDE para Empresas Transnacionais e o papel da TUAC (Comiss\u00e3o Assessora dos Sindicatos) (Kjeld Jakobsen)<\/p>\n<p>\u2013 Princ\u00edpios orientadores da ONU para Empresas e Direitos Humanos (Global Compact) (Thomaz Jensen)<\/p>\n<p>\u2013 Global Reporting Initiative (GRI) e Relat\u00f3rios de Sustentabilidade (Thomaz Jensen)<\/p>\n<p>\u2013 A atual organiza\u00e7\u00e3o do Movimento Sindical Internacional (Kjeld Jakobsen)<\/p>\n<p>\u2013 As centrais sindicais mundiais<\/p>\n<p>\u2013 As organiza\u00e7\u00f5es regionais<\/p>\n<p>\u2013 As federa\u00e7\u00f5es sindicais internacionais\u00a0\u00a0\u00a0\u00a0\u00a0\u00a0\u00a0\u00a0\u00a0\u00a0\u00a0\u00a0\u00a0\u00a0\u00a0\u00a0\u00a0\u00a0\u00a0\u00a0\u00a0\u00a0\u00a0\u00a0\u00a0\u00a0\u00a0<\/p>\n<p>13h00: Almo\u00e7o<\/p>\n<p>14h00: Identificando desafios que podem ser superados atrav\u00e9s da A\u00e7\u00e3o Sindical Internacional em diferentes \u00e2mbitos (Kjeld Jakobsen e Leonor Po\u00e7o Jakobsen)<\/p>\n<p>\u2013 OIT<\/p>\n<p>\u2013 OCDE<\/p>\n<p>\u2013 Comiss\u00e3o Interamericana de Direitos Humanos da OEA<\/p>\n<p>\u2013 Relat\u00f3rio de Sustentabilidade<\/p>\n<p>16h00: Intervalo<\/p>\n<p>16h15: Trabalho em Grupos: Construindo estrat\u00e9gias de a\u00e7\u00e3o sindical para superar os problemas identificados<\/p>\n<p>17h00: Encerramento Primeiro Dia<\/p>\n<p>Dia 11, quarta-feira<\/p>\n<p>Encontro do Coletivo Nacional de Forma\u00e7\u00e3o da Contraf-CUT<\/p>\n<p>9h00: Abertura, Pauta, Combinados (Contraf-CUT)<\/p>\n<p>9h20: Reforma Sindical: o que est\u00e1 em quest\u00e3o? Debate com Clemente Ganz L\u00facio (DIEESE)<\/p>\n<p>10h30: Intervalo<\/p>\n<p>10h40: Reforma Sindical: impactos potenciais sobre a categoria banc\u00e1ria e o que j\u00e1 se conquistou na negocia\u00e7\u00e3o coletiva. Debate com B\u00e1rbara Vasquez (DIEESE)<\/p>\n<p>12h30: Almo\u00e7o<\/p>\n<p>14h00: Encontro do Coletivo Nacional de Forma\u00e7\u00e3o da Contraf-CUT<\/p>\n<p>\u2013 Apresenta\u00e7\u00e3o e debate do livro sobre Novo Sindicalismo para o Capitalismo do S\u00e9culo XXI, com o autor Marcello Azevedo<\/p>\n<p>15h00: Intervalo<\/p>\n<p>15h15: Encontro do Coletivo Nacional de Forma\u00e7\u00e3o da Contraf-CUT \u2013<\/p>\n<p>\u00a0\u00a0\u00a0\u00a0\u00a0\u00a0\u00a0\u00a0\u00a0\u00a0\u00a0 \u2013 Painel sobre a situa\u00e7\u00e3o pol\u00edtica do Chile \u2013 com Rita Berlofa \u2013 Presidenta da UNI Finan\u00e7as.<\/p>\n<p>16h00 \u2013 Debates.\u00a0\u00a0<\/p>\n<p>17h30: Encerramento do segundo dia.\u00a0<\/p>\n<p>Dia 12, quinta-feira<\/p>\n<p>9h00: Retomada coletiva do Primeiro Dia<\/p>\n<p>9h20: Apresenta\u00e7\u00e3o dos Grupos de Trabalho<\/p>\n<p>10h30: Problematiza\u00e7\u00e3o coletiva dos trabalhos dos grupos<\/p>\n<p>12h30: Almo\u00e7o<\/p>\n<p>14h00: As Conven\u00e7\u00f5es da OIT: quais o Brasil ratificou? Quais s\u00e3o as mais relevantes para a a\u00e7\u00e3o sindical banc\u00e1ria? (Kjeld Jakobsen)<\/p>\n<p>16h30: Avalia\u00e7\u00e3o, Consulta e Encerramento do Curso<\/p>\n<p>\u2013 Consulta aos participantes sobre temas para o terceiro m\u00f3dulo do curso, a ser realizado em 2020 (por exemplo: redes sindicais internacionais; impactos do propalado acordo entre Uni\u00e3o Europeia e Mercosul; a tecnologia 5G, entre outros assuntos relacionados com a pol\u00edtica internacional).<\/p>\n<p>Refer\u00eancias utilizadas no Curso:<\/p>\n<p>DIEESE (Departamento Intersindical de Estat\u00edstica e Estudos Socioecon\u00f4micos). Refer\u00eancias intergovernamentais sobre responsabilidade social das empresas. Nota T\u00e9cnica 117, dezembro de 2012.<\/p>\n<p>DIEESE. Normas sobre responsabilidade social das empresas. A ISO 26000 e o GRI.Nota T\u00e9cnica121, mar\u00e7o de 2013.<\/p>\n<p>Comiss\u00e3o Sindical Consultiva da OCDE (TUAC, Trade Union Advisory Committee). Diretrizes da OCDE paraas Empresas Multinacionais. Recomenda\u00e7\u00f5es para uma conduta comercial respons\u00e1vel num contexto global. Guia dos Sindicatos. Friedrich-Ebert-Stiftung, 2015.<\/p>\n<p>JAKOBSEN, Kjeld. A forma\u00e7\u00e3o do regime internacional do trabalho. In: Negocia\u00e7\u00f5es econ\u00f4micas internacionais: Abordagens, atores e perspectivas desde o Brasil. Luis Fernando Ayerbe e Neusa Maria Pereira Bojikian (Organizadores). Editora da UNESP, 2011.<\/p>\n<p><strong>Fonte: Contraf-CUT<\/strong><\/p>\n","protected":false},"excerpt":{"rendered":"<p>A Confedera\u00e7\u00e3o Nacional dos Trabalhadores do Ramo Financeiro (Contraf-CUT), em parceria com o Departamento Intersindical de Estat\u00edstica e Estudos Socioecon\u00f4micos (Dieese) e a Consultoria Mil Povos, realiza, nos dias 10, 11 e 12 de dezembro, o 2\u00ba m\u00f3dulo do curso OIT e Sindicalismo Internacional, na Escola de Ci\u00eancias do Trabalho do Dieese. O objetivo do [&hellip;]<\/p>\n","protected":false},"author":2,"featured_media":8003,"comment_status":"","ping_status":"","sticky":false,"template":"","format":"standard","meta":{"footnotes":""},"categories":[3],"tags":[],"class_list":["post-8004","post","type-post","status-publish","format-standard","has-post-thumbnail","hentry","category-noticias"],"_links":{"self":[{"href":"https:\/\/hostnetart.com.br\/baixada\/wp-json\/wp\/v2\/posts\/8004","targetHints":{"allow":["GET"]}}],"collection":[{"href":"https:\/\/hostnetart.com.br\/baixada\/wp-json\/wp\/v2\/posts"}],"about":[{"href":"https:\/\/hostnetart.com.br\/baixada\/wp-json\/wp\/v2\/types\/post"}],"author":[{"embeddable":true,"href":"https:\/\/hostnetart.com.br\/baixada\/wp-json\/wp\/v2\/users\/2"}],"replies":[{"embeddable":true,"href":"https:\/\/hostnetart.com.br\/baixada\/wp-json\/wp\/v2\/comments?post=8004"}],"version-history":[{"count":0,"href":"https:\/\/hostnetart.com.br\/baixada\/wp-json\/wp\/v2\/posts\/8004\/revisions"}],"wp:featuredmedia":[{"embeddable":true,"href":"https:\/\/hostnetart.com.br\/baixada\/wp-json\/wp\/v2\/media\/8003"}],"wp:attachment":[{"href":"https:\/\/hostnetart.com.br\/baixada\/wp-json\/wp\/v2\/media?parent=8004"}],"wp:term":[{"taxonomy":"category","embeddable":true,"href":"https:\/\/hostnetart.com.br\/baixada\/wp-json\/wp\/v2\/categories?post=8004"},{"taxonomy":"post_tag","embeddable":true,"href":"https:\/\/hostnetart.com.br\/baixada\/wp-json\/wp\/v2\/tags?post=8004"}],"curies":[{"name":"wp","href":"https:\/\/api.w.org\/{rel}","templated":true}]}}