{"id":8002,"date":"2019-12-03T18:06:29","date_gmt":"2019-12-03T21:06:29","guid":{"rendered":"https:\/\/hostnetart.com.br\/baixada\/se-o-pib-crescer-a-sua-vida-melhora-nao-necessariamente\/"},"modified":"2019-12-03T18:06:29","modified_gmt":"2019-12-03T21:06:29","slug":"se-o-pib-crescer-a-sua-vida-melhora-nao-necessariamente","status":"publish","type":"post","link":"https:\/\/hostnetart.com.br\/baixada\/se-o-pib-crescer-a-sua-vida-melhora-nao-necessariamente\/","title":{"rendered":"Se o PIB crescer a sua vida melhora? N\u00e3o necessariamente\u2026"},"content":{"rendered":"<p>O IBGE anunciou que o PIB brasileiro avan\u00e7ou 0,6% do segundo para o terceiro trimestre,\u00a0<a href=\"https:\/\/www.redebrasilatual.com.br\/economia\/2019\/12\/pib-confirma-atividade-fraca\/\" target=\"_blank\" rel=\"noopener noreferrer\">crescimento<\/a>\u00a0de 1% no acumulado do ano e tamb\u00e9m nos quatro \u00faltimos trimestres. O governo comemora, apesar de ser um \u00edndice bem abaixo que previam diversas institui\u00e7\u00f5es no ano passado.<\/p>\n<p>O FMI, por exemplo, projetava o PIB brasileiro indo a\u00a0<a href=\"https:\/\/www1.folha.uol.com.br\/mercado\/2018\/12\/brasil-sera-uma-das-historias-felizes-de-crescimento-em-2019-diz-bank-of-america.shtml\" target=\"_blank\" rel=\"noopener noreferrer\">2,4% em 2019.<\/a>\u00a0J\u00e1 o economista global s\u00eanior do Bank of America, Aditya Bhave, se\u00a0<a href=\"https:\/\/www.sunoresearch.com.br\/noticias\/bank-america-brasil-crescimento-2019\/\" target=\"_blank\" rel=\"noopener noreferrer\">mostrava bastante otimista em dezembro<\/a>: \u201cO crescimento tamb\u00e9m vai ser apoiado pela agenda pr\u00f3-mercado da Administra\u00e7\u00e3o do presidente eleito, Jair Bolsonaro, que deve impulsionar a confian\u00e7a e o investimento\u201d. A institui\u00e7\u00e3o previa que o PIB fosse elevado em 3,5%.<\/p>\n<p>Independentemente do desempenho fraco da economia, o engenheiro e ex-banqueiro de investimentos\u00a0<a href=\"https:\/\/www.redebrasilatual.com.br\/politica\/2019\/09\/entrevista-eduardo-moreira-desigualdade\/\" target=\"_blank\" rel=\"noopener noreferrer\">Eduardo Moreira<\/a>\u00a0chama a aten\u00e7\u00e3o para outro fator: para onde est\u00e1 indo a riqueza gerada no Brasil. \u201cApesar de um PIB que cresce significar uma sociedade que est\u00e1 gerando mais riqueza, n\u00e3o necessariamente ela est\u00e1 se revertendo em condi\u00e7\u00f5es melhores de vida para todos\u201d, destaca.<\/p>\n<p>\u201cA Oxfam mostrou que, em 2017, 87% de toda a riqueza gerada no mundo ficou na m\u00e3o do 1% mais rico. 50% das pessoas mais pobres ficaram com zero do que foi gerado. \u00c9 como se estiv\u00e9ssemos falando de dois planetas diferentes\u201d, pontua, em v\u00eddeo no seu\u00a0<a href=\"https:\/\/www.youtube.com\/channel\/UC7cIZNwQhE1o8kopShrQHvw\" target=\"_blank\" rel=\"noopener noreferrer\">canal no Youtube<\/a>.\u00a0 \u201cO que foi acumulado em um ano pelos bilion\u00e1rios daria para acabar com a fome no mundo sete vezes.\u201d<\/p>\n<p>Essa mesma concentra\u00e7\u00e3o de riqueza tamb\u00e9m se reflete no Brasil. Al\u00e9m disso, o pa\u00eds tamb\u00e9m tem outro problema, relacionado \u00e0 qualidade desse crescimento econ\u00f4mico.<\/p>\n<p>\u201cO PIB vai apresentar o crescimento por conta do agroneg\u00f3cio. Vai aparecer como maior, mas o que estamos produzindo aqui dentro est\u00e1 indo pra fora, para fazer ra\u00e7\u00f5es para a cria\u00e7\u00e3o de porcos na China, \u00f3leo de cozinha na Europa, a carne para alimentar as pessoas que moram no Oriente M\u00e9dio\u201d, ressalta. \u201cE n\u00e3o est\u00e1 matando a fome de ningu\u00e9m no Brasil, resolvendo os problemas de escassez de produtos naturais no pa\u00eds, e pior: \u00e9 um setor que emprega cada vez menos gente com trabalho automatizado, latif\u00fandios enormes que empregam pouqu\u00edssimas pessoas.\u201d<\/p>\n<p>Segundo ele, \u00e9 a\u00ed que se estabelece um c\u00edrculo vicioso da concentra\u00e7\u00e3o de renda. \u201cQuando essas pessoas vendem para fora, esse dinheiro todo, que conta na soma do PIB, vai para uma fam\u00edlia s\u00f3, que \u00e9 dona desse latif\u00fandio. Essa fam\u00edlia pega o dinheiro e p\u00f5e no banco, compra t\u00edtulos p\u00fablicos do governo, e vai ficar com ele parado recebendo juros pagos com impostos, em sua maioria, sobre o consumo, que alcan\u00e7am a popula\u00e7\u00e3o pobre do Brasil\u201d, explica. \u201cO fluxo desse PIB gerado \u00e9 um dinheiro que veio de algo que n\u00e3o atendeu as demandas da popula\u00e7\u00e3o brasileira, n\u00e3o gerou empregos\u201d, aponta ainda, lembrando que \u00e9 um modelo que sufoca tamb\u00e9m a agricultura familiar.<\/p>\n<p><strong>Fonte: Rede Brasil Atual<\/strong><\/p>\n","protected":false},"excerpt":{"rendered":"<p>O IBGE anunciou que o PIB brasileiro avan\u00e7ou 0,6% do segundo para o terceiro trimestre,\u00a0crescimento\u00a0de 1% no acumulado do ano e tamb\u00e9m nos quatro \u00faltimos trimestres. O governo comemora, apesar de ser um \u00edndice bem abaixo que previam diversas institui\u00e7\u00f5es no ano passado. O FMI, por exemplo, projetava o PIB brasileiro indo a\u00a02,4% em 2019.\u00a0J\u00e1 [&hellip;]<\/p>\n","protected":false},"author":2,"featured_media":8001,"comment_status":"","ping_status":"","sticky":false,"template":"","format":"standard","meta":{"footnotes":""},"categories":[3],"tags":[],"class_list":["post-8002","post","type-post","status-publish","format-standard","has-post-thumbnail","hentry","category-noticias"],"_links":{"self":[{"href":"https:\/\/hostnetart.com.br\/baixada\/wp-json\/wp\/v2\/posts\/8002","targetHints":{"allow":["GET"]}}],"collection":[{"href":"https:\/\/hostnetart.com.br\/baixada\/wp-json\/wp\/v2\/posts"}],"about":[{"href":"https:\/\/hostnetart.com.br\/baixada\/wp-json\/wp\/v2\/types\/post"}],"author":[{"embeddable":true,"href":"https:\/\/hostnetart.com.br\/baixada\/wp-json\/wp\/v2\/users\/2"}],"replies":[{"embeddable":true,"href":"https:\/\/hostnetart.com.br\/baixada\/wp-json\/wp\/v2\/comments?post=8002"}],"version-history":[{"count":0,"href":"https:\/\/hostnetart.com.br\/baixada\/wp-json\/wp\/v2\/posts\/8002\/revisions"}],"wp:featuredmedia":[{"embeddable":true,"href":"https:\/\/hostnetart.com.br\/baixada\/wp-json\/wp\/v2\/media\/8001"}],"wp:attachment":[{"href":"https:\/\/hostnetart.com.br\/baixada\/wp-json\/wp\/v2\/media?parent=8002"}],"wp:term":[{"taxonomy":"category","embeddable":true,"href":"https:\/\/hostnetart.com.br\/baixada\/wp-json\/wp\/v2\/categories?post=8002"},{"taxonomy":"post_tag","embeddable":true,"href":"https:\/\/hostnetart.com.br\/baixada\/wp-json\/wp\/v2\/tags?post=8002"}],"curies":[{"name":"wp","href":"https:\/\/api.w.org\/{rel}","templated":true}]}}