{"id":8000,"date":"2019-12-03T17:28:12","date_gmt":"2019-12-03T20:28:12","guid":{"rendered":"https:\/\/hostnetart.com.br\/baixada\/desmatamento-na-amazonia-aumenta-212-em-outubro\/"},"modified":"2019-12-03T17:28:12","modified_gmt":"2019-12-03T20:28:12","slug":"desmatamento-na-amazonia-aumenta-212-em-outubro","status":"publish","type":"post","link":"https:\/\/hostnetart.com.br\/baixada\/desmatamento-na-amazonia-aumenta-212-em-outubro\/","title":{"rendered":"Desmatamento na Amaz\u00f4nia aumenta 212% em outubro"},"content":{"rendered":"<p>S\u00f3 no m\u00eas de outubro houve registro de desmatamento em 583 quil\u00f4metros quadrados na Amaz\u00f4nia Legal. A devasta\u00e7\u00e3o \u00e9 212% maior do que a registrada no mesmo m\u00eas em 2018, segundo\u00a0o Sistema de Alerta de Desmatamento do\u00a0<a href=\"https:\/\/imazon.org.br\/wp-content\/uploads\/2019\/12\/SAD-Outubro-2019.pdf\" target=\"_blank\" rel=\"noopener noreferrer\">Imazon,\u00a0<\/a>quando foram perdidos 187 quil\u00f4metros quadrados de floresta.<\/p>\n<p>As florestas degradadas \u2013\u00a0caracterizada pelo Imazon pela extra\u00e7\u00e3o das \u00e1rvores, normalmente para fins de comercializa\u00e7\u00e3o \u2013\u00a0<a href=\"https:\/\/www.redebrasilatual.com.br\/ambiente\/2019\/11\/desmatamento-na-amazonia-cresce-295-em-12-meses-e-bate-recorde-da-decada\/\" target=\"_blank\" rel=\"noopener noreferrer\">somaram 618 quil\u00f4metros quadrados no m\u00eas de outubro<\/a>, enquanto que em outubro de 2018 a degrada\u00e7\u00e3o florestal detectada totalizou 125 quil\u00f4metros quadrados \u2013 um aumento de 394%.<\/p>\n<p>O estado do Par\u00e1 lidera com 59% das \u00e1reas afetadas. Em seguida aparecem: Mato Grosso (14%), Rond\u00f4nia (10%), Amazonas (8%), Acre (6%), Roraima (2%) e Amap\u00e1 (1%). O munic\u00edpio de Pacaj\u00e1, no sudeste do Par\u00e1, aparece pelo segundo m\u00eas consecutivo no topo da lista das cidades que mais registraram desmatamento, com 32 quil\u00f4metros quadrados.<\/p>\n<p>Os dados mostram tamb\u00e9m que 54% do\u00a0<a href=\"https:\/\/www.redebrasilatual.com.br\/ambiente\/2019\/12\/exploracao-madeira-queimadas-aumentar-2020\/\" target=\"_blank\" rel=\"noopener noreferrer\">desmatamento na Amaz\u00f4nia<\/a>\u00a0ocorreu em \u00e1reas privadas ou sob diversos est\u00e1gios de posse. Entretanto, o restante foi registrado em assentamentos (32%), unidades de conserva\u00e7\u00e3o (7%) e terras ind\u00edgenas (7%). Das dez terras ind\u00edgenas mais desmatadas, oito ficam no estado do Par\u00e1.<\/p>\n<p><strong><em>Fonte: Imazon<\/em><\/strong><img fetchpriority=\"high\" decoding=\"async\" class=\"alignleft size-full wp-image-390855\" src=\"https:\/\/www.redebrasilatual.com.br\/wp-content\/uploads\/2019\/12\/imazon-3.jpg\" sizes=\"(max-width: 800px) 100vw, 800px\" srcset=\"https:\/\/www.redebrasilatual.com.br\/wp-content\/uploads\/2019\/12\/imazon-3.jpg 800w, https:\/\/www.redebrasilatual.com.br\/wp-content\/uploads\/2019\/12\/imazon-3-360x194.jpg 360w, https:\/\/www.redebrasilatual.com.br\/wp-content\/uploads\/2019\/12\/imazon-3-768x413.jpg 768w, https:\/\/www.redebrasilatual.com.br\/wp-content\/uploads\/2019\/12\/imazon-3-585x314.jpg 585w\" alt=\"\" width=\"800\" height=\"430\" \/><img decoding=\"async\" class=\"alignleft size-full wp-image-390856\" src=\"https:\/\/www.redebrasilatual.com.br\/wp-content\/uploads\/2019\/12\/imazon-2.jpg\" sizes=\"(max-width: 800px) 100vw, 800px\" srcset=\"https:\/\/www.redebrasilatual.com.br\/wp-content\/uploads\/2019\/12\/imazon-2.jpg 800w, https:\/\/www.redebrasilatual.com.br\/wp-content\/uploads\/2019\/12\/imazon-2-186x360.jpg 186w, https:\/\/www.redebrasilatual.com.br\/wp-content\/uploads\/2019\/12\/imazon-2-768x1484.jpg 768w, https:\/\/www.redebrasilatual.com.br\/wp-content\/uploads\/2019\/12\/imazon-2-530x1024.jpg 530w, https:\/\/www.redebrasilatual.com.br\/wp-content\/uploads\/2019\/12\/imazon-2-585x1131.jpg 585w\" alt=\"\" width=\"800\" height=\"1546\" \/><img decoding=\"async\" class=\"alignleft size-full wp-image-390857\" src=\"https:\/\/www.redebrasilatual.com.br\/wp-content\/uploads\/2019\/12\/imazon-1.jpg\" sizes=\"(max-width: 800px) 100vw, 800px\" srcset=\"https:\/\/www.redebrasilatual.com.br\/wp-content\/uploads\/2019\/12\/imazon-1.jpg 800w, https:\/\/www.redebrasilatual.com.br\/wp-content\/uploads\/2019\/12\/imazon-1-349x360.jpg 349w, https:\/\/www.redebrasilatual.com.br\/wp-content\/uploads\/2019\/12\/imazon-1-768x793.jpg 768w, https:\/\/www.redebrasilatual.com.br\/wp-content\/uploads\/2019\/12\/imazon-1-585x604.jpg 585w\" alt=\"\" width=\"800\" height=\"826\" \/><\/p>\n<p><strong>Fonte: Rede Brasil Atual<\/strong><\/p>\n","protected":false},"excerpt":{"rendered":"<p>S\u00f3 no m\u00eas de outubro houve registro de desmatamento em 583 quil\u00f4metros quadrados na Amaz\u00f4nia Legal. A devasta\u00e7\u00e3o \u00e9 212% maior do que a registrada no mesmo m\u00eas em 2018, segundo\u00a0o Sistema de Alerta de Desmatamento do\u00a0Imazon,\u00a0quando foram perdidos 187 quil\u00f4metros quadrados de floresta. As florestas degradadas \u2013\u00a0caracterizada pelo Imazon pela extra\u00e7\u00e3o das \u00e1rvores, normalmente [&hellip;]<\/p>\n","protected":false},"author":2,"featured_media":7999,"comment_status":"","ping_status":"","sticky":false,"template":"","format":"standard","meta":{"footnotes":""},"categories":[3],"tags":[],"class_list":["post-8000","post","type-post","status-publish","format-standard","has-post-thumbnail","hentry","category-noticias"],"_links":{"self":[{"href":"https:\/\/hostnetart.com.br\/baixada\/wp-json\/wp\/v2\/posts\/8000","targetHints":{"allow":["GET"]}}],"collection":[{"href":"https:\/\/hostnetart.com.br\/baixada\/wp-json\/wp\/v2\/posts"}],"about":[{"href":"https:\/\/hostnetart.com.br\/baixada\/wp-json\/wp\/v2\/types\/post"}],"author":[{"embeddable":true,"href":"https:\/\/hostnetart.com.br\/baixada\/wp-json\/wp\/v2\/users\/2"}],"replies":[{"embeddable":true,"href":"https:\/\/hostnetart.com.br\/baixada\/wp-json\/wp\/v2\/comments?post=8000"}],"version-history":[{"count":0,"href":"https:\/\/hostnetart.com.br\/baixada\/wp-json\/wp\/v2\/posts\/8000\/revisions"}],"wp:featuredmedia":[{"embeddable":true,"href":"https:\/\/hostnetart.com.br\/baixada\/wp-json\/wp\/v2\/media\/7999"}],"wp:attachment":[{"href":"https:\/\/hostnetart.com.br\/baixada\/wp-json\/wp\/v2\/media?parent=8000"}],"wp:term":[{"taxonomy":"category","embeddable":true,"href":"https:\/\/hostnetart.com.br\/baixada\/wp-json\/wp\/v2\/categories?post=8000"},{"taxonomy":"post_tag","embeddable":true,"href":"https:\/\/hostnetart.com.br\/baixada\/wp-json\/wp\/v2\/tags?post=8000"}],"curies":[{"name":"wp","href":"https:\/\/api.w.org\/{rel}","templated":true}]}}