{"id":7996,"date":"2019-12-03T15:26:19","date_gmt":"2019-12-03T18:26:19","guid":{"rendered":"https:\/\/hostnetart.com.br\/baixada\/exploracao-de-madeira-e-queimadas-devem-aumentar-em-2020\/"},"modified":"2019-12-03T15:26:19","modified_gmt":"2019-12-03T18:26:19","slug":"exploracao-de-madeira-e-queimadas-devem-aumentar-em-2020","status":"publish","type":"post","link":"https:\/\/hostnetart.com.br\/baixada\/exploracao-de-madeira-e-queimadas-devem-aumentar-em-2020\/","title":{"rendered":"Explora\u00e7\u00e3o de madeira e queimadas devem aumentar em 2020"},"content":{"rendered":"<p>As queimadas na Amaz\u00f4nia e a extra\u00e7\u00e3o ilegal de \u00e1rvores devem aumentar no ano que vem. Na avalia\u00e7\u00e3o de Pedro Luiz C\u00f4rtes, professor do Instituto de Energia e Meio Ambiente (IEE) da Universidade de S\u00e3o Paulo (USP), o governo de Jair Bolsonaro \u00e9 ineficiente no combate aos crimes ambientais e pode estimular as a\u00e7\u00f5es nocivas \u00e0 floresta com a libera\u00e7\u00e3o da exporta\u00e7\u00e3o \u201cin natura\u201d de madeira da Amaz\u00f4nia.\u00a0 O governo estuda transformar o Brasil em um exportador de troncos de \u00e1rvores nativas da Amaz\u00f4nia.\u00a0Atividade, hoje, ilegal.<\/p>\n<p>\u201cEsse tipo de iniciativa vai aumentar o desmatamento, porque ficar\u00e1 mais f\u00e1cil comercializar a madeira extra\u00edda de maneira irregular. Nada vai impedir que pessoas mal-intencionadas retirem madeira de \u00e1reas n\u00e3o permitidas. Essa a\u00e7\u00e3o do Bolsonaro vai contribuir ainda mais para o desmatamento\u201d, critica o professor, em\u00a0<a href=\"https:\/\/jornal.usp.br\/atualidades\/exploracao-de-madeira-crescente-prova-ineficiencia-do-governo\/\">entrevista ao\u00a0<em>Jornal da USP<\/em><\/a>.<\/p>\n<p>O corte de madeira na Amaz\u00f4nia em tr\u00eas meses j\u00e1 \u00e9 o maior desde 2016,\u00a0<a href=\"https:\/\/www.redebrasilatual.com.br\/ambiente\/2019\/11\/desmatamento-na-amazonia-cresce-295-em-12-meses-e-bate-recorde-da-decada\/\" target=\"_blank\" rel=\"noopener noreferrer\">segundo os dados do Instituto Nacional de Pesquisas Espaciais (Inpe)<\/a>.\u00a0De agosto a meados de novembro, o corte seletivo de madeira na regi\u00e3o superou em 35% toda a extra\u00e7\u00e3o ao longo dos 12 meses anteriores. A extra\u00e7\u00e3o de madeira\u00a0afetou uma \u00e1rea de 2.133 km\u00b2.\u00a0\u00a0O total deste terreno \u00e9 equivalente ao tamanho do munic\u00edpio de S\u00e3o Paulo multiplicado por 1,4.<\/p>\n<h3>Nada foi feito<\/h3>\n<p>C\u00f4rtes explica que esse corte seletivo \u00e9 o primeiro movimento de degrada\u00e7\u00e3o da floresta e consiste na retirada de \u00e1rvores mais nobres, como ip\u00ea e jatob\u00e1. Depois, os grileiros v\u00e3o rareando a floresta at\u00e9 o ponto em que ela \u00e9 queimada ou cortada totalmente \u2013 o chamado corte raso \u2013 para a implanta\u00e7\u00e3o posterior de pastagem, por exemplo.<\/p>\n<p>\u201cInfelizmente, o governo nada fez. Durante o per\u00edodo das queimadas, foi enviado o Ex\u00e9rcito, mas\u00a0<a href=\"https:\/\/www.redebrasilatual.com.br\/ambiente\/2019\/11\/cientistas-desmentem-bolsonaro-desmatamento-recorde-aumentou-queimadas\/\" target=\"_blank\" rel=\"noopener noreferrer\">efetivamente nada foi feito<\/a>. O desmatamento \u00e9 feito de que forma? Os grileiros retiram as \u00e1rvores de grande porte, que \u00e9 a madeira de qualidade e sua comercializa\u00e7\u00e3o \u00e9 ilegal, e depois, num per\u00edodo mais seco, colocam fogo\u201d, afirma o professor.<\/p>\n<p>Al\u00e9m disso, o especialista chama aten\u00e7\u00e3o para a falta de estrutura para combater o desmate. \u201cDesde a elei\u00e7\u00e3o, o governo tem sido contr\u00e1rio \u00e0 fiscaliza\u00e7\u00e3o. Al\u00e9m da supress\u00e3o de recursos do Ibama, que foi desmontado, os fiscais s\u00e3o quase impedidos de agir e entrar nas \u00e1reas de grileiros porque n\u00e3o t\u00eam respaldo da pol\u00edcia. Eles n\u00e3o s\u00e3o recebidos com cara feia, mas com armas\u201d, relata.<\/p>\n<p><strong>Fonte: Rede Brasil Atual<\/strong><\/p>\n","protected":false},"excerpt":{"rendered":"<p>As queimadas na Amaz\u00f4nia e a extra\u00e7\u00e3o ilegal de \u00e1rvores devem aumentar no ano que vem. Na avalia\u00e7\u00e3o de Pedro Luiz C\u00f4rtes, professor do Instituto de Energia e Meio Ambiente (IEE) da Universidade de S\u00e3o Paulo (USP), o governo de Jair Bolsonaro \u00e9 ineficiente no combate aos crimes ambientais e pode estimular as a\u00e7\u00f5es nocivas [&hellip;]<\/p>\n","protected":false},"author":2,"featured_media":7995,"comment_status":"","ping_status":"","sticky":false,"template":"","format":"standard","meta":{"footnotes":""},"categories":[3],"tags":[],"class_list":["post-7996","post","type-post","status-publish","format-standard","has-post-thumbnail","hentry","category-noticias"],"_links":{"self":[{"href":"https:\/\/hostnetart.com.br\/baixada\/wp-json\/wp\/v2\/posts\/7996","targetHints":{"allow":["GET"]}}],"collection":[{"href":"https:\/\/hostnetart.com.br\/baixada\/wp-json\/wp\/v2\/posts"}],"about":[{"href":"https:\/\/hostnetart.com.br\/baixada\/wp-json\/wp\/v2\/types\/post"}],"author":[{"embeddable":true,"href":"https:\/\/hostnetart.com.br\/baixada\/wp-json\/wp\/v2\/users\/2"}],"replies":[{"embeddable":true,"href":"https:\/\/hostnetart.com.br\/baixada\/wp-json\/wp\/v2\/comments?post=7996"}],"version-history":[{"count":0,"href":"https:\/\/hostnetart.com.br\/baixada\/wp-json\/wp\/v2\/posts\/7996\/revisions"}],"wp:featuredmedia":[{"embeddable":true,"href":"https:\/\/hostnetart.com.br\/baixada\/wp-json\/wp\/v2\/media\/7995"}],"wp:attachment":[{"href":"https:\/\/hostnetart.com.br\/baixada\/wp-json\/wp\/v2\/media?parent=7996"}],"wp:term":[{"taxonomy":"category","embeddable":true,"href":"https:\/\/hostnetart.com.br\/baixada\/wp-json\/wp\/v2\/categories?post=7996"},{"taxonomy":"post_tag","embeddable":true,"href":"https:\/\/hostnetart.com.br\/baixada\/wp-json\/wp\/v2\/tags?post=7996"}],"curies":[{"name":"wp","href":"https:\/\/api.w.org\/{rel}","templated":true}]}}