{"id":7992,"date":"2019-12-03T15:14:28","date_gmt":"2019-12-03T18:14:28","guid":{"rendered":"https:\/\/hostnetart.com.br\/baixada\/dirigentes-sindicais-aprovam-carta-compromisso-e-mocao-do-v-forum-pela-visibilidade-negra\/"},"modified":"2019-12-03T15:14:28","modified_gmt":"2019-12-03T18:14:28","slug":"dirigentes-sindicais-aprovam-carta-compromisso-e-mocao-do-v-forum-pela-visibilidade-negra","status":"publish","type":"post","link":"https:\/\/hostnetart.com.br\/baixada\/dirigentes-sindicais-aprovam-carta-compromisso-e-mocao-do-v-forum-pela-visibilidade-negra\/","title":{"rendered":"Dirigentes sindicais aprovam Carta Compromisso e Mo\u00e7\u00e3o do V F\u00f3rum Pela Visibilidade Negra"},"content":{"rendered":"<p>Cerca de 50 dirigentes sindicais de todo o Brasil participaram das mesas de debates e discuss\u00f5es do V F\u00f3rum Nacional pela Visibilidade Negra no Sistema Financeiro, realizado entre os dias 28 e 29 de novembro, na capital mineira.<\/p>\n<p>Durante o ato de encerramento foi aprovada a carta compromisso do f\u00f3rum. O documento ressalta a necessidade de um esfor\u00e7o conjunto que garantam avan\u00e7os \u201cna quest\u00e3o da visibilidade negra na sociedade e tamb\u00e9m no sistema financeiro\u201d.<\/p>\n<p>A carta tamb\u00e9m reafirma que os sindicatos \u201ct\u00eam um papel fundamental nessa constru\u00e7\u00e3o, por serem ferramentas de luta dos trabalhadores e das trabalhadoras, por fazerem a a\u00e7\u00e3o direta da den\u00fancia, por terem a possibilidade de formar e informar seus representados, e por terem a prerrogativa de negociar pol\u00edticas afirmativas necess\u00e1rias para superar as desigualdades\u201d.\u00a0<a href=\"https:\/\/contrafcut.com.br\/wp-content\/uploads\/2019\/12\/carta-compromisso-do-v-forum-bh.pdf?x42777\">Leia a \u00edntegra da Carta Compromisso.<\/a><\/p>\n<p>As lideran\u00e7as sindicais tamb\u00e9m aprovaram uma mo\u00e7\u00e3o de rep\u00fadio contra as declara\u00e7\u00f5es p\u00fablicas do atual presidente da Funda\u00e7\u00e3o Palmares, S\u00e9rgio Camargo. O documento afirma que a \u201cFunda\u00e7\u00e3o Palmares, \u00e9 uma institui\u00e7\u00e3o do Estado brasileiro e n\u00e3o um biombo para servir a interesses contr\u00e1rios aos objetivos para os quais ela foi criada\u201d.<\/p>\n<p>O documento ressalta ainda preocupa\u00e7\u00e3o com o avan\u00e7o do racismo no Brasil \u201cas formas e manifesta\u00e7\u00f5es contempor\u00e2neas do racismo, da intoler\u00e2ncia e do fascismo, est\u00e3o se empenhando para recuperar o reconhecimento pol\u00edtico, moral e, at\u00e9 mesmo, legal das mais variadas maneiras, inclusive, por meio de plataformas de partidos pol\u00edticos e organiza\u00e7\u00f5es que tem disseminado o \u00f3dio, a viol\u00eancia e a nega\u00e7\u00e3o dos direitos mais elementares do nosso povo\u201d.\u00a0<a href=\"https:\/\/contrafcut.com.br\/wp-content\/uploads\/2019\/12\/mocao-aprovada-v-forum.pdf?x42777\">Leia a \u00edntegra da Mo\u00e7\u00e3o<\/a>.<\/p>\n<p>Para Almir Aguiar, secret\u00e1rio de Combate ao Racismo da Confedera\u00e7\u00e3o Nacional dos Trabalhadores do Ramo Financeiro (Contraf-CUT), as declara\u00e7\u00f5es de S\u00e9rgio Camargo atacam o movimento negro. \u201cEste cidad\u00e3o \u00e9 filho do escritor Oswaldo Camargo, considerado um \u00edcone do movimento negro, infelizmente seu filho, incorporou o esp\u00edrito do capit\u00e3o do mato, este fato causou indigna\u00e7\u00e3o em todos os participantes do F\u00f3rum, da\u00ed a aprova\u00e7\u00e3o da mo\u00e7\u00e3o\u201d, disse Almir<\/p>\n<p><strong>Fonte: Contraf-CUT<\/strong><\/p>\n","protected":false},"excerpt":{"rendered":"<p>Cerca de 50 dirigentes sindicais de todo o Brasil participaram das mesas de debates e discuss\u00f5es do V F\u00f3rum Nacional pela Visibilidade Negra no Sistema Financeiro, realizado entre os dias 28 e 29 de novembro, na capital mineira. Durante o ato de encerramento foi aprovada a carta compromisso do f\u00f3rum. O documento ressalta a necessidade [&hellip;]<\/p>\n","protected":false},"author":2,"featured_media":7991,"comment_status":"","ping_status":"","sticky":false,"template":"","format":"standard","meta":{"footnotes":""},"categories":[3],"tags":[],"class_list":["post-7992","post","type-post","status-publish","format-standard","has-post-thumbnail","hentry","category-noticias"],"_links":{"self":[{"href":"https:\/\/hostnetart.com.br\/baixada\/wp-json\/wp\/v2\/posts\/7992","targetHints":{"allow":["GET"]}}],"collection":[{"href":"https:\/\/hostnetart.com.br\/baixada\/wp-json\/wp\/v2\/posts"}],"about":[{"href":"https:\/\/hostnetart.com.br\/baixada\/wp-json\/wp\/v2\/types\/post"}],"author":[{"embeddable":true,"href":"https:\/\/hostnetart.com.br\/baixada\/wp-json\/wp\/v2\/users\/2"}],"replies":[{"embeddable":true,"href":"https:\/\/hostnetart.com.br\/baixada\/wp-json\/wp\/v2\/comments?post=7992"}],"version-history":[{"count":0,"href":"https:\/\/hostnetart.com.br\/baixada\/wp-json\/wp\/v2\/posts\/7992\/revisions"}],"wp:featuredmedia":[{"embeddable":true,"href":"https:\/\/hostnetart.com.br\/baixada\/wp-json\/wp\/v2\/media\/7991"}],"wp:attachment":[{"href":"https:\/\/hostnetart.com.br\/baixada\/wp-json\/wp\/v2\/media?parent=7992"}],"wp:term":[{"taxonomy":"category","embeddable":true,"href":"https:\/\/hostnetart.com.br\/baixada\/wp-json\/wp\/v2\/categories?post=7992"},{"taxonomy":"post_tag","embeddable":true,"href":"https:\/\/hostnetart.com.br\/baixada\/wp-json\/wp\/v2\/tags?post=7992"}],"curies":[{"name":"wp","href":"https:\/\/api.w.org\/{rel}","templated":true}]}}