{"id":799,"date":"2015-05-26T23:55:00","date_gmt":"2015-05-27T02:55:00","guid":{"rendered":"https:\/\/hostnetart.com.br\/baixada\/contraf-cut-realiza-encontros-nacionais-dos-bancos-privados\/"},"modified":"2015-05-26T23:55:00","modified_gmt":"2015-05-27T02:55:00","slug":"contraf-cut-realiza-encontros-nacionais-dos-bancos-privados","status":"publish","type":"post","link":"https:\/\/hostnetart.com.br\/baixada\/contraf-cut-realiza-encontros-nacionais-dos-bancos-privados\/","title":{"rendered":"Contraf-CUT realiza encontros nacionais dos bancos privados"},"content":{"rendered":"<p><span style=\"color: #464646;\">Come\u00e7a nesta ter\u00e7a-feira (26) o Encontro Nacional dos Funcion\u00e1rios de bancos privados, realizados em S\u00e3o Paulo. Apesar da mesma data e da proximidade de local, todas no centro da Capital paulista, s\u00e3o quatro reuni\u00f5es distintas. Os encontros v\u00e3o at\u00e9 quarta-feira (27).<\/span><br style=\"color: #464646;\" \/><br style=\"color: #464646;\" \/><span style=\"color: #464646;\">Os banc\u00e1rios do Ita\u00fa se encontrar\u00e3o no hotel Braston da Rua Martins Fontes, a partir das 10h, para analisar os resultados de 2014, depois de apresenta\u00e7\u00e3o do Dieese. Eles v\u00e3o definir as quest\u00f5es centrais para este ano, como nomes da Comiss\u00e3o de Organiza\u00e7\u00e3o dos Empregados (COE) e pontos de contatos nas federa\u00e7\u00f5es, periodicidade de reuni\u00f5es e alinhamento para os ve\u00edculos de comunica\u00e7\u00e3o.<\/span><br style=\"color: #464646;\" \/><br style=\"color: #464646;\" \/><span style=\"color: #464646;\">J\u00e1 os trabalhadores do Bradesco, se re\u00fanem \u00e0s 9h, no Braston S\u00e3o Raphael \u2013 no Largo do Arouche -, para abertura do encontro com Carlindo Abelha, secret\u00e1rio de Organiza\u00e7\u00e3o da Contraf, e Elaine Cutis, coordenadora da COE Nacional dos Dirigentes do Bradesco. Abelha far\u00e1 uma pequena an\u00e1lise da conjuntura pol\u00edtico-econ\u00f4mica do Pa\u00eds e apresentar\u00e1 os principais desafios da COE no pr\u00f3ximo mandato.<\/span><br style=\"color: #464646;\" \/><br style=\"color: #464646;\" \/><span style=\"color: #464646;\">O evento contar\u00e1 ainda com a apresenta\u00e7\u00e3o de um comparativo do Dieese do balan\u00e7o dos bancos no terceiro trimestre, com foco nos dados do Bradesco. Os participantes far\u00e3o ainda uma an\u00e1lise da estrutura da holding Bradesco, tra\u00e7ar\u00e3o estrat\u00e9gias de organiza\u00e7\u00e3o para constru\u00e7\u00e3o do ramo e o planejar\u00e3o a do COE nos pr\u00f3ximos anos.<\/span><br style=\"color: #464646;\" \/><br style=\"color: #464646;\" \/><span style=\"color: #464646;\">Os banc\u00e1rios do Santander, que estar\u00e3o reunidos no Hotel Boulevard S\u00e3o Luiz, far\u00e3o uma an\u00e1lise do Balan\u00e7o do banco, a partir das 9h30, em cima dos dados apresentados pelo Dieese. Logo depois, eles debater\u00e3o a legisla\u00e7\u00e3o da Participa\u00e7\u00e3o nos Lucros e Resultados (PLR), sa\u00fade e condi\u00e7\u00f5es de trabalho, emprego e terceiriza\u00e7\u00e3o e previd\u00eancia complementar.<\/span><br style=\"color: #464646;\" \/><br style=\"color: #464646;\" \/><span style=\"color: #464646;\">HSBC: Em defesa do emprego<\/span><br style=\"color: #464646;\" \/><span style=\"color: #464646;\">O encontro do HSBC, no hotel Braston Augusta, ser\u00e1 especial. Isso porque os trabalhadores do banco ingl\u00eas passam por um momento de indefini\u00e7\u00e3o, diante do an\u00fancio feito pelo HSBC de que analisa a venda de seus ativos financeiros no Brasil. \u201cPrecisamos diminuir a ansiedade dos banc\u00e1rios de debater outras quest\u00f5es relativas ao mundo do trabalho. O momento agora \u00e9 de pensar na defesa pela manuten\u00e7\u00e3o dos empregos\u201d, explica Cristiane Zacarias, coordenadora da Comiss\u00e3o de Organiza\u00e7\u00e3o dos empregados do HSBC, que se reuniu nesta segunda-feira (25) para debater a atua\u00e7\u00e3o durante o encontro. \u201cO que queremos \u00e9 falar com o banco comprador, pois eles ser\u00e3o respons\u00e1veis por poss\u00edveis demiss\u00f5es, no futuro\u201d, completa.<\/span><br style=\"color: #464646;\" \/><br style=\"color: #464646;\" \/><span style=\"color: #464646;\">A reuni\u00e3o, que come\u00e7a \u00c0s 9h, ter\u00e1 a apresenta\u00e7\u00e3o \u201cFus\u00f5es e Aquisi\u00e7\u00f5es no Setor Banc\u00e1rio Brasileiro: Experi\u00eancias Recentes\u201d, do Dieese. Em seguida, eles far\u00e3o uma an\u00e1lise econ\u00f4mica dos poss\u00edveis cen\u00e1rios em caso de venda, e estudar\u00e3o as poss\u00edveis a\u00e7\u00f5es jur\u00eddicas para atua\u00e7\u00e3o preventiva e reativa em caso de venda. No segundo dia, o evento vai tra\u00e7ar as a\u00e7\u00f5es estrat\u00e9gias de mobiliza\u00e7\u00e3o nacional em defesa do emprego. \u201cTemos que avaliar todas as atividades feitas at\u00e9 agora para, ai sim, pensar em como agir daqui pra frente\u201d, diz Cristiane.\u00a0<\/span><br style=\"color: #464646;\" \/><br style=\"color: #464646;\" \/><span style=\"color: #464646;\">Fonte: Contraf-CUT<\/span><\/p>\n","protected":false},"excerpt":{"rendered":"<p>Come\u00e7a nesta ter\u00e7a-feira (26) o Encontro Nacional dos Funcion\u00e1rios de bancos privados, realizados em S\u00e3o Paulo. Apesar da mesma data e da proximidade de local, todas no centro da Capital paulista, s\u00e3o quatro reuni\u00f5es distintas. Os encontros v\u00e3o at\u00e9 quarta-feira (27).Os banc\u00e1rios do Ita\u00fa se encontrar\u00e3o no hotel Braston da Rua Martins Fontes, a partir [&hellip;]<\/p>\n","protected":false},"author":1,"featured_media":0,"comment_status":"","ping_status":"","sticky":false,"template":"","format":"standard","meta":{"footnotes":""},"categories":[3],"tags":[],"class_list":["post-799","post","type-post","status-publish","format-standard","hentry","category-noticias"],"_links":{"self":[{"href":"https:\/\/hostnetart.com.br\/baixada\/wp-json\/wp\/v2\/posts\/799","targetHints":{"allow":["GET"]}}],"collection":[{"href":"https:\/\/hostnetart.com.br\/baixada\/wp-json\/wp\/v2\/posts"}],"about":[{"href":"https:\/\/hostnetart.com.br\/baixada\/wp-json\/wp\/v2\/types\/post"}],"author":[{"embeddable":true,"href":"https:\/\/hostnetart.com.br\/baixada\/wp-json\/wp\/v2\/users\/1"}],"replies":[{"embeddable":true,"href":"https:\/\/hostnetart.com.br\/baixada\/wp-json\/wp\/v2\/comments?post=799"}],"version-history":[{"count":0,"href":"https:\/\/hostnetart.com.br\/baixada\/wp-json\/wp\/v2\/posts\/799\/revisions"}],"wp:attachment":[{"href":"https:\/\/hostnetart.com.br\/baixada\/wp-json\/wp\/v2\/media?parent=799"}],"wp:term":[{"taxonomy":"category","embeddable":true,"href":"https:\/\/hostnetart.com.br\/baixada\/wp-json\/wp\/v2\/categories?post=799"},{"taxonomy":"post_tag","embeddable":true,"href":"https:\/\/hostnetart.com.br\/baixada\/wp-json\/wp\/v2\/tags?post=799"}],"curies":[{"name":"wp","href":"https:\/\/api.w.org\/{rel}","templated":true}]}}