{"id":7988,"date":"2019-11-28T19:41:21","date_gmt":"2019-11-28T22:41:21","guid":{"rendered":"https:\/\/hostnetart.com.br\/baixada\/sindicato-dos-bancarios-da-baixada-fluminense-presente-ao-v-forum-nacional-pela-visibilidade-negra\/"},"modified":"2019-11-28T19:41:21","modified_gmt":"2019-11-28T22:41:21","slug":"sindicato-dos-bancarios-da-baixada-fluminense-presente-ao-v-forum-nacional-pela-visibilidade-negra","status":"publish","type":"post","link":"https:\/\/hostnetart.com.br\/baixada\/sindicato-dos-bancarios-da-baixada-fluminense-presente-ao-v-forum-nacional-pela-visibilidade-negra\/","title":{"rendered":"Sindicato dos Banc\u00e1rios da Baixada Fluminense presente ao V F\u00f3rum Nacional Pela Visibilidade Negra"},"content":{"rendered":"<p>Representado pela Diretora de Forma\u00e7\u00e3o, Renata Soeiro, o Sindicato dos Banc\u00e1rios da Baixada Fluminense se faz presente ao V F\u00f3rum Nacional Pela Visibilidade Negra no Sistema Financeiro, que ocorre hoje, dia 28, e amanh\u00e3, 29 de novembro, em Belo Horizonte, Minas Gerais. O evento \u00e9 realizado pela Confedera\u00e7\u00e3o Nacional dos Trabalhadores do Ramo Financeiro (Contraf-CUT) e visa fortalecer o debate sobre o tema e a sua import\u00e2ncia no movimento sindical.<\/p>\n<p>O conte\u00fado ser\u00e1 voltado aos dirigentes sindicais que acompanham a tem\u00e1tica de igualdade de oportunidades e combate ao racismo, e que s\u00e3o respons\u00e1veis pelas secretarias de Pol\u00edticas Sociais dos sindicatos e federa\u00e7\u00f5es.<\/p>\n<p>O V F\u00f3rum Nacional Pela Visibilidade Negra no Sistema Financeiro conta com o apoio da Federa\u00e7\u00e3o Nacional das Associa\u00e7\u00f5es de Pessoal da Caixa Econ\u00f4mica Federal (Fenae), do Sindicato dos Banc\u00e1rios de Belo Horizonte e regi\u00e3o, da Federa\u00e7\u00e3o dos Trabalhadores do Ramo Financeiro de Minas Gerais (Fetrafi MG) e The American Federation of Labor and Congress of Industrial Organizations (AFL-CIO).<\/p>\n<p>\u00a0<\/p>\n","protected":false},"excerpt":{"rendered":"<p>Representado pela Diretora de Forma\u00e7\u00e3o, Renata Soeiro, o Sindicato dos Banc\u00e1rios da Baixada Fluminense se faz presente ao V F\u00f3rum Nacional Pela Visibilidade Negra no Sistema Financeiro, que ocorre hoje, dia 28, e amanh\u00e3, 29 de novembro, em Belo Horizonte, Minas Gerais. O evento \u00e9 realizado pela Confedera\u00e7\u00e3o Nacional dos Trabalhadores do Ramo Financeiro (Contraf-CUT) [&hellip;]<\/p>\n","protected":false},"author":2,"featured_media":7987,"comment_status":"","ping_status":"","sticky":false,"template":"","format":"standard","meta":{"footnotes":""},"categories":[3],"tags":[],"class_list":["post-7988","post","type-post","status-publish","format-standard","has-post-thumbnail","hentry","category-noticias"],"_links":{"self":[{"href":"https:\/\/hostnetart.com.br\/baixada\/wp-json\/wp\/v2\/posts\/7988","targetHints":{"allow":["GET"]}}],"collection":[{"href":"https:\/\/hostnetart.com.br\/baixada\/wp-json\/wp\/v2\/posts"}],"about":[{"href":"https:\/\/hostnetart.com.br\/baixada\/wp-json\/wp\/v2\/types\/post"}],"author":[{"embeddable":true,"href":"https:\/\/hostnetart.com.br\/baixada\/wp-json\/wp\/v2\/users\/2"}],"replies":[{"embeddable":true,"href":"https:\/\/hostnetart.com.br\/baixada\/wp-json\/wp\/v2\/comments?post=7988"}],"version-history":[{"count":0,"href":"https:\/\/hostnetart.com.br\/baixada\/wp-json\/wp\/v2\/posts\/7988\/revisions"}],"wp:featuredmedia":[{"embeddable":true,"href":"https:\/\/hostnetart.com.br\/baixada\/wp-json\/wp\/v2\/media\/7987"}],"wp:attachment":[{"href":"https:\/\/hostnetart.com.br\/baixada\/wp-json\/wp\/v2\/media?parent=7988"}],"wp:term":[{"taxonomy":"category","embeddable":true,"href":"https:\/\/hostnetart.com.br\/baixada\/wp-json\/wp\/v2\/categories?post=7988"},{"taxonomy":"post_tag","embeddable":true,"href":"https:\/\/hostnetart.com.br\/baixada\/wp-json\/wp\/v2\/tags?post=7988"}],"curies":[{"name":"wp","href":"https:\/\/api.w.org\/{rel}","templated":true}]}}