{"id":7984,"date":"2019-11-28T13:57:53","date_gmt":"2019-11-28T16:57:53","guid":{"rendered":"https:\/\/hostnetart.com.br\/baixada\/para-especialistas-combate-as-fake-news-precisa-ser-discutido-em-sala-de-aula\/"},"modified":"2019-11-28T13:57:53","modified_gmt":"2019-11-28T16:57:53","slug":"para-especialistas-combate-as-fake-news-precisa-ser-discutido-em-sala-de-aula","status":"publish","type":"post","link":"https:\/\/hostnetart.com.br\/baixada\/para-especialistas-combate-as-fake-news-precisa-ser-discutido-em-sala-de-aula\/","title":{"rendered":"Para especialistas, combate \u00e0s fake news precisa ser discutido em sala de aula"},"content":{"rendered":"<p>No Brasil, segundo o Instituto Ipsos, 62% dos brasileiros acreditam em <a href=\"https:\/\/www.redebrasilatual.com.br\/cidadania\/2019\/08\/intervozes-fake-news-sao-parte-de-um-problema-criado-pelo-oligopolio-midiatico\/\" target=\"_blank\" rel=\"noopener noreferrer\">rumores e em conte\u00fados falsos<\/a>, o que mostra parcela expressiva da popula\u00e7\u00e3o brasileira vulner\u00e1vel \u00e0s not\u00edcias falsas<i>. <\/i>Nesse cen\u00e1rio, a educa\u00e7\u00e3o desponta como a \u00fanica forma de interromper o ciclo de dissemina\u00e7\u00e3o de fake news. Foi o que conclu\u00edram os especialistas que participaram de audi\u00eancia p\u00fablica sobre o tema na Comiss\u00e3o de Educa\u00e7\u00e3o (CE), ontem (27), do Senado Federal. Segundo os debatedores, n\u00e3o interromper o ciclo de desinforma\u00e7\u00e3o pode levar \u00e0 segrega\u00e7\u00e3o social e representar at\u00e9 mesmo risco \u00e0 democracia.<\/p>\n<p>Por isso, proibir a circula\u00e7\u00e3o de not\u00edcias falsas n\u00e3o resolveria o problema, alertou a presidente-executiva do<a href=\"https:\/\/www.palavraaberta.org.br\/\" target=\"_blank\" rel=\"noopener noreferrer\"> Instituto Palavra Aberta<\/a>, Patr\u00edcia Blanco. Para ela, a desinforma\u00e7\u00e3o \u00e9 uma quest\u00e3o de entendimento social. Ela defendeu que \u00e9 preciso promover uma educa\u00e7\u00e3o na qual se desenvolvam habilidades como a de duvidar, de elaborar hip\u00f3teses, de investigar e de produzir s\u00ednteses.<\/p>\n<p>O primeiro passo para essa solu\u00e7\u00e3o foi a inclus\u00e3o da educa\u00e7\u00e3o midi\u00e1tica na Base Nacional Comum Curricular (BNCC), explicou Patr\u00edcia. Agora \u00e9 poss\u00edvel abordar em sala de aula quest\u00f5es inerentes ao s\u00e9culo 21 que incluem conhecimento, habilidades, atitudes e valores essenciais a respeito da informa\u00e7\u00e3o digital, disse.<\/p>\n<p>\u201cO que a gente espera do aluno educado midiaticamente \u00e9 que ele saiba analisar, que ele saiba compreender, acessar e aplicar esse conhecimento no seu dia a dia e que saiba criar. Ent\u00e3o, essa \u00e9 realmente uma vis\u00e3o hol\u00edstica do papel do cidad\u00e3o educado midiaticamente\u201d, afirmou.<\/p>\n<p>Coordenador-geral da Alian\u00e7a Global em M\u00eddia e Educa\u00e7\u00e3o da Unesco, Alexandre Le Voci Sayad destacou a import\u00e2ncia da <a href=\"https:\/\/www.redebrasilatual.com.br\/cidadania\/2019\/05\/encontro-periferia-senso-comum\/\" target=\"_blank\" rel=\"noopener noreferrer\">educa\u00e7\u00e3o midi\u00e1tica nas escolas<\/a>, que busca desenvolver nos alunos a capacidade de ler, compreender e analisar informa\u00e7\u00f5es, al\u00e9m de produzir comunica\u00e7\u00e3o \u00e9tica e de qualidade \u2014 habilidades que hoje s\u00e3o essenciais para o exerc\u00edcio da cidadania, explicou.<\/p>\n<p>Ele afirmou que o fen\u00f4meno das fake news (ou da desinforma\u00e7\u00e3o, termo adotado pela Unesco e que ele considera mais amplo para definir o problema) exige atua\u00e7\u00e3o intersetorial, envolvendo v\u00e1rios atores, como governos, universidades, pesquisadores e ve\u00edculos de comunica\u00e7\u00e3o. Mas a \u00e1rea da educa\u00e7\u00e3o e a prepara\u00e7\u00e3o dos alunos nas escolas, com a inclus\u00e3o da educa\u00e7\u00e3o midi\u00e1tica na BNCC, ressaltou, \u00e9 uma abordagem essencial no enfrentamento do fen\u00f4meno.<\/p>\n<p><strong><em>Fonte: Rede Brasil Atual com Ag\u00eancia Senado<\/em><\/strong><\/p>\n","protected":false},"excerpt":{"rendered":"<p>No Brasil, segundo o Instituto Ipsos, 62% dos brasileiros acreditam em rumores e em conte\u00fados falsos, o que mostra parcela expressiva da popula\u00e7\u00e3o brasileira vulner\u00e1vel \u00e0s not\u00edcias falsas. Nesse cen\u00e1rio, a educa\u00e7\u00e3o desponta como a \u00fanica forma de interromper o ciclo de dissemina\u00e7\u00e3o de fake news. Foi o que conclu\u00edram os especialistas que participaram de [&hellip;]<\/p>\n","protected":false},"author":2,"featured_media":7983,"comment_status":"","ping_status":"","sticky":false,"template":"","format":"standard","meta":{"footnotes":""},"categories":[3],"tags":[],"class_list":["post-7984","post","type-post","status-publish","format-standard","has-post-thumbnail","hentry","category-noticias"],"_links":{"self":[{"href":"https:\/\/hostnetart.com.br\/baixada\/wp-json\/wp\/v2\/posts\/7984","targetHints":{"allow":["GET"]}}],"collection":[{"href":"https:\/\/hostnetart.com.br\/baixada\/wp-json\/wp\/v2\/posts"}],"about":[{"href":"https:\/\/hostnetart.com.br\/baixada\/wp-json\/wp\/v2\/types\/post"}],"author":[{"embeddable":true,"href":"https:\/\/hostnetart.com.br\/baixada\/wp-json\/wp\/v2\/users\/2"}],"replies":[{"embeddable":true,"href":"https:\/\/hostnetart.com.br\/baixada\/wp-json\/wp\/v2\/comments?post=7984"}],"version-history":[{"count":0,"href":"https:\/\/hostnetart.com.br\/baixada\/wp-json\/wp\/v2\/posts\/7984\/revisions"}],"wp:featuredmedia":[{"embeddable":true,"href":"https:\/\/hostnetart.com.br\/baixada\/wp-json\/wp\/v2\/media\/7983"}],"wp:attachment":[{"href":"https:\/\/hostnetart.com.br\/baixada\/wp-json\/wp\/v2\/media?parent=7984"}],"wp:term":[{"taxonomy":"category","embeddable":true,"href":"https:\/\/hostnetart.com.br\/baixada\/wp-json\/wp\/v2\/categories?post=7984"},{"taxonomy":"post_tag","embeddable":true,"href":"https:\/\/hostnetart.com.br\/baixada\/wp-json\/wp\/v2\/tags?post=7984"}],"curies":[{"name":"wp","href":"https:\/\/api.w.org\/{rel}","templated":true}]}}