{"id":7982,"date":"2019-11-28T13:57:15","date_gmt":"2019-11-28T16:57:15","guid":{"rendered":"https:\/\/hostnetart.com.br\/baixada\/bancos-fecharam-6-379-postos-de-trabalho-em-2019\/"},"modified":"2019-11-28T13:57:15","modified_gmt":"2019-11-28T16:57:15","slug":"bancos-fecharam-6-379-postos-de-trabalho-em-2019","status":"publish","type":"post","link":"https:\/\/hostnetart.com.br\/baixada\/bancos-fecharam-6-379-postos-de-trabalho-em-2019\/","title":{"rendered":"Bancos fecharam 6.379 postos de trabalho em 2019"},"content":{"rendered":"<div class=\"elementor-element elementor-element-194680ec elementor-widget elementor-widget-theme-post-content\" data-id=\"194680ec\" data-element_type=\"widget\" data-widget_type=\"theme-post-content.default\">\n<div class=\"elementor-widget-container\">\n<p><a href=\"https:\/\/contrafcut.com.br\/peb-janeiro-a-outubro-de-2019-2\/\" target=\"_blank\" rel=\"noopener noreferrer\">Levantamento realizado pelo Departamento Intersindical de Estat\u00edstica e Estudos Socioecon\u00f4micos (Dieese)<\/a>, com base nos dados do Cadastro Geral de Empregados e Desempregados (Caged), aponta que os bancos fecharam 6.379 postos de emprego entre janeiro e outubro de 2019. Desde 2013, os bancos j\u00e1 acumulam saldo negativo de 66.985 mil postos.<\/p>\n<p>O resultado de 2019 \u00e9 decorrente, principalmente, dos programas de desligamentos volunt\u00e1rios abertos pelos bancos. Foram registradas 29.610 admiss\u00f5es e 35.989 desligamentos no per\u00edodo.<\/p>\n<p>Os maiores saldos negativos foram registrados no Rio de Janeiro (-1.699 postos), no Rio Grande do Sul (1.072 postos fechados) e no Distrito Federal (-804 postos).<\/p>\n<p>A an\u00e1lise por setor de atividade econ\u00f4mica revela que os bancos m\u00faltiplos com carteira comercial, como o Ita\u00fa, o Bradesco, o Santander e o Banco do Brasil, foram respons\u00e1veis pelo fechamento de 6.684 postos no per\u00edodo.<\/p>\n<figure class=\"wp-block-image size-large\"><img decoding=\"async\" class=\"wp-image-275952 lazyloaded\" src=\"https:\/\/contrafcut.com.br\/wp-content\/uploads\/2019\/11\/grafico1.jpeg?x10474\" sizes=\"(max-width: 1160px) 100vw, 1160px\" srcset=\"https:\/\/contrafcut.com.br\/wp-content\/uploads\/2019\/11\/grafico1.jpeg 1160w, https:\/\/contrafcut.com.br\/wp-content\/uploads\/2019\/11\/grafico1-410x230.jpeg 410w, https:\/\/contrafcut.com.br\/wp-content\/uploads\/2019\/11\/grafico1-768x432.jpeg 768w\" alt=\"\" data-lazy-srcset=\"https:\/\/contrafcut.com.br\/wp-content\/uploads\/2019\/11\/grafico1.jpeg 1160w, https:\/\/contrafcut.com.br\/wp-content\/uploads\/2019\/11\/grafico1-410x230.jpeg 410w, https:\/\/contrafcut.com.br\/wp-content\/uploads\/2019\/11\/grafico1-768x432.jpeg 768w\" data-lazy-sizes=\"(max-width: 1160px) 100vw, 1160px\" data-lazy-src=\"https:\/\/contrafcut.com.br\/wp-content\/uploads\/2019\/11\/grafico1.jpeg?x10474\" data-was-processed=\"true\" \/><\/figure>\n<h3><strong>Emprego Verde Amarelo<\/strong><\/h3>\n<p>Somente na faixa et\u00e1ria entre 18 e 29 anos houve saldo positivo, com cria\u00e7\u00e3o de 10.765 postos de trabalho. Gra\u00e7as \u00e0 <a href=\"https:\/\/contrafcut.com.br\/noticias\/bancarios-nao-vao-trabalhar-aos-sabados\/\" target=\"_blank\" rel=\"noopener noreferrer\">negocia\u00e7\u00e3o<\/a> da Confedera\u00e7\u00e3o Nacional dos Trabalhadores do Ramo Financeiro (Contraf-CUT) e das federa\u00e7\u00f5es e sindicatos que fazem parte do Comando Nacional dos Banc\u00e1rios, estes trabalhadores t\u00eam a garantia de que seus sal\u00e1rios ser\u00e3o mantidos conforme definido na Conven\u00e7\u00e3o Coletiva de Trabalho (CCT) e n\u00e3o ser\u00e3o limitados a R$ 1.500,00, como determina a <a href=\"http:\/\/www.planalto.gov.br\/ccivil_03\/_Ato2019-2022\/2019\/Mpv\/mpv905.htm\" target=\"_blank\" rel=\"noopener noreferrer\">Medida Provis\u00f3ria (MP) 905\/2019<\/a>.<\/p>\n<p>Em todas as faixas et\u00e1rias acima de 30 anos, o saldo de emprego nos bancos foi negativo, com destaque para a faixa de 50 a 64 anos, na qual houve fechamento de 9.799 postos. Mas, nas faixas entre 30 e 39 anos e entre 40 e 49 anos, tamb\u00e9m foi grande o saldo negativo (-3.479 e -3.478 postos fechados, respectivamente).<\/p>\n<figure class=\"wp-block-image size-large\"><img decoding=\"async\" class=\"wp-image-275953 lazyloaded\" src=\"https:\/\/contrafcut.com.br\/wp-content\/uploads\/2019\/11\/tabela2.jpeg?x10474\" sizes=\"(max-width: 1160px) 100vw, 1160px\" srcset=\"https:\/\/contrafcut.com.br\/wp-content\/uploads\/2019\/11\/tabela2.jpeg 1160w, https:\/\/contrafcut.com.br\/wp-content\/uploads\/2019\/11\/tabela2-410x221.jpeg 410w, https:\/\/contrafcut.com.br\/wp-content\/uploads\/2019\/11\/tabela2-768x413.jpeg 768w\" alt=\"\" data-lazy-srcset=\"https:\/\/contrafcut.com.br\/wp-content\/uploads\/2019\/11\/tabela2.jpeg 1160w, https:\/\/contrafcut.com.br\/wp-content\/uploads\/2019\/11\/tabela2-410x221.jpeg 410w, https:\/\/contrafcut.com.br\/wp-content\/uploads\/2019\/11\/tabela2-768x413.jpeg 768w\" data-lazy-sizes=\"(max-width: 1160px) 100vw, 1160px\" data-lazy-src=\"https:\/\/contrafcut.com.br\/wp-content\/uploads\/2019\/11\/tabela2.jpeg?x10474\" data-was-processed=\"true\" \/><\/figure>\n<h3><strong>Desigualdade de g\u00eanero<\/strong><\/h3>\n<p>Os dados mostram, ainda, que as 13.575 mulheres admitidas nos bancos entre janeiro e outubro de 2019 receberam, em m\u00e9dia, R$ 3.926,70. O valor corresponde a 75,9% da remunera\u00e7\u00e3o m\u00e9dia auferida pelos 16.035 homens contratados no per\u00edodo. Ao se analisar os sal\u00e1rios na data de desligamento, constata-se que a desigualdade de g\u00eanero se amplia durante a carreira banc\u00e1ria. As 17.572 mulheres desligadas dos bancos recebiam, em m\u00e9dia, R$ 5.997,95, o que equivalia a 73,3% da remunera\u00e7\u00e3o m\u00e9dia dos 18.417 homens desligados dos bancos no per\u00edodo.<\/p>\n<figure class=\"wp-block-image size-large\"><img decoding=\"async\" class=\"wp-image-275954 lazyloaded\" src=\"https:\/\/contrafcut.com.br\/wp-content\/uploads\/2019\/11\/tabela3.jpeg?x10474\" sizes=\"(max-width: 1024px) 100vw, 1024px\" srcset=\"https:\/\/contrafcut.com.br\/wp-content\/uploads\/2019\/11\/tabela3.jpeg 1024w, https:\/\/contrafcut.com.br\/wp-content\/uploads\/2019\/11\/tabela3-410x123.jpeg 410w, https:\/\/contrafcut.com.br\/wp-content\/uploads\/2019\/11\/tabela3-768x231.jpeg 768w\" alt=\"\" data-lazy-srcset=\"https:\/\/contrafcut.com.br\/wp-content\/uploads\/2019\/11\/tabela3.jpeg 1024w, https:\/\/contrafcut.com.br\/wp-content\/uploads\/2019\/11\/tabela3-410x123.jpeg 410w, https:\/\/contrafcut.com.br\/wp-content\/uploads\/2019\/11\/tabela3-768x231.jpeg 768w\" data-lazy-sizes=\"(max-width: 1024px) 100vw, 1024px\" data-lazy-src=\"https:\/\/contrafcut.com.br\/wp-content\/uploads\/2019\/11\/tabela3.jpeg?x10474\" data-was-processed=\"true\" \/><\/figure>\n<p><strong>Fonte:<\/strong> <strong>Contraf-CUT<\/strong><\/p>\n<\/div>\n<\/div>\n","protected":false},"excerpt":{"rendered":"<p>Levantamento realizado pelo Departamento Intersindical de Estat\u00edstica e Estudos Socioecon\u00f4micos (Dieese), com base nos dados do Cadastro Geral de Empregados e Desempregados (Caged), aponta que os bancos fecharam 6.379 postos de emprego entre janeiro e outubro de 2019. Desde 2013, os bancos j\u00e1 acumulam saldo negativo de 66.985 mil postos. O resultado de 2019 \u00e9 [&hellip;]<\/p>\n","protected":false},"author":2,"featured_media":7981,"comment_status":"","ping_status":"","sticky":false,"template":"","format":"standard","meta":{"footnotes":""},"categories":[3],"tags":[],"class_list":["post-7982","post","type-post","status-publish","format-standard","has-post-thumbnail","hentry","category-noticias"],"_links":{"self":[{"href":"https:\/\/hostnetart.com.br\/baixada\/wp-json\/wp\/v2\/posts\/7982","targetHints":{"allow":["GET"]}}],"collection":[{"href":"https:\/\/hostnetart.com.br\/baixada\/wp-json\/wp\/v2\/posts"}],"about":[{"href":"https:\/\/hostnetart.com.br\/baixada\/wp-json\/wp\/v2\/types\/post"}],"author":[{"embeddable":true,"href":"https:\/\/hostnetart.com.br\/baixada\/wp-json\/wp\/v2\/users\/2"}],"replies":[{"embeddable":true,"href":"https:\/\/hostnetart.com.br\/baixada\/wp-json\/wp\/v2\/comments?post=7982"}],"version-history":[{"count":0,"href":"https:\/\/hostnetart.com.br\/baixada\/wp-json\/wp\/v2\/posts\/7982\/revisions"}],"wp:featuredmedia":[{"embeddable":true,"href":"https:\/\/hostnetart.com.br\/baixada\/wp-json\/wp\/v2\/media\/7981"}],"wp:attachment":[{"href":"https:\/\/hostnetart.com.br\/baixada\/wp-json\/wp\/v2\/media?parent=7982"}],"wp:term":[{"taxonomy":"category","embeddable":true,"href":"https:\/\/hostnetart.com.br\/baixada\/wp-json\/wp\/v2\/categories?post=7982"},{"taxonomy":"post_tag","embeddable":true,"href":"https:\/\/hostnetart.com.br\/baixada\/wp-json\/wp\/v2\/tags?post=7982"}],"curies":[{"name":"wp","href":"https:\/\/api.w.org\/{rel}","templated":true}]}}