{"id":7980,"date":"2019-11-27T17:15:06","date_gmt":"2019-11-27T20:15:06","guid":{"rendered":"https:\/\/hostnetart.com.br\/baixada\/black-friday-impulso-consumista-dos-pais-pode-ser-mau-exemplo-para-as-criancas\/"},"modified":"2019-11-27T17:15:06","modified_gmt":"2019-11-27T20:15:06","slug":"black-friday-impulso-consumista-dos-pais-pode-ser-mau-exemplo-para-as-criancas","status":"publish","type":"post","link":"https:\/\/hostnetart.com.br\/baixada\/black-friday-impulso-consumista-dos-pais-pode-ser-mau-exemplo-para-as-criancas\/","title":{"rendered":"Black Friday: impulso consumista dos pais pode ser mau exemplo para as crian\u00e7as"},"content":{"rendered":"<p>O C\u00f3digo de Defesa do Consumidor (CDC), o Estatuto da Crian\u00e7a e do Adolescente (ECA), e at\u00e9 mesmo a Constitui\u00e7\u00e3o Federal, pro\u00edbem a veicula\u00e7\u00e3o de\u00a0<a href=\"https:\/\/www.redebrasilatual.com.br\/blogs\/blog-na-rede\/2016\/10\/publicidade-infantil-e-os-efeitos-danosos-as-criancas-ate-quando-2910\/\" target=\"_blank\" rel=\"noopener noreferrer\">publicidade infantil<\/a>\u00a0destinada ao p\u00fablico menor de 12 anos. Ainda assim, em tempos de celebra\u00e7\u00e3o do consumismo, como \u00e9 o caso do per\u00edodo da\u00a0<em>Black Friday<\/em>, que ocorre na pr\u00f3xima sexta-feira (29), o p\u00fablico infantil acaba sendo exposto \u00e0 publicidade de produtos n\u00e3o especificamente direcionada para esse tipo de p\u00fablico. \u00c9 o caso, por exemplo, das lanchonetes que oferecem descontos, no modelo \u201cleve mais pagando menos\u201d, na compra de alimentos de baixo valor nutritivo.<\/p>\n<p>Os pequenos tamb\u00e9m s\u00e3o indiretamente afetados pela euforia que toma conta do com\u00e9rcio durante a data. Mas principalmente os pais devem observar os seus pr\u00f3prios comportamentos diante da excita\u00e7\u00e3o pelo consumo desenfreado e os reflexos que essas pr\u00e1ticas podem acarretar nas estruturas cerebrais ainda em forma\u00e7\u00e3o.<\/p>\n<p>O programa Crian\u00e7a e Consumo, do Instituto Alana \u2013 que debate quest\u00f5es relacionadas \u00e0 publicidade infantil e pensa caminhos para minimizar os efeitos da comunica\u00e7\u00e3o mercadol\u00f3gica \u2013 lan\u00e7ou nesta semana uma campanha nas redes sociais com a pergunta: \u201cO que a Black Friday ensina para as crian\u00e7as?\u201d.<\/p>\n<p>O articulador socioambiental do instituto, JP Amaral, diz que os m\u00e3es e pais devem atentar para as consequ\u00eancias do consumismo exacerbado, principalmente no atual contexto de crise ambiental. \u00c9 hora de mostrar \u00e0s crian\u00e7as que n\u00e3o \u00e9 poss\u00edvel \u201ccomprar, comprar e comprar, sem pensar nas consequ\u00eancias para a natureza\u201d. Os respons\u00e1veis devem conversar com as crian\u00e7as para que compreendam o funcionamento de uma data como a\u00a0<em>Black Friday<\/em>, e combatendo valores que pregam que o \u201cter\u201d \u00e9 mais importante que o \u201cser\u201d, que podem distanci\u00e1-las do conv\u00edvio social mais saud\u00e1vel.<\/p>\n<p>\u201c\u00c9\u00a0passar os valores do conv\u00edvio familiar, do brincar livre e at\u00e9 mesmo repensar e refletir sobre a suposta necessidade de qualquer tipo de produto que est\u00e1 sendo vendido. O principal papel dos pais \u00e9 a intermedia\u00e7\u00e3o.\u00a0A crian\u00e7a basicamente repete ou reflete aquilo que os pais est\u00e3o fazendo. Datas como\u00a0<em>Black Friday<\/em>\u00a0n\u00e3o v\u00e3o fugir disso. Se a crian\u00e7a v\u00ea os pais correndo para as lojas e comprando compulsivamente, ela acaba entendendo aquilo como uma data importante e, at\u00e9 mesmo, como um comportamento natural. \u00c9 isso que tem que ser pensado\u201d, afirmou o articulador.<\/p>\n<p>Ele lembra que, at\u00e9 os 12 anos, o c\u00e9rebro da crian\u00e7a \u00e9 como uma \u201cesponja\u201d, que absorve facilmente informa\u00e7\u00f5es e valores propagados no seu entorno. A exacerba\u00e7\u00e3o desses valores materialistas, segundo o especialista, pode estabelecer na crian\u00e7a a cren\u00e7a de que \u00e9 preciso possuir certos objetos para pertencer a certos grupos ou se integrar a determinados ambientes. A falta destes itens pode acarretar at\u00e9 mesmo em\u00a0<a href=\"https:\/\/www.redebrasilatual.com.br\/cidadania\/2017\/10\/a-violencia-individual-expressa-a-violencia-social-diz-autor-de-livro-sobre-bullying\/\" target=\"_blank\" rel=\"noopener noreferrer\">viol\u00eancia<\/a>\u00a0psicol\u00f3gica, estimulando o\u00a0<a href=\"https:\/\/www.redebrasilatual.com.br\/educacao\/2017\/12\/educadores-defendem-prevencao-colaboracao-e-empatia-no-combate-ao-bullying\/\" target=\"_blank\" rel=\"noopener noreferrer\"><em>bullying<\/em><\/a>\u00a0entre colegas de escola, por exemplo.\u00a0O apelo \u00e0 viol\u00eancia tamb\u00e9m pode chegar \u00e0 crian\u00e7a, caso ela presencie junto aos pais as ferrenhas disputas pelos \u00faltimos produtos em promo\u00e7\u00e3o que, \u00e0s vezes, descambam para a agress\u00e3o f\u00edsica.<\/p>\n<p>Amaral tamb\u00e9m afirma que o eventual interesse suscitado nas crian\u00e7as pela onda consumista da\u00a0<em>Black Friday\u00a0<\/em>tamb\u00e9m deve ser usado para explicar no\u00e7\u00f5es elementares sobre educa\u00e7\u00e3o financeira e o valor do dinheiro. Novamente \u00e9 o tipo de preceito que os adultos tamb\u00e9m devem ficar atentos. Ainda que a data possibilite a aquisi\u00e7\u00e3o de produtos a pre\u00e7os atraente, o consumo por impulso pode acarretar em d\u00edvidas, que tamb\u00e9m ter\u00e3o impacto negativo no conv\u00edvio familiar, afetando os pequenos.<\/p>\n<h3>Desapego<\/h3>\n<p>Para fugir do impulso do consumo, o articulador do Instituto Alana sugere que m\u00e3es e pais participem junto com as crian\u00e7as das\u00a0<a href=\"https:\/\/feiradetrocas.com.br\/\" target=\"_blank\" rel=\"noopener noreferrer\">feiras de trocas<\/a>\u00a0de brinquedo, que s\u00e3o promovidas periodicamente em diversas cidades do pa\u00eds. Nesses eventos, os pequenos ainda desfrutam do conv\u00edvio coletivo e se aproximam dos espa\u00e7os p\u00fablicos, como pra\u00e7as e parques. \u201cO\u00a0divertido \u00e9 as crian\u00e7as poderem trocar. Nesse momento, elas est\u00e3o aprendendo muitos valores, como a quest\u00e3o do afeto e empatia com a outra crian\u00e7a que quer o seu brinquedo, a negocia\u00e7\u00e3o, a coopera\u00e7\u00e3o e o compartilhamento. No conv\u00edvio, ela percebe que n\u00e3o precisa possuir aquele objeto. E ainda aprende bons valores, que s\u00e3o essenciais para a nossa sociedade e elabora o senso cr\u00edtico de mundo que vai levar por toda a vida\u201d, destacou Amaral.<\/p>\n<p><strong>Fonte: Rede Brasil Atual<\/strong><\/p>\n","protected":false},"excerpt":{"rendered":"<p>O C\u00f3digo de Defesa do Consumidor (CDC), o Estatuto da Crian\u00e7a e do Adolescente (ECA), e at\u00e9 mesmo a Constitui\u00e7\u00e3o Federal, pro\u00edbem a veicula\u00e7\u00e3o de\u00a0publicidade infantil\u00a0destinada ao p\u00fablico menor de 12 anos. Ainda assim, em tempos de celebra\u00e7\u00e3o do consumismo, como \u00e9 o caso do per\u00edodo da\u00a0Black Friday, que ocorre na pr\u00f3xima sexta-feira (29), o [&hellip;]<\/p>\n","protected":false},"author":2,"featured_media":7979,"comment_status":"","ping_status":"","sticky":false,"template":"","format":"standard","meta":{"footnotes":""},"categories":[3],"tags":[],"class_list":["post-7980","post","type-post","status-publish","format-standard","has-post-thumbnail","hentry","category-noticias"],"_links":{"self":[{"href":"https:\/\/hostnetart.com.br\/baixada\/wp-json\/wp\/v2\/posts\/7980","targetHints":{"allow":["GET"]}}],"collection":[{"href":"https:\/\/hostnetart.com.br\/baixada\/wp-json\/wp\/v2\/posts"}],"about":[{"href":"https:\/\/hostnetart.com.br\/baixada\/wp-json\/wp\/v2\/types\/post"}],"author":[{"embeddable":true,"href":"https:\/\/hostnetart.com.br\/baixada\/wp-json\/wp\/v2\/users\/2"}],"replies":[{"embeddable":true,"href":"https:\/\/hostnetart.com.br\/baixada\/wp-json\/wp\/v2\/comments?post=7980"}],"version-history":[{"count":0,"href":"https:\/\/hostnetart.com.br\/baixada\/wp-json\/wp\/v2\/posts\/7980\/revisions"}],"wp:featuredmedia":[{"embeddable":true,"href":"https:\/\/hostnetart.com.br\/baixada\/wp-json\/wp\/v2\/media\/7979"}],"wp:attachment":[{"href":"https:\/\/hostnetart.com.br\/baixada\/wp-json\/wp\/v2\/media?parent=7980"}],"wp:term":[{"taxonomy":"category","embeddable":true,"href":"https:\/\/hostnetart.com.br\/baixada\/wp-json\/wp\/v2\/categories?post=7980"},{"taxonomy":"post_tag","embeddable":true,"href":"https:\/\/hostnetart.com.br\/baixada\/wp-json\/wp\/v2\/tags?post=7980"}],"curies":[{"name":"wp","href":"https:\/\/api.w.org\/{rel}","templated":true}]}}