{"id":798,"date":"2015-05-19T23:53:00","date_gmt":"2015-05-20T02:53:00","guid":{"rendered":"https:\/\/hostnetart.com.br\/baixada\/contraf-cut-acompanha-primeiro-debate-sobre-pl-da-terceirizacao-no-senado\/"},"modified":"2015-05-19T23:53:00","modified_gmt":"2015-05-20T02:53:00","slug":"contraf-cut-acompanha-primeiro-debate-sobre-pl-da-terceirizacao-no-senado","status":"publish","type":"post","link":"https:\/\/hostnetart.com.br\/baixada\/contraf-cut-acompanha-primeiro-debate-sobre-pl-da-terceirizacao-no-senado\/","title":{"rendered":"Contraf-CUT acompanha primeiro debate sobre PL da Terceiriza\u00e7\u00e3o no Senado"},"content":{"rendered":"<p><span style=\"color: #464646;\">A Comiss\u00e3o de Direitos Humanos e Legisla\u00e7\u00e3o Participativa (CDH) realizou nesta quinta-feira (14) uma audi\u00eancia que debateu \u201cA Lei \u00c1urea, a terceiriza\u00e7\u00e3o e o combate ao trabalho escravo\u201d. O audit\u00f3rio Petr\u00f4nio Portela ficou lotado de trabalhadores e movimentos sociais contr\u00e1rios ao PLC 30\/15, enviado pela C\u00e2mara, que amplia a terceiriza\u00e7\u00e3o . Representantes da Anamatra, MPT, MTE, OAB e CONADE tamb\u00e9m fizeram duras cr\u00edticas \u00e0 proposta e salientaram de que forma precariza as rela\u00e7\u00f5es de trabalho no Brasil.\u00a0<\/span><br style=\"color: #464646;\" \/><br style=\"color: #464646;\" \/><span style=\"color: #464646;\">Para o secret\u00e1rio de Organiza\u00e7\u00e3o do Ramo Financeiro da Contraf-CUT, Carlindo Dias de Oliveira, presente \u00e0 audi\u00eancia no Senado, o debate foi extremamente importante para destacar o preju\u00edzo que a amplia\u00e7\u00e3o da terceiriza\u00e7\u00e3o pode representar.\u00a0<\/span><br style=\"color: #464646;\" \/><br style=\"color: #464646;\" \/><span style=\"color: #464646;\">\u201cNa maioria das interven\u00e7\u00f5es o que se viu \u00e9 que o PL da Terceiriza\u00e7\u00e3o n\u00e3o trar\u00e1 avan\u00e7o nenhum para os terceirizados existentes, mas transformar\u00e1 todos os trabalhadores em terceirizados, refletindo negativamente nas condi\u00e7\u00f5es de trabalho e at\u00e9 no combate ao trabalho escravo no pa\u00eds\u201d, destaca o secret\u00e1rio da Contraf-CUT.<\/span><br style=\"color: #464646;\" \/><br style=\"color: #464646;\" \/><span style=\"color: #464646;\">O presidente da CUT, Vagner Freitas, ressaltou na audi\u00eancia que o PLC \u00e9 uma revoga\u00e7\u00e3o da CLT. \u201cO texto inteiro \u00e9 uma cat\u00e1strofe para a classe trabalhadora. Nem o regime militar tentou revogar a CLT, que \u00e9 o que esse projeto faz. N\u00e3o vai mais ter f\u00e9rias, d\u00e9cimo-terceiro sal\u00e1rio, nem carteira assinada. Precariza de forma muito radical as rela\u00e7\u00f5es de trabalho,\u201d afirmou.\u00a0<\/span><br style=\"color: #464646;\" \/><br style=\"color: #464646;\" \/><span style=\"color: #464646;\">Durante a audi\u00eancia, o presidente da CUT chamou todos \u00e0 paralisa\u00e7\u00e3o nacional marcada para dia 29 de maio contra o PL da terceiriza\u00e7\u00e3o e MPs que retiram direitos dos trabalhadores.<\/span><br style=\"color: #464646;\" \/><br style=\"color: #464646;\" \/><span style=\"color: #464646;\">O representante do Minist\u00e9rio P\u00fablico do Trabalho, Helder Amorim, \u201cgarantiu que liberar as atividades-fim para as empresas seria inconstitucional, impondo a l\u00f3gica da escravid\u00e3o nas rela\u00e7\u00f5es trabalhistas\u201d.\u00a0<\/span><br style=\"color: #464646;\" \/><br style=\"color: #464646;\" \/><b style=\"color: #464646;\">Senadores<\/b><br style=\"color: #464646;\" \/><br style=\"color: #464646;\" \/><span style=\"color: #464646;\">O presidente do Senado, Renan Calheiros, afirmou no primeiro debate sobre o tema, que o Senado n\u00e3o dever\u00e1 trabalhar com a mesma filosofia da proposta como foi votada pela C\u00e2mara, liberando a terceiriza\u00e7\u00e3o nas atividades-fim das empresas.<\/span><br style=\"color: #464646;\" \/><span style=\"color: #464646;\">\u201cPrecisamos tirar a terceiriza\u00e7\u00e3o da zona cinzenta em que se encontra, mas sem revogar qualquer direito dos trabalhadores\u201d, disse o senador.<\/span><br style=\"color: #464646;\" \/><br style=\"color: #464646;\" \/><span style=\"color: #464646;\">O presidente da Comiss\u00e3o do Senado, Paulo Paim (PT-RS), lembrou que pesquisas de opini\u00e3o j\u00e1 mostram que cerca de 90% da popula\u00e7\u00e3o \u00e9 contr\u00e1ria \u00e0 proposta e lamentou que alguns setores ligados ao sindicalismo estejam apoiando o projeto.<\/span><br style=\"color: #464646;\" \/><br style=\"color: #464646;\" \/><span style=\"color: #464646;\">\u201cEstamos esperando que voc\u00eas reflitam melhor sobre a posi\u00e7\u00e3o que tomaram, estamos aguardando. Cerca de 80% dos casos de acidentes no trabalho envolvem terceirizados. Quem tem compromisso com a classe trabalhadora n\u00e3o pode apoiar isso\u201d, afirmou.\u00a0<\/span><br style=\"color: #464646;\" \/><br style=\"color: #464646;\" \/><b style=\"color: #464646;\">Agenda<\/b><br style=\"color: #464646;\" \/><br style=\"color: #464646;\" \/><span style=\"color: #464646;\">O Senado realizar\u00e1 na pr\u00f3xima ter\u00e7a-feira (19) uma sess\u00e3o tem\u00e1tica em Plen\u00e1rio sobre a proposta. A sess\u00e3o ser\u00e1 aberta para a participa\u00e7\u00e3o da sociedade.\u00a0<\/span><br style=\"color: #464646;\" \/><br style=\"color: #464646;\" \/><span style=\"color: #464646;\">\u201cA categoria banc\u00e1ria pode ser uma das mais afetadas caso o projeto da terceiriza\u00e7\u00e3o n\u00e3o seja derrubado. Devido ao ritmo intenso de trabalho e metas abusivas, os banc\u00e1rios est\u00e3o entre os trabalhadores que mais adoecem no pa\u00eds. Os terceirizados tamb\u00e9m ganham em m\u00e9dia 24% menos e a maioria n\u00e3o recebe PLR, nem vale-alimenta\u00e7\u00e3o ou refei\u00e7\u00e3o. O projeto ainda desqualifica a organiza\u00e7\u00e3o sindical\u201d, finaliza Carlindo Dias de Oliveira.\u00a0<\/span><br style=\"color: #464646;\" \/><br style=\"color: #464646;\" \/><span style=\"color: #464646;\">Fonte: Contraf-CUT com Ag. Senado<\/span><\/p>\n","protected":false},"excerpt":{"rendered":"<p>A Comiss\u00e3o de Direitos Humanos e Legisla\u00e7\u00e3o Participativa (CDH) realizou nesta quinta-feira (14) uma audi\u00eancia que debateu \u201cA Lei \u00c1urea, a terceiriza\u00e7\u00e3o e o combate ao trabalho escravo\u201d. O audit\u00f3rio Petr\u00f4nio Portela ficou lotado de trabalhadores e movimentos sociais contr\u00e1rios ao PLC 30\/15, enviado pela C\u00e2mara, que amplia a terceiriza\u00e7\u00e3o . Representantes da Anamatra, MPT, [&hellip;]<\/p>\n","protected":false},"author":1,"featured_media":0,"comment_status":"","ping_status":"","sticky":false,"template":"","format":"standard","meta":{"footnotes":""},"categories":[3],"tags":[],"class_list":["post-798","post","type-post","status-publish","format-standard","hentry","category-noticias"],"_links":{"self":[{"href":"https:\/\/hostnetart.com.br\/baixada\/wp-json\/wp\/v2\/posts\/798","targetHints":{"allow":["GET"]}}],"collection":[{"href":"https:\/\/hostnetart.com.br\/baixada\/wp-json\/wp\/v2\/posts"}],"about":[{"href":"https:\/\/hostnetart.com.br\/baixada\/wp-json\/wp\/v2\/types\/post"}],"author":[{"embeddable":true,"href":"https:\/\/hostnetart.com.br\/baixada\/wp-json\/wp\/v2\/users\/1"}],"replies":[{"embeddable":true,"href":"https:\/\/hostnetart.com.br\/baixada\/wp-json\/wp\/v2\/comments?post=798"}],"version-history":[{"count":0,"href":"https:\/\/hostnetart.com.br\/baixada\/wp-json\/wp\/v2\/posts\/798\/revisions"}],"wp:attachment":[{"href":"https:\/\/hostnetart.com.br\/baixada\/wp-json\/wp\/v2\/media?parent=798"}],"wp:term":[{"taxonomy":"category","embeddable":true,"href":"https:\/\/hostnetart.com.br\/baixada\/wp-json\/wp\/v2\/categories?post=798"},{"taxonomy":"post_tag","embeddable":true,"href":"https:\/\/hostnetart.com.br\/baixada\/wp-json\/wp\/v2\/tags?post=798"}],"curies":[{"name":"wp","href":"https:\/\/api.w.org\/{rel}","templated":true}]}}