{"id":7976,"date":"2019-11-27T13:58:52","date_gmt":"2019-11-27T16:58:52","guid":{"rendered":"https:\/\/hostnetart.com.br\/baixada\/bancarios-conquistam-acordo-com-setor-patronal-e-barram-trabalho-aos-sabados\/"},"modified":"2019-11-27T13:58:52","modified_gmt":"2019-11-27T16:58:52","slug":"bancarios-conquistam-acordo-com-setor-patronal-e-barram-trabalho-aos-sabados","status":"publish","type":"post","link":"https:\/\/hostnetart.com.br\/baixada\/bancarios-conquistam-acordo-com-setor-patronal-e-barram-trabalho-aos-sabados\/","title":{"rendered":"Banc\u00e1rios conquistam acordo com setor patronal e barram trabalho aos s\u00e1bados"},"content":{"rendered":"<p>Depois de quase dez horas de negocia\u00e7\u00e3o, nesta ter\u00e7a (26), o Comando Nacional dos Banc\u00e1rios obteve acordo com a Federa\u00e7\u00e3o Nacional dos Bancos (Fenaban) para garantir \u00e0 categoria a manuten\u00e7\u00e3o da jornada semanal de trabalho de segunda a sexta-feira, sem aumento da jornada di\u00e1ria e que a PLR continuar\u00e1 sendo negociada com os sindicatos. Da mesma forma, o trabalho aos s\u00e1bados continua continua tendo de passar por negocia\u00e7\u00e3o com as representa\u00e7\u00f5es dos trabalhadores. O acordo neutraliza os efeitos da\u00a0<a href=\"https:\/\/www.redebrasilatual.com.br\/destaques\/2019\/11\/mp-905-interesse-patronal\/\" target=\"_blank\" rel=\"noopener noreferrer\">Medida Provis\u00f3ria (MP) 905\/2019<\/a>, do governo de Jair Bolsonaro.<\/p>\n<p>\u201cApresentamos uma proposta de aditivo \u00e0 nossa CCT (Conven\u00e7\u00e3o Coletiva de Trabalho) que garante os direitos, a jornada e impede a redu\u00e7\u00e3o salarial da categoria. Os bancos propuseram mudan\u00e7as que mant\u00eam o que diz a MP e contrariam o que est\u00e1 em nossa conven\u00e7\u00e3o. Deixamos claro que n\u00e3o poder\u00edamos fazer um acordo deste, pois seria reabrir as negocia\u00e7\u00f5es de termos j\u00e1 negociados e definidos em acordo coletivo\u201d, explicou a presidenta da Confedera\u00e7\u00e3o Nacional dos Trabalhadores do Ramo Financeiro (Contraf-CUT), Juvandia Moreira e uma das coordenadoras do Comando Nacional.<\/p>\n<p>\u201cA Fenaban insistia em altera\u00e7\u00f5es que reduziam direitos e alteravam o que t\u00ednhamos definido em nossa CCT. Aceitar estas altera\u00e7\u00f5es seria o mesmo que aceitar a implanta\u00e7\u00e3o da MP. Isso n\u00e3o seria poss\u00edvel\u201d, ressaltou a presidenta do Sindicato dos Banc\u00e1rios de S\u00e3o Paulo, Osasco e Regi\u00e3o, Ivone Silva, tamb\u00e9m coordenadora do Comando.<\/p>\n<p>Novas negocia\u00e7\u00f5es est\u00e3o previstas para os pr\u00f3ximos dias, restando alguns detalhes sobre a vig\u00eancia. At\u00e9 que o aditivo seja assinado, os efeitos da MP continuam suspensos.<\/p>\n<p>\u201cApesar de a categoria banc\u00e1ria estar conseguindo barrar os efeitos desta MP, a nossa luta continua at\u00e9 sua derrubada, pois h\u00e1 outros pontos, como a taxa\u00e7\u00e3o do seguro-desemprego, que podem afetar a vida dos trabalhadores banc\u00e1rios\u201d, completou Ivone.<\/p>\n<hr \/>\n<p><strong>Fonte: Rede Brasil Atual com reportagem da\u00a0<a href=\"https:\/\/contrafcut.com.br\/\" target=\"_blank\" rel=\"noopener noreferrer\">Contraf-CUT<\/a><\/strong><\/p>\n","protected":false},"excerpt":{"rendered":"<p>Depois de quase dez horas de negocia\u00e7\u00e3o, nesta ter\u00e7a (26), o Comando Nacional dos Banc\u00e1rios obteve acordo com a Federa\u00e7\u00e3o Nacional dos Bancos (Fenaban) para garantir \u00e0 categoria a manuten\u00e7\u00e3o da jornada semanal de trabalho de segunda a sexta-feira, sem aumento da jornada di\u00e1ria e que a PLR continuar\u00e1 sendo negociada com os sindicatos. Da [&hellip;]<\/p>\n","protected":false},"author":2,"featured_media":7975,"comment_status":"","ping_status":"","sticky":false,"template":"","format":"standard","meta":{"footnotes":""},"categories":[8],"tags":[],"class_list":["post-7976","post","type-post","status-publish","format-standard","has-post-thumbnail","hentry","category-bancarios"],"_links":{"self":[{"href":"https:\/\/hostnetart.com.br\/baixada\/wp-json\/wp\/v2\/posts\/7976","targetHints":{"allow":["GET"]}}],"collection":[{"href":"https:\/\/hostnetart.com.br\/baixada\/wp-json\/wp\/v2\/posts"}],"about":[{"href":"https:\/\/hostnetart.com.br\/baixada\/wp-json\/wp\/v2\/types\/post"}],"author":[{"embeddable":true,"href":"https:\/\/hostnetart.com.br\/baixada\/wp-json\/wp\/v2\/users\/2"}],"replies":[{"embeddable":true,"href":"https:\/\/hostnetart.com.br\/baixada\/wp-json\/wp\/v2\/comments?post=7976"}],"version-history":[{"count":0,"href":"https:\/\/hostnetart.com.br\/baixada\/wp-json\/wp\/v2\/posts\/7976\/revisions"}],"wp:featuredmedia":[{"embeddable":true,"href":"https:\/\/hostnetart.com.br\/baixada\/wp-json\/wp\/v2\/media\/7975"}],"wp:attachment":[{"href":"https:\/\/hostnetart.com.br\/baixada\/wp-json\/wp\/v2\/media?parent=7976"}],"wp:term":[{"taxonomy":"category","embeddable":true,"href":"https:\/\/hostnetart.com.br\/baixada\/wp-json\/wp\/v2\/categories?post=7976"},{"taxonomy":"post_tag","embeddable":true,"href":"https:\/\/hostnetart.com.br\/baixada\/wp-json\/wp\/v2\/tags?post=7976"}],"curies":[{"name":"wp","href":"https:\/\/api.w.org\/{rel}","templated":true}]}}