{"id":797,"date":"2015-05-19T23:51:00","date_gmt":"2015-05-20T02:51:00","guid":{"rendered":"https:\/\/hostnetart.com.br\/baixada\/formula-85-95-vai-melhorar-as-aposentadorias-no-brasil-aponta-cut\/"},"modified":"2015-05-19T23:51:00","modified_gmt":"2015-05-20T02:51:00","slug":"formula-85-95-vai-melhorar-as-aposentadorias-no-brasil-aponta-cut","status":"publish","type":"post","link":"https:\/\/hostnetart.com.br\/baixada\/formula-85-95-vai-melhorar-as-aposentadorias-no-brasil-aponta-cut\/","title":{"rendered":"F\u00f3rmula 85\/95 vai melhorar as aposentadorias no Brasil, aponta CUT"},"content":{"rendered":"<p><span style=\"color: #464646;\">A f\u00f3rmula 85\/95, aprovada pela maioria dos deputados, vai melhorar bastante a vida dos futuros aposentados, na opini\u00e3o da CUT. Vai diminuir o tempo para se aposentar e ainda vai aumentar o valor das aposentadorias.<\/span><br style=\"color: #464646;\" \/><br style=\"color: #464646;\" \/><span style=\"color: #464646;\">Ao contr\u00e1rio do que muitos est\u00e3o imaginando, as pessoas n\u00e3o ter\u00e3o de ter 85 anos ou 95 anos de vida para se aposentar. Nada disso.<\/span><br style=\"color: #464646;\" \/><span style=\"color: #464646;\">A f\u00f3rmula \u00e9 simples. Os trabalhadores e trabalhadoras v\u00e3o poder somar a idade e o tempo de contribui\u00e7\u00e3o \u00e0 Previd\u00eancia para se aposentar sem desconto.<\/span><br style=\"color: #464646;\" \/><br style=\"color: #464646;\" \/><b style=\"color: #464646;\">Acompanhe<\/b><br style=\"color: #464646;\" \/><br style=\"color: #464646;\" \/><span style=\"color: #464646;\">Idade + tempo de contribui\u00e7\u00e3o = 85 (mulheres) e 95 (homens). Se a conta bater, o trabalhador ou trabalhadora ter\u00e1 aposentadoria integral.<\/span><br style=\"color: #464646;\" \/><br style=\"color: #464646;\" \/><span style=\"color: #464646;\">Pelas regras, os homens t\u00eam de contribuir 35 anos para a Previd\u00eancia. As mulheres, 30.<\/span><br style=\"color: #464646;\" \/><br style=\"color: #464646;\" \/><b style=\"color: #464646;\">Vamos citar dois exemplos b\u00e1sicos:<\/b><br style=\"color: #464646;\" \/><b style=\"color: #464646;\">a. Homem com 60 anos + 35 anos de contribui\u00e7\u00e3o = 95 (aposentadoria sem desconto)<br \/> b. Mulher com 55 anos + 30 anos de contribui\u00e7\u00e3o = 85 (aposentadoria sem desconto)<\/b><br style=\"color: #464646;\" \/><br style=\"color: #464646;\" \/><span style=\"color: #464646;\">A idade das pessoas pode variar caso a caso, j\u00e1 que muitos come\u00e7am a trabalhar desde muito cedo, e tantos outros trabalham alguns per\u00edodos sem fazer contribui\u00e7\u00f5es \u00e0 Previd\u00eancia \u2013 seja porque ficam um tempo sem carteira assinada ou n\u00e3o pagam o Guia da Previd\u00eancia Social (GPS), quando aut\u00f4nomos.<\/span><br style=\"color: #464646;\" \/><br style=\"color: #464646;\" \/><span style=\"color: #464646;\">\u201cO que n\u00e3o muda \u00e9 a certeza de que com a F\u00f3rmula 85\/95 os brasileiros e brasileiras v\u00e3o ter uma situa\u00e7\u00e3o bem melhor do que a atual\u201d, diz Vagner Freitas, presidente nacional da CUT.<\/span><br style=\"color: #464646;\" \/><br style=\"color: #464646;\" \/><b style=\"color: #464646;\">Fator previdenci\u00e1rio<\/b><br style=\"color: #464646;\" \/><br style=\"color: #464646;\" \/><span style=\"color: #464646;\">Hoje em dia existe o fator previdenci\u00e1rio, criado pelo governo FHC (PSDB), em 1998, que estica o tempo de trabalho das pessoas e encolhe as aposentadorias.<\/span><br style=\"color: #464646;\" \/><br style=\"color: #464646;\" \/><span style=\"color: #464646;\">Com o fator previdenci\u00e1rio criado pelo FHC, mesmo quando o trabalhador e a trabalhadora j\u00e1 pagaram 30 anos ou 35 anos para o INSS, n\u00e3o podem se aposentar com o ganho integral, por causa da chamada \u201ct\u00e1bua de expectativa de vida\u201d.<\/span><br style=\"color: #464646;\" \/><br style=\"color: #464646;\" \/><span style=\"color: #464646;\">Ao longo das \u00faltimas d\u00e9cadas, a idade m\u00e9dia da popula\u00e7\u00e3o vem subindo, em fun\u00e7\u00e3o das melhorias no atendimento m\u00e9dico, habita\u00e7\u00e3o e saneamento. Nossa expectativa de vida sobe todos os anos.<\/span><br style=\"color: #464646;\" \/><span style=\"color: #464646;\">Por causa do fator previdenci\u00e1rio do FHC, toda vez que a expectativa de vida sobe, aumenta o tempo de trabalho necess\u00e1rio para se aposentar. \u00c9 uma situa\u00e7\u00e3o perversa que poderia ser ilustrada com a imagem de um pedestre que corre atr\u00e1s de um carro veloz: vai tentar, mas nunca conseguir\u00e1 alcan\u00e7ar.<\/span><br style=\"color: #464646;\" \/><br style=\"color: #464646;\" \/><span style=\"color: #464646;\">Caso cansem de esperar, j\u00e1 que a t\u00e1bua de expectativa de vida n\u00e3o para de subir, o trabalhador ou a trabalhadora se aposentam com o desconto criado pelo fator previdenci\u00e1rio.<\/span><br style=\"color: #464646;\" \/><br style=\"color: #464646;\" \/><b style=\"color: #464646;\">Como surgiu a 85\/95<\/b><br style=\"color: #464646;\" \/><br style=\"color: #464646;\" \/><span style=\"color: #464646;\">A F\u00f3rmula 85\/95 acaba com essa distor\u00e7\u00e3o. A 85\/95 foi elaborada e negociada em conjunto, em 2009, pela CUT e as outras cinco maiores centrais, a Secretaria Geral da Presid\u00eancia, o Minist\u00e9rio da Previd\u00eancia e o ent\u00e3o deputado federal Pepe Vargas (PT-RS), no segundo mandato do governo Lula. O projeto seguiu ent\u00e3o para o Congresso.<\/span><br style=\"color: #464646;\" \/><br style=\"color: #464646;\" \/><span style=\"color: #464646;\">No ano seguinte, com nova composi\u00e7\u00e3o, o Congresso deixou o projeto na gaveta, at\u00e9 que, na \u00faltima quarta-feira, o deputado Arnaldo Faria de S\u00e1 (PTB-SP) sacou a proposta, logo depois aprovada em plen\u00e1rio.<\/span><br style=\"color: #464646;\" \/><span style=\"color: #464646;\">\u201cO governo Fernando Henrique, com o fator previdenci\u00e1rio, retirou direitos dos trabalhadores. J\u00e1 a proposta aprovada pela C\u00e2mara \u00e9 resultado de um amplo debate. Sua ado\u00e7\u00e3o ser\u00e1 um ant\u00eddoto para a distor\u00e7\u00e3o existente hoje. Como regra de transi\u00e7\u00e3o, vai respeitar o tempo de trabalho e de contribui\u00e7\u00e3o das pessoas\u201d, avalia Vagner, presidente da CUT.<\/span><br style=\"color: #464646;\" \/><br style=\"color: #464646;\" \/><b style=\"color: #464646;\">Mais vantagens<\/b><br style=\"color: #464646;\" \/><br style=\"color: #464646;\" \/><span style=\"color: #464646;\">Outra mudan\u00e7a vai beneficiar aqueles que j\u00e1 tiverem tempo de contribui\u00e7\u00e3o, mas que ainda n\u00e3o atingem a soma 85 ou 95, por causa da idade.<\/span><br style=\"color: #464646;\" \/><br style=\"color: #464646;\" \/><span style=\"color: #464646;\">A partir do momento em que atingirem o tempo de contribui\u00e7\u00e3o, al\u00e9m de a t\u00e1bua de expectativa de vida ficar congelada, cada ano seguinte de trabalho vai valer por dois.Na primeira linha, veja como funciona para quem atingir o 85\/95. Abaixo, como ficar\u00e1 mais f\u00e1cil para quem j\u00e1 tem tempo de contribui\u00e7\u00e3o<\/span><br style=\"color: #464646;\" \/><br style=\"color: #464646;\" \/><b style=\"color: #464646;\">Dois exemplos:<\/b><span style=\"color: #464646;\">\u00a0<\/span><br style=\"color: #464646;\" \/><br style=\"color: #464646;\" \/><b style=\"color: #464646;\">Homem com 50 anos + 35 anos de contribui\u00e7\u00e3o = 85<\/b><br style=\"color: #464646;\" \/><span style=\"color: #464646;\">Matematicamente, ele deveria trabalhar mais dez anos. Por\u00e9m, como cada pr\u00f3ximo ano de trabalho passar\u00e1 a valer dois, pois ser\u00e3o somados o ano de vida e o ano de contribui\u00e7\u00e3o, ele ter\u00e1 de trabalhar s\u00f3 a metade, ou seja, cinco anos, para se aposentar sem descontos.<\/span><br style=\"color: #464646;\" \/><br style=\"color: #464646;\" \/><b style=\"color: #464646;\">Mulher com 45 anos +30 de contribui\u00e7\u00e3o = 75<\/b><br style=\"color: #464646;\" \/><span style=\"color: #464646;\">Da mesma forma que o exemplo anterior, essa trabalhadora deveria puxar mais 10 anos de trabalho. Com as novas regras do 85\/95, esse tempo cai para cinco anos.<\/span><br style=\"color: #464646;\" \/><br style=\"color: #464646;\" \/><b style=\"color: #464646;\">Comprovar tempo de contribui\u00e7\u00e3o ficar\u00e1 mais f\u00e1cil<\/b><br style=\"color: #464646;\" \/><br style=\"color: #464646;\" \/><span style=\"color: #464646;\">Para ter uma ideia de como atualmente o tempo de contribui\u00e7\u00e3o \u2013 o precioso tempo em que o trabalhador e a trabalhadora pagam a Previd\u00eancia \u2013 \u00e9 pouco valorizado pelo sistema, basta citar que apenas 26% das aposentadorias no Brasil s\u00e3o concedidas por esse crit\u00e9rio. A grande maioria, 56%, s\u00e3o por idade, o que significa que as pessoas n\u00e3o conseguem comprovar a contribui\u00e7\u00e3o.<\/span><br style=\"color: #464646;\" \/><br style=\"color: #464646;\" \/><span style=\"color: #464646;\">A F\u00f3rmula 85\/95 cria novos mecanismos para mudar isso e dar mais oportunidades para as pessoas terem e comprovarem o tempo de contribui\u00e7\u00e3o.\u00a0<\/span><br style=\"color: #464646;\" \/><br style=\"color: #464646;\" \/><b style=\"color: #464646;\">Confira as propostas neste sentido:<\/b><br style=\"color: #464646;\" \/><span style=\"color: #464646;\">-a t\u00e1bua de expectativa de vida n\u00e3o vai mais ser considerada para fins previdenci\u00e1rios para quem j\u00e1 tiver atingido 30 ou 35 anos de contribui\u00e7\u00e3o. A t\u00e1bua ser\u00e1 congelada, ou seja, a idade m\u00ednima de contribui\u00e7\u00e3o n\u00e3o vai aumentar todo o ano;<\/span><br style=\"color: #464646;\" \/><span style=\"color: #464646;\">&#8211; o trabalhador que estiver desempregado e recebendo o seguro- desemprego vai poder contar esse per\u00edodo como tempo de contribui\u00e7\u00e3o para a Previd\u00eancia. Dessa forma, vai diminuir lacunas ao longo da sua vida laboral;<\/span><br style=\"color: #464646;\" \/><span style=\"color: #464646;\">&#8211; o aviso pr\u00e9vio tamb\u00e9m ser\u00e1 considerado como tempo de contribui\u00e7\u00e3o;<\/span><br style=\"color: #464646;\" \/><span style=\"color: #464646;\">&#8211; garantia de que todos os trabalhadores que estiverem a 12 meses de se aposentar tenham estabilidade no emprego, da mesma forma como j\u00e1 acontece em v\u00e1rios acordos e conven\u00e7\u00f5es coletivas de categorias como metal\u00fargicos, banc\u00e1rios, qu\u00edmicos, eletricit\u00e1rios, etc.<\/span><br style=\"color: #464646;\" \/><br style=\"color: #464646;\" \/><b style=\"color: #464646;\">Como ficam as contas da Previd\u00eancia<\/b><br style=\"color: #464646;\" \/><br style=\"color: #464646;\" \/><span style=\"color: #464646;\">Os meios de comunica\u00e7\u00e3o tradicionais j\u00e1 est\u00e3o alardeando que essa mudan\u00e7a, embora boa para os trabalhadores, vai piorar as contas do governo e prejudicar o Brasil.<\/span><br style=\"color: #464646;\" \/><br style=\"color: #464646;\" \/><span style=\"color: #464646;\">\u201cN\u00e3o se pode esquecer, no entanto, que a valoriza\u00e7\u00e3o das aposentadorias vai injetar mais dinheiro na economia, o que faz girar o com\u00e9rcio e os servi\u00e7os e gera mais empregos e sal\u00e1rios. \u00c9 isso que faz a arrecada\u00e7\u00e3o subir e manter o Pa\u00eds forte. E que deixa o povo mais feliz\u201d, diz Vagner.<\/span><br style=\"color: #464646;\" \/><br style=\"color: #464646;\" \/><span style=\"color: #464646;\">Voltaremos a esse assunto na pr\u00f3xima semana. Mostraremos que essa mudan\u00e7a n\u00e3o provocar\u00e1 \u201crombo\u201d na Previd\u00eancia, como est\u00e3o dizendo os analistas e jornalistas conservadores.\u00a0<\/span><br style=\"color: #464646;\" \/><br style=\"color: #464646;\" \/><span style=\"color: #464646;\">Fonte: CUT \u2013 Isa\u00edas Dalle<\/span><\/p>\n","protected":false},"excerpt":{"rendered":"<p>A f\u00f3rmula 85\/95, aprovada pela maioria dos deputados, vai melhorar bastante a vida dos futuros aposentados, na opini\u00e3o da CUT. Vai diminuir o tempo para se aposentar e ainda vai aumentar o valor das aposentadorias.Ao contr\u00e1rio do que muitos est\u00e3o imaginando, as pessoas n\u00e3o ter\u00e3o de ter 85 anos ou 95 anos de vida para [&hellip;]<\/p>\n","protected":false},"author":1,"featured_media":0,"comment_status":"","ping_status":"","sticky":false,"template":"","format":"standard","meta":{"footnotes":""},"categories":[3],"tags":[],"class_list":["post-797","post","type-post","status-publish","format-standard","hentry","category-noticias"],"_links":{"self":[{"href":"https:\/\/hostnetart.com.br\/baixada\/wp-json\/wp\/v2\/posts\/797","targetHints":{"allow":["GET"]}}],"collection":[{"href":"https:\/\/hostnetart.com.br\/baixada\/wp-json\/wp\/v2\/posts"}],"about":[{"href":"https:\/\/hostnetart.com.br\/baixada\/wp-json\/wp\/v2\/types\/post"}],"author":[{"embeddable":true,"href":"https:\/\/hostnetart.com.br\/baixada\/wp-json\/wp\/v2\/users\/1"}],"replies":[{"embeddable":true,"href":"https:\/\/hostnetart.com.br\/baixada\/wp-json\/wp\/v2\/comments?post=797"}],"version-history":[{"count":0,"href":"https:\/\/hostnetart.com.br\/baixada\/wp-json\/wp\/v2\/posts\/797\/revisions"}],"wp:attachment":[{"href":"https:\/\/hostnetart.com.br\/baixada\/wp-json\/wp\/v2\/media?parent=797"}],"wp:term":[{"taxonomy":"category","embeddable":true,"href":"https:\/\/hostnetart.com.br\/baixada\/wp-json\/wp\/v2\/categories?post=797"},{"taxonomy":"post_tag","embeddable":true,"href":"https:\/\/hostnetart.com.br\/baixada\/wp-json\/wp\/v2\/tags?post=797"}],"curies":[{"name":"wp","href":"https:\/\/api.w.org\/{rel}","templated":true}]}}