{"id":7968,"date":"2019-11-26T15:28:23","date_gmt":"2019-11-26T18:28:23","guid":{"rendered":"https:\/\/hostnetart.com.br\/baixada\/v-forum-nacional-pela-visibilidade-negra-comeca-nesta-quinta-28\/"},"modified":"2019-11-26T15:28:23","modified_gmt":"2019-11-26T18:28:23","slug":"v-forum-nacional-pela-visibilidade-negra-comeca-nesta-quinta-28","status":"publish","type":"post","link":"https:\/\/hostnetart.com.br\/baixada\/v-forum-nacional-pela-visibilidade-negra-comeca-nesta-quinta-28\/","title":{"rendered":"V F\u00f3rum Nacional Pela Visibilidade Negra come\u00e7a nesta quinta (28)"},"content":{"rendered":"<p>Acontece nos dias 28 e 29 de novembro, em Belo Horizonte, Minas Gerais, o V F\u00f3rum Nacional Pela Visibilidade Negra no Sistema Financeiro. O evento \u00e9 realizado pela Confedera\u00e7\u00e3o Nacional dos Trabalhadores do Ramo Financeiro (Contraf-CUT) e visa fortalecer o debate sobre o tema e a sua import\u00e2ncia no movimento sindical.<\/p>\n<p>O conte\u00fado ser\u00e1 voltado aos dirigentes sindicais que acompanham a tem\u00e1tica de igualdade de oportunidades e combate ao racismo, e que s\u00e3o respons\u00e1veis pelas secretarias de Pol\u00edticas Sociais dos sindicatos e federa\u00e7\u00f5es. \u201cO F\u00f3rum ser\u00e1 importante para a atualiza\u00e7\u00e3o, troca de informa\u00e7\u00f5es e forma\u00e7\u00e3o dos dirigentes sindicais. Al\u00e9m disso, tamb\u00e9m contribuir\u00e1 para as mesas de negocia\u00e7\u00f5es mantida junto aos bancos e \u00e0 Fenaban (Federa\u00e7\u00e3o Nacional dos Bancos)\u201d, afirmou Almir Aguiar, secret\u00e1rio de Combate ao Racismo da Contraf-CUT.<\/p>\n<p>O V F\u00f3rum Nacional Pela Visibilidade Negra no Sistema Financeiro conta com o apoio da Federa\u00e7\u00e3o Nacional das Associa\u00e7\u00f5es de Pessoal da Caixa Econ\u00f4mica Federal (Fenae), do Sindicato dos Banc\u00e1rios de Belo Horizonte e regi\u00e3o, da Federa\u00e7\u00e3o dos Trabalhadores do Ramo Financeiro de Minas Gerais (Fetrafi MG) e The American Federation of Labor and Congress of Industrial Organizations (AFL-CIO).<\/p>\n<p><strong>Fonte: Contraf-CUT<\/strong><\/p>\n","protected":false},"excerpt":{"rendered":"<p>Acontece nos dias 28 e 29 de novembro, em Belo Horizonte, Minas Gerais, o V F\u00f3rum Nacional Pela Visibilidade Negra no Sistema Financeiro. O evento \u00e9 realizado pela Confedera\u00e7\u00e3o Nacional dos Trabalhadores do Ramo Financeiro (Contraf-CUT) e visa fortalecer o debate sobre o tema e a sua import\u00e2ncia no movimento sindical. O conte\u00fado ser\u00e1 voltado [&hellip;]<\/p>\n","protected":false},"author":2,"featured_media":7967,"comment_status":"","ping_status":"","sticky":false,"template":"","format":"standard","meta":{"footnotes":""},"categories":[3],"tags":[],"class_list":["post-7968","post","type-post","status-publish","format-standard","has-post-thumbnail","hentry","category-noticias"],"_links":{"self":[{"href":"https:\/\/hostnetart.com.br\/baixada\/wp-json\/wp\/v2\/posts\/7968","targetHints":{"allow":["GET"]}}],"collection":[{"href":"https:\/\/hostnetart.com.br\/baixada\/wp-json\/wp\/v2\/posts"}],"about":[{"href":"https:\/\/hostnetart.com.br\/baixada\/wp-json\/wp\/v2\/types\/post"}],"author":[{"embeddable":true,"href":"https:\/\/hostnetart.com.br\/baixada\/wp-json\/wp\/v2\/users\/2"}],"replies":[{"embeddable":true,"href":"https:\/\/hostnetart.com.br\/baixada\/wp-json\/wp\/v2\/comments?post=7968"}],"version-history":[{"count":0,"href":"https:\/\/hostnetart.com.br\/baixada\/wp-json\/wp\/v2\/posts\/7968\/revisions"}],"wp:featuredmedia":[{"embeddable":true,"href":"https:\/\/hostnetart.com.br\/baixada\/wp-json\/wp\/v2\/media\/7967"}],"wp:attachment":[{"href":"https:\/\/hostnetart.com.br\/baixada\/wp-json\/wp\/v2\/media?parent=7968"}],"wp:term":[{"taxonomy":"category","embeddable":true,"href":"https:\/\/hostnetart.com.br\/baixada\/wp-json\/wp\/v2\/categories?post=7968"},{"taxonomy":"post_tag","embeddable":true,"href":"https:\/\/hostnetart.com.br\/baixada\/wp-json\/wp\/v2\/tags?post=7968"}],"curies":[{"name":"wp","href":"https:\/\/api.w.org\/{rel}","templated":true}]}}