{"id":7966,"date":"2019-11-26T14:14:47","date_gmt":"2019-11-26T17:14:47","guid":{"rendered":"https:\/\/hostnetart.com.br\/baixada\/comeca-negociacao-sobre-aditivo-para-neutralizar-a-mp-905\/"},"modified":"2019-11-26T14:14:47","modified_gmt":"2019-11-26T17:14:47","slug":"comeca-negociacao-sobre-aditivo-para-neutralizar-a-mp-905","status":"publish","type":"post","link":"https:\/\/hostnetart.com.br\/baixada\/comeca-negociacao-sobre-aditivo-para-neutralizar-a-mp-905\/","title":{"rendered":"Come\u00e7a negocia\u00e7\u00e3o sobre aditivo para neutralizar a MP 905"},"content":{"rendered":"<p>O Comando Nacional dos Banc\u00e1rios est\u00e1 reunido neste momento, em S\u00e3o Paulo, com a Federa\u00e7\u00e3o Nacional dos Bancos (Fenaban) para negociar um aditivo \u00e0 Conven\u00e7\u00e3o Coletiva de Trabalho (CCT) que garanta os direitos da categoria e neutralize os efeitos da\u00a0<a href=\"http:\/\/www.planalto.gov.br\/ccivil_03\/_Ato2019-2022\/2019\/Mpv\/mpv905.htm\" target=\"_blank\" rel=\"noopener noreferrer\">Medida Provis\u00f3ria (MP) 905\/2019<\/a>.<\/p>\n<p>Em\u00a0<a href=\"https:\/\/contrafcut.com.br\/noticias\/comando-nacional-dos-bancarios-conquista-suspensao-da-mp-905\/\" target=\"_blank\" rel=\"noopener noreferrer\">reuni\u00e3o ocorrida no dia 14 de novembro<\/a>, o Comando conseguiu suspender a implanta\u00e7\u00e3o da medida at\u00e9 a conclus\u00e3o da negocia\u00e7\u00e3o com os bancos deste aditivo.<\/p>\n<p><strong>Fonte: Contraf-CUT<\/strong><\/p>\n","protected":false},"excerpt":{"rendered":"<p>O Comando Nacional dos Banc\u00e1rios est\u00e1 reunido neste momento, em S\u00e3o Paulo, com a Federa\u00e7\u00e3o Nacional dos Bancos (Fenaban) para negociar um aditivo \u00e0 Conven\u00e7\u00e3o Coletiva de Trabalho (CCT) que garanta os direitos da categoria e neutralize os efeitos da\u00a0Medida Provis\u00f3ria (MP) 905\/2019. Em\u00a0reuni\u00e3o ocorrida no dia 14 de novembro, o Comando conseguiu suspender a [&hellip;]<\/p>\n","protected":false},"author":2,"featured_media":7965,"comment_status":"","ping_status":"","sticky":false,"template":"","format":"standard","meta":{"footnotes":""},"categories":[3],"tags":[],"class_list":["post-7966","post","type-post","status-publish","format-standard","has-post-thumbnail","hentry","category-noticias"],"_links":{"self":[{"href":"https:\/\/hostnetart.com.br\/baixada\/wp-json\/wp\/v2\/posts\/7966","targetHints":{"allow":["GET"]}}],"collection":[{"href":"https:\/\/hostnetart.com.br\/baixada\/wp-json\/wp\/v2\/posts"}],"about":[{"href":"https:\/\/hostnetart.com.br\/baixada\/wp-json\/wp\/v2\/types\/post"}],"author":[{"embeddable":true,"href":"https:\/\/hostnetart.com.br\/baixada\/wp-json\/wp\/v2\/users\/2"}],"replies":[{"embeddable":true,"href":"https:\/\/hostnetart.com.br\/baixada\/wp-json\/wp\/v2\/comments?post=7966"}],"version-history":[{"count":0,"href":"https:\/\/hostnetart.com.br\/baixada\/wp-json\/wp\/v2\/posts\/7966\/revisions"}],"wp:featuredmedia":[{"embeddable":true,"href":"https:\/\/hostnetart.com.br\/baixada\/wp-json\/wp\/v2\/media\/7965"}],"wp:attachment":[{"href":"https:\/\/hostnetart.com.br\/baixada\/wp-json\/wp\/v2\/media?parent=7966"}],"wp:term":[{"taxonomy":"category","embeddable":true,"href":"https:\/\/hostnetart.com.br\/baixada\/wp-json\/wp\/v2\/categories?post=7966"},{"taxonomy":"post_tag","embeddable":true,"href":"https:\/\/hostnetart.com.br\/baixada\/wp-json\/wp\/v2\/tags?post=7966"}],"curies":[{"name":"wp","href":"https:\/\/api.w.org\/{rel}","templated":true}]}}