{"id":7958,"date":"2019-11-26T13:57:50","date_gmt":"2019-11-26T16:57:50","guid":{"rendered":"https:\/\/hostnetart.com.br\/baixada\/zerar-encargos-trabalhistas-nao-cria-empregos-e-so-aumenta-o-lucro-do-patrao-diz-dieese\/"},"modified":"2019-11-26T13:57:50","modified_gmt":"2019-11-26T16:57:50","slug":"zerar-encargos-trabalhistas-nao-cria-empregos-e-so-aumenta-o-lucro-do-patrao-diz-dieese","status":"publish","type":"post","link":"https:\/\/hostnetart.com.br\/baixada\/zerar-encargos-trabalhistas-nao-cria-empregos-e-so-aumenta-o-lucro-do-patrao-diz-dieese\/","title":{"rendered":"Zerar encargos trabalhistas n\u00e3o cria empregos e s\u00f3 aumenta o lucro do patr\u00e3o, diz Dieese"},"content":{"rendered":"<p>A ideia do ministro da Economia, Paulo Guedes, de zerar os encargos trabalhistas para, supostamente, criar empregos \u00e9\u00a0<a href=\"https:\/\/www.redebrasilatual.com.br\/economia\/2019\/04\/reforma-da-previdencia-pode-causar-mais-meio-milhao-de-desempregados\/\" target=\"_blank\" rel=\"noopener noreferrer\">mais uma ilus\u00e3o do atual governo<\/a>. A coordenadora de pesquisa do Dieese,\u00a0Patr\u00edcia Pelatieri, lembra que se trata de uma concep\u00e7\u00e3o rejeitada por estudos e at\u00e9 mesmo por economistas liberais, pois n\u00e3o se sustenta.<\/p>\n<p>\u201cAt\u00e9 os economistas liberais, como Marcos Lisboa, afirmam que a desonera\u00e7\u00e3o n\u00e3o \u00e9 um gatilho para a gera\u00e7\u00e3o de empregos. Com a desonera\u00e7\u00e3o, \u00e9 mais \u00f3bvio que ocorram ajustes internos nas empresas, aumentando a margem de lucro. Foi o que ocorreu com a desonera\u00e7\u00e3o feita pela ex-presidenta Dilma, que n\u00e3o gerou empregos. H\u00e1 diversos estudos que desmentem a fala do ministro, que quer vender uma ilus\u00e3o que n\u00e3o se sustenta\u201d, criticou Patr\u00edcia, em entrevista \u00e0\u00a0<strong>R\u00e1dio Brasil Atual<\/strong>, nesta segunda-feira (25).<\/p>\n<p>A justificativa de Guedes \u00e9 de que os empres\u00e1rios, isentos de impostos, contribuir\u00e3o para o crescimento do pa\u00eds. Entretanto, a especialista do Dieese lembra que esta n\u00e3o \u00e9 a l\u00f3gica do capital. \u201cAs empresas utilizam essa desonera\u00e7\u00e3o para fazer uma recupera\u00e7\u00e3o da margem de lucros, como eles mesmos j\u00e1 falaram. Com a crise, eles reduziram essa margem, mas com a desonera\u00e7\u00e3o, recomp\u00f5em. A l\u00f3gica do capital n\u00e3o \u00e9 uma l\u00f3gica social, mas do lucro. Em primeiro lugar, sempre vir\u00e1 o dinheiro, independentemente da taxa de desemprego\u201d, afirmou.<\/p>\n<p>Ap\u00f3s realizar as reformas,\u00a0<a href=\"https:\/\/www.redebrasilatual.com.br\/trabalho\/2019\/05\/desemprego-informalidade-e-reforma-da-previdencia-tornam-aposentadoria-um-sonho-distante\/\" target=\"_blank\" rel=\"noopener noreferrer\">tamb\u00e9m com a justificativa de criar empregos<\/a>, Guedes volta a trabalhar para retirar mais direitos do trabalhador. \u201cO que define a gera\u00e7\u00e3o de emprego s\u00e3o outros fatores, como a demanda do consumo. Quando voc\u00ea tem uma popula\u00e7\u00e3o empobrecida, ela n\u00e3o consome e n\u00e3o gira a economia. Sem essa demanda, n\u00e3o h\u00e1 a decis\u00e3o do investimento em empregos. Portanto, a justificativa de Guedes n\u00e3o se sustenta\u201d, acrescentou.<\/p>\n<p><strong>Fonte: Rede Brasil Atual<\/strong><\/p>\n","protected":false},"excerpt":{"rendered":"<p>A ideia do ministro da Economia, Paulo Guedes, de zerar os encargos trabalhistas para, supostamente, criar empregos \u00e9\u00a0mais uma ilus\u00e3o do atual governo. A coordenadora de pesquisa do Dieese,\u00a0Patr\u00edcia Pelatieri, lembra que se trata de uma concep\u00e7\u00e3o rejeitada por estudos e at\u00e9 mesmo por economistas liberais, pois n\u00e3o se sustenta. \u201cAt\u00e9 os economistas liberais, como [&hellip;]<\/p>\n","protected":false},"author":2,"featured_media":7957,"comment_status":"","ping_status":"","sticky":false,"template":"","format":"standard","meta":{"footnotes":""},"categories":[3],"tags":[],"class_list":["post-7958","post","type-post","status-publish","format-standard","has-post-thumbnail","hentry","category-noticias"],"_links":{"self":[{"href":"https:\/\/hostnetart.com.br\/baixada\/wp-json\/wp\/v2\/posts\/7958","targetHints":{"allow":["GET"]}}],"collection":[{"href":"https:\/\/hostnetart.com.br\/baixada\/wp-json\/wp\/v2\/posts"}],"about":[{"href":"https:\/\/hostnetart.com.br\/baixada\/wp-json\/wp\/v2\/types\/post"}],"author":[{"embeddable":true,"href":"https:\/\/hostnetart.com.br\/baixada\/wp-json\/wp\/v2\/users\/2"}],"replies":[{"embeddable":true,"href":"https:\/\/hostnetart.com.br\/baixada\/wp-json\/wp\/v2\/comments?post=7958"}],"version-history":[{"count":0,"href":"https:\/\/hostnetart.com.br\/baixada\/wp-json\/wp\/v2\/posts\/7958\/revisions"}],"wp:featuredmedia":[{"embeddable":true,"href":"https:\/\/hostnetart.com.br\/baixada\/wp-json\/wp\/v2\/media\/7957"}],"wp:attachment":[{"href":"https:\/\/hostnetart.com.br\/baixada\/wp-json\/wp\/v2\/media?parent=7958"}],"wp:term":[{"taxonomy":"category","embeddable":true,"href":"https:\/\/hostnetart.com.br\/baixada\/wp-json\/wp\/v2\/categories?post=7958"},{"taxonomy":"post_tag","embeddable":true,"href":"https:\/\/hostnetart.com.br\/baixada\/wp-json\/wp\/v2\/tags?post=7958"}],"curies":[{"name":"wp","href":"https:\/\/api.w.org\/{rel}","templated":true}]}}