{"id":7956,"date":"2019-11-26T13:56:57","date_gmt":"2019-11-26T16:56:57","guid":{"rendered":"https:\/\/hostnetart.com.br\/baixada\/coe-questiona-fechamento-de-450-agencias-do-bradesco\/"},"modified":"2019-11-26T13:56:57","modified_gmt":"2019-11-26T16:56:57","slug":"coe-questiona-fechamento-de-450-agencias-do-bradesco","status":"publish","type":"post","link":"https:\/\/hostnetart.com.br\/baixada\/coe-questiona-fechamento-de-450-agencias-do-bradesco\/","title":{"rendered":"COE questiona fechamento de 450 ag\u00eancias do Bradesco"},"content":{"rendered":"<p>A Comiss\u00e3o de Organiza\u00e7\u00e3o dos Empregados (COE) do Bradesco se reuniu nesta segunda-feira (25) com os representantes do banco para tratar do fechamento de 450 ag\u00eancias at\u00e9 2020, conforme an\u00fancio feito pelo presidente da institui\u00e7\u00e3o \u00e0 imprensa no dia 30 de outubro.<\/p>\n<p>\u201cO anuncio foi feito sem que houvesse qualquer di\u00e1logo com o movimento sindical. Por isso, procuramos o banco para obter informa\u00e7\u00f5es detalhadas e deixar claro que vamos defender a manuten\u00e7\u00e3o dos empregos\u201d, disse a coordenadora da COE, Magaly Fagundes. \u201cQueremos saber quais s\u00e3o as ag\u00eancias a serem fechadas, como se dar\u00e1 o fechamento, qual o prazo e cronograma para que isso aconte\u00e7a e, principalmente, em que isso afetar\u00e1 os funcion\u00e1rios\u201d, completou a coordenadora da COE do Bradesco.<\/p>\n<p>O banco alegou que se trata apenas de um estudo e que, por isso, n\u00e3o conseguiria passar todas as informa\u00e7\u00f5es, mas garantiu que a redu\u00e7\u00e3o no n\u00famero de ag\u00eancias n\u00e3o levar\u00e1 a demiss\u00f5es. O banco tamb\u00e9m disse que, na medida em que houver alguma defini\u00e7\u00e3o das etapas deste estudo, o movimento sindical ser\u00e1 informado.<\/p>\n<p>\u201cNos surpreende o banco dizer que trata-se apenas de um estudo. Como pode o banco fazer um an\u00fancio t\u00e3o grave como esse sem que haja defini\u00e7\u00f5es? Isso alarma os funcion\u00e1rios e os deixa apreensivos, com medo do desemprego\u201d, disse Magaly.<\/p>\n<p>A Coordenadora da COE ressaltou ainda que a cl\u00e1usula 54 da Conven\u00e7\u00e3o Coletiva de Trabalho (CCT) da categoria estabelece que os bancos criem programas de realoca\u00e7\u00e3o e requalifica\u00e7\u00e3o profissional para evitar demiss\u00f5es decorrentes de processos de reestrutura\u00e7\u00f5es dos bancos. \u201cSolicitamos a imediata ades\u00e3o do banco a esta cl\u00e1usula\u201d, disse.<\/p>\n<h3><strong>Valoriza\u00e7\u00e3o dos empregados<\/strong><\/h3>\n<p>Os representantes dos trabalhadores tamb\u00e9m questionaram a busca por especialistas em investimentos no mercado de trabalho. \u201cNossa d\u00favida era se o Bradesco havia abandonado a pol\u00edtica de valoriza\u00e7\u00e3o do quadro de funcion\u00e1rios da institui\u00e7\u00e3o, uma vez que o banco sempre alegou ser uma institui\u00e7\u00e3o de carreira fechada\u201d, explicou Magaly.<\/p>\n<p>O Bradesco informou que a pol\u00edtica de valoriza\u00e7\u00e3o dos funcion\u00e1rios do banco est\u00e1 mantida e que a busca por profissionais no mercado visa apenas suprir a car\u00eancia interna de especialistas em investimentos para estender esse segmento \u00e0s ag\u00eancias de alta renda. Segundo o banco, para ser eleg\u00edvel a estas vagas \u00e9 preciso atender um perfil profissional e possuir a Certifica\u00e7\u00e3o CEA da Associa\u00e7\u00e3o Brasileira das Entidades dos Mercados Financeiro e de Capitais (Anbima) e conhecimento em tecnologia da informa\u00e7\u00e3o.<\/p>\n<h3><strong>Mutir\u00e3o para renegocia\u00e7\u00e3o de d\u00edvidas<\/strong><\/h3>\n<p>Sobre o mutir\u00e3o de aberturas de ag\u00eancias at\u00e9 \u00e0s 20h, marcado para ser realizado do dia 2 de dezembro a 6 de dezembro, para orienta\u00e7\u00e3o e renegocia\u00e7\u00e3o de d\u00edvida, o banco informou que ser\u00e1 um servi\u00e7o volunt\u00e1rio e que as horas extras ser\u00e3o pagas.<\/p>\n<p><strong>Fonte: Contraf-CUT<\/strong><\/p>\n","protected":false},"excerpt":{"rendered":"<p>A Comiss\u00e3o de Organiza\u00e7\u00e3o dos Empregados (COE) do Bradesco se reuniu nesta segunda-feira (25) com os representantes do banco para tratar do fechamento de 450 ag\u00eancias at\u00e9 2020, conforme an\u00fancio feito pelo presidente da institui\u00e7\u00e3o \u00e0 imprensa no dia 30 de outubro. \u201cO anuncio foi feito sem que houvesse qualquer di\u00e1logo com o movimento sindical. [&hellip;]<\/p>\n","protected":false},"author":2,"featured_media":7955,"comment_status":"","ping_status":"","sticky":false,"template":"","format":"standard","meta":{"footnotes":""},"categories":[3],"tags":[],"class_list":["post-7956","post","type-post","status-publish","format-standard","has-post-thumbnail","hentry","category-noticias"],"_links":{"self":[{"href":"https:\/\/hostnetart.com.br\/baixada\/wp-json\/wp\/v2\/posts\/7956","targetHints":{"allow":["GET"]}}],"collection":[{"href":"https:\/\/hostnetart.com.br\/baixada\/wp-json\/wp\/v2\/posts"}],"about":[{"href":"https:\/\/hostnetart.com.br\/baixada\/wp-json\/wp\/v2\/types\/post"}],"author":[{"embeddable":true,"href":"https:\/\/hostnetart.com.br\/baixada\/wp-json\/wp\/v2\/users\/2"}],"replies":[{"embeddable":true,"href":"https:\/\/hostnetart.com.br\/baixada\/wp-json\/wp\/v2\/comments?post=7956"}],"version-history":[{"count":0,"href":"https:\/\/hostnetart.com.br\/baixada\/wp-json\/wp\/v2\/posts\/7956\/revisions"}],"wp:featuredmedia":[{"embeddable":true,"href":"https:\/\/hostnetart.com.br\/baixada\/wp-json\/wp\/v2\/media\/7955"}],"wp:attachment":[{"href":"https:\/\/hostnetart.com.br\/baixada\/wp-json\/wp\/v2\/media?parent=7956"}],"wp:term":[{"taxonomy":"category","embeddable":true,"href":"https:\/\/hostnetart.com.br\/baixada\/wp-json\/wp\/v2\/categories?post=7956"},{"taxonomy":"post_tag","embeddable":true,"href":"https:\/\/hostnetart.com.br\/baixada\/wp-json\/wp\/v2\/tags?post=7956"}],"curies":[{"name":"wp","href":"https:\/\/api.w.org\/{rel}","templated":true}]}}