{"id":7954,"date":"2019-11-26T13:56:12","date_gmt":"2019-11-26T16:56:12","guid":{"rendered":"https:\/\/hostnetart.com.br\/baixada\/comando-nacional-debate-sobre-proposta-a-mp-905\/"},"modified":"2019-11-26T13:56:12","modified_gmt":"2019-11-26T16:56:12","slug":"comando-nacional-debate-sobre-proposta-a-mp-905","status":"publish","type":"post","link":"https:\/\/hostnetart.com.br\/baixada\/comando-nacional-debate-sobre-proposta-a-mp-905\/","title":{"rendered":"Comando Nacional debate sobre proposta \u00e0 MP 905"},"content":{"rendered":"<p>O Comando Nacional dos Banc\u00e1rios se reuniu nesta segunda-feira (25) para debater e preparar a proposta de aditivo \u00e0 Conven\u00e7\u00e3o Coletiva de Trabalho (CCT) para garantir todos os direitos da categoria e neutralizar os efeitos da\u00a0<a href=\"http:\/\/www.planalto.gov.br\/ccivil_03\/_Ato2019-2022\/2019\/Mpv\/mpv905.htm\" target=\"_blank\" rel=\"noopener noreferrer\">Medida Provis\u00f3ria (MP) 905\/2019<\/a>.<\/p>\n<p>A proposta de aditivo ser\u00e1 apresentada \u00e0 Federa\u00e7\u00e3o Nacional dos Bancos na manh\u00e3 desta ter\u00e7a-feira (26), em reuni\u00e3o de negocia\u00e7\u00e3o em S\u00e3o Paulo.<\/p>\n<p>Em\u00a0<a href=\"https:\/\/contrafcut.com.br\/noticias\/comando-nacional-dos-bancarios-conquista-suspensao-da-mp-905\/\">reuni\u00e3o ocorrida no dia 14 de novembro<\/a>, o Comando conseguiu suspender a implanta\u00e7\u00e3o da medida at\u00e9 a negocia\u00e7\u00e3o com os bancos.<\/p>\n<p><strong>Fonte: Contraf-CUT<\/strong><\/p>\n","protected":false},"excerpt":{"rendered":"<p>O Comando Nacional dos Banc\u00e1rios se reuniu nesta segunda-feira (25) para debater e preparar a proposta de aditivo \u00e0 Conven\u00e7\u00e3o Coletiva de Trabalho (CCT) para garantir todos os direitos da categoria e neutralizar os efeitos da\u00a0Medida Provis\u00f3ria (MP) 905\/2019. A proposta de aditivo ser\u00e1 apresentada \u00e0 Federa\u00e7\u00e3o Nacional dos Bancos na manh\u00e3 desta ter\u00e7a-feira (26), [&hellip;]<\/p>\n","protected":false},"author":2,"featured_media":7953,"comment_status":"","ping_status":"","sticky":false,"template":"","format":"standard","meta":{"footnotes":""},"categories":[3],"tags":[],"class_list":["post-7954","post","type-post","status-publish","format-standard","has-post-thumbnail","hentry","category-noticias"],"_links":{"self":[{"href":"https:\/\/hostnetart.com.br\/baixada\/wp-json\/wp\/v2\/posts\/7954","targetHints":{"allow":["GET"]}}],"collection":[{"href":"https:\/\/hostnetart.com.br\/baixada\/wp-json\/wp\/v2\/posts"}],"about":[{"href":"https:\/\/hostnetart.com.br\/baixada\/wp-json\/wp\/v2\/types\/post"}],"author":[{"embeddable":true,"href":"https:\/\/hostnetart.com.br\/baixada\/wp-json\/wp\/v2\/users\/2"}],"replies":[{"embeddable":true,"href":"https:\/\/hostnetart.com.br\/baixada\/wp-json\/wp\/v2\/comments?post=7954"}],"version-history":[{"count":0,"href":"https:\/\/hostnetart.com.br\/baixada\/wp-json\/wp\/v2\/posts\/7954\/revisions"}],"wp:featuredmedia":[{"embeddable":true,"href":"https:\/\/hostnetart.com.br\/baixada\/wp-json\/wp\/v2\/media\/7953"}],"wp:attachment":[{"href":"https:\/\/hostnetart.com.br\/baixada\/wp-json\/wp\/v2\/media?parent=7954"}],"wp:term":[{"taxonomy":"category","embeddable":true,"href":"https:\/\/hostnetart.com.br\/baixada\/wp-json\/wp\/v2\/categories?post=7954"},{"taxonomy":"post_tag","embeddable":true,"href":"https:\/\/hostnetart.com.br\/baixada\/wp-json\/wp\/v2\/tags?post=7954"}],"curies":[{"name":"wp","href":"https:\/\/api.w.org\/{rel}","templated":true}]}}