{"id":7946,"date":"2019-11-25T14:28:40","date_gmt":"2019-11-25T17:28:40","guid":{"rendered":"https:\/\/hostnetart.com.br\/baixada\/nao-se-cale-denuncie-a-violencia-contra-a-mulher\/"},"modified":"2019-11-25T14:28:40","modified_gmt":"2019-11-25T17:28:40","slug":"nao-se-cale-denuncie-a-violencia-contra-a-mulher","status":"publish","type":"post","link":"https:\/\/hostnetart.com.br\/baixada\/nao-se-cale-denuncie-a-violencia-contra-a-mulher\/","title":{"rendered":"N\u00e3o se cale! Denuncie a viol\u00eancia contra a mulher!"},"content":{"rendered":"<div class=\"elementor-element elementor-element-194680ec elementor-widget elementor-widget-theme-post-content\" data-id=\"194680ec\" data-element_type=\"widget\" data-widget_type=\"theme-post-content.default\">\n<div class=\"elementor-widget-container\">\n<p>25 de novembro \u00e9 o Dia internacional de Combate \u00e0 Viol\u00eancia Contra as Mulheres. A data \u00e9 voltada a conscientiza\u00e7\u00e3o e alerta da sociedade diante dos problemas da viol\u00eancia e da import\u00e2ncia do registro da den\u00fancia para a elabora\u00e7\u00e3o de pol\u00edticas de preven\u00e7\u00e3o e puni\u00e7\u00e3o dos agressores.<\/p>\n<p>Os n\u00fameros de viol\u00eancia contra a mulher s\u00e3o cada vez maiores. De acordo com o Minist\u00e9rio da Mulher, da Fam\u00edlia e dos Direitos Humanos, a Central de Atendimento \u00e0 Mulher em Situa\u00e7\u00e3o de Viol\u00eancia, tamb\u00e9m conhecida como Disque 180, registrou, em 2016, 71.586 den\u00fancias de crimes contra a mulher.<\/p>\n<p>Em 2017, 73.668 den\u00fancias foram registradas. J\u00e1 em 2018, o n\u00famero subiu para 92.663. Para a secret\u00e1ria de Mulher da Confedera\u00e7\u00e3o Nacional dos Trabalhadores do Ramo Financeiro (Contraf-CUT), Elaine Cutis, os n\u00fameros de casos de viol\u00eancia podem ser ainda maiores. \u201cNem todas as mulheres, v\u00edtimas da viol\u00eancia denunciam os agressores, por isso, n\u00e3o \u00e9 poss\u00edvel saber quantas v\u00edtimas sofrem caladas\u201d. Para ela, o aumento das ocorr\u00eancias tamb\u00e9m se d\u00e1 pelo discurso conservador e pala falta de recursos necess\u00e1rios \u00e0 realiza\u00e7\u00e3o de pol\u00edticas de preven\u00e7\u00e3o e prote\u00e7\u00e3o das v\u00edtimas. \u201cPor isso, os casos se alastraram no \u00faltimo per\u00edodo. Essa situa\u00e7\u00e3o faz com que a mulher volte a ficar com medo, ou submissa mesmo sendo agredida\u201d, afirmou.<\/p>\n<h3><strong>16 dias de ativismo pelo fim da viol\u00eancia contra a mulher<\/strong><\/h3>\n<p>Com o mesmo prop\u00f3sito do Dia Internacional de Combate \u00e0 Viol\u00eancia Contra a Mulher, foi criada a campanha \u201c16 dias de ativismo pelo fim da viol\u00eancia contra a mulher\u201d, uma mobiliza\u00e7\u00e3o mundial que acontece anualmente. No Brasil, o movimento se inicia no Dia da Consci\u00eancia Negra, 20 de novembro, e se encerra no Dia Internacional dos Direitos Humanos, 10 de dezembro.<\/p>\n<p><strong>Fonte:<\/strong> <strong>Contraf-CUT<\/strong><\/p>\n<\/div>\n<\/div>\n","protected":false},"excerpt":{"rendered":"<p>25 de novembro \u00e9 o Dia internacional de Combate \u00e0 Viol\u00eancia Contra as Mulheres. A data \u00e9 voltada a conscientiza\u00e7\u00e3o e alerta da sociedade diante dos problemas da viol\u00eancia e da import\u00e2ncia do registro da den\u00fancia para a elabora\u00e7\u00e3o de pol\u00edticas de preven\u00e7\u00e3o e puni\u00e7\u00e3o dos agressores. Os n\u00fameros de viol\u00eancia contra a mulher s\u00e3o [&hellip;]<\/p>\n","protected":false},"author":2,"featured_media":7945,"comment_status":"","ping_status":"","sticky":false,"template":"","format":"standard","meta":{"footnotes":""},"categories":[3],"tags":[],"class_list":["post-7946","post","type-post","status-publish","format-standard","has-post-thumbnail","hentry","category-noticias"],"_links":{"self":[{"href":"https:\/\/hostnetart.com.br\/baixada\/wp-json\/wp\/v2\/posts\/7946","targetHints":{"allow":["GET"]}}],"collection":[{"href":"https:\/\/hostnetart.com.br\/baixada\/wp-json\/wp\/v2\/posts"}],"about":[{"href":"https:\/\/hostnetart.com.br\/baixada\/wp-json\/wp\/v2\/types\/post"}],"author":[{"embeddable":true,"href":"https:\/\/hostnetart.com.br\/baixada\/wp-json\/wp\/v2\/users\/2"}],"replies":[{"embeddable":true,"href":"https:\/\/hostnetart.com.br\/baixada\/wp-json\/wp\/v2\/comments?post=7946"}],"version-history":[{"count":0,"href":"https:\/\/hostnetart.com.br\/baixada\/wp-json\/wp\/v2\/posts\/7946\/revisions"}],"wp:featuredmedia":[{"embeddable":true,"href":"https:\/\/hostnetart.com.br\/baixada\/wp-json\/wp\/v2\/media\/7945"}],"wp:attachment":[{"href":"https:\/\/hostnetart.com.br\/baixada\/wp-json\/wp\/v2\/media?parent=7946"}],"wp:term":[{"taxonomy":"category","embeddable":true,"href":"https:\/\/hostnetart.com.br\/baixada\/wp-json\/wp\/v2\/categories?post=7946"},{"taxonomy":"post_tag","embeddable":true,"href":"https:\/\/hostnetart.com.br\/baixada\/wp-json\/wp\/v2\/tags?post=7946"}],"curies":[{"name":"wp","href":"https:\/\/api.w.org\/{rel}","templated":true}]}}