{"id":7944,"date":"2019-11-21T16:07:45","date_gmt":"2019-11-21T19:07:45","guid":{"rendered":"https:\/\/hostnetart.com.br\/baixada\/sindicato-dos-bancarios-da-baixada-fluminense-percorre-agencias-em-protesto-contra-a-mp-905\/"},"modified":"2019-11-21T16:07:45","modified_gmt":"2019-11-21T19:07:45","slug":"sindicato-dos-bancarios-da-baixada-fluminense-percorre-agencias-em-protesto-contra-a-mp-905","status":"publish","type":"post","link":"https:\/\/hostnetart.com.br\/baixada\/sindicato-dos-bancarios-da-baixada-fluminense-percorre-agencias-em-protesto-contra-a-mp-905\/","title":{"rendered":"Sindicato dos Banc\u00e1rios da Baixada Fluminense percorre ag\u00eancias em protesto contra a MP 905"},"content":{"rendered":"<p>O Sindicato dos Banc\u00e1rios da Baixada Fluminense, realizou atos pelas principais ag\u00eancias banc\u00e1rias de Duque de Caxias e Nova Igua\u00e7u, nesta quinta-feira, dia 21,\u00a0Dia Nacional de Luta contra a\u00a0<a href=\"http:\/\/www.planalto.gov.br\/ccivil_03\/_Ato2019-2022\/2019\/Mpv\/mpv905.htm\" target=\"_blank\" rel=\"noopener noreferrer\">Medida Provis\u00f3ria (MP) 905\/2019<\/a>, assinada pelo presidente Jair Bolsonaro no dia 11 de novembro. Com a\u00a0<a href=\"https:\/\/www.dieese.org.br\/notatecnica\/2019\/notaTec215MP905.html\" target=\"_blank\" rel=\"noopener noreferrer\">altera\u00e7\u00e3o de cerca de 60 artigos e 150 dispositivos da Consolida\u00e7\u00e3o dos Leis do Trabalho (CLT) e a revoga\u00e7\u00e3o de outros 37<\/a>, a medida se configura como uma continuidade da reforma trabalhista e aprofunda os preju\u00edzos aos direitos dos trabalhadores.<\/p>\n<p>O\u00a0objetivo das manifesta\u00e7\u00f5es \u00e9 explicar para a categoria o que \u00e9 a MP e os impactos que ela causa \u00e0 jornada de trabalho, \u00e0 remunera\u00e7\u00e3o e a diversos outros direitos.<\/p>\n<p>O Comando Nacional dos Banc\u00e1rios j\u00e1 disse que n\u00e3o aceitar\u00e1 que os bancos implantem de imediato a MP 905\/2019 e, em\u00a0<a href=\"https:\/\/contrafcut.com.br\/noticias\/comando-nacional-dos-bancarios-conquista-suspensao-da-mp-905\/\" target=\"_blank\" rel=\"noopener noreferrer\">reuni\u00e3o com a Federa\u00e7\u00e3o Nacional dos Bancos (Fenaban)<\/a>, realizada no dia 14 de novembro, acertou a implementa\u00e7\u00e3o de um aditivo \u00e0 Conven\u00e7\u00e3o Coletiva da Categoria (CCT) que impe\u00e7a os efeitos da medida sobre a categoria. A reuni\u00e3o para discuss\u00e3o e formula\u00e7\u00e3o do aditivo ser\u00e1 realizada no dia 26\/11.<\/p>\n<p><strong>Redu\u00e7\u00e3o de direitos<\/strong><\/p>\n<p>Entre os direitos que s\u00e3o atacados pela MP 905\/2019 est\u00e1 o FGTS. A MP reduz a porcentagem que o empregador tem que depositar na conta do trabalhador de 8% para 2%. Al\u00e9m disso, reduz no caso de demiss\u00e3o, reduz a indeniza\u00e7\u00e3o a ser paga sobre o saldo do FGTS de 40% para 20%.<\/p>\n<p>Outro ataque \u00e9 sobre o descanso semanal remunerado. A MP permite que trabalhadores do com\u00e9rcio e de servi\u00e7os tenham direito a apenas uma folga aos domingos a cada quatro semanas. No caso dos trabalhadores do setor industrial, a folga aos domingos somente vir\u00e1 a cada sete semanas. Os empregadores n\u00e3o precisar\u00e3o pagar em dobro pelo dia de trabalho aos domingos. Basta conceder uma folga em qualquer outro dia.<\/p>\n<p><\/p>\n","protected":false},"excerpt":{"rendered":"<p>O Sindicato dos Banc\u00e1rios da Baixada Fluminense, realizou atos pelas principais ag\u00eancias banc\u00e1rias de Duque de Caxias e Nova Igua\u00e7u, nesta quinta-feira, dia 21,\u00a0Dia Nacional de Luta contra a\u00a0Medida Provis\u00f3ria (MP) 905\/2019, assinada pelo presidente Jair Bolsonaro no dia 11 de novembro. Com a\u00a0altera\u00e7\u00e3o de cerca de 60 artigos e 150 dispositivos da Consolida\u00e7\u00e3o dos [&hellip;]<\/p>\n","protected":false},"author":2,"featured_media":7943,"comment_status":"","ping_status":"","sticky":false,"template":"","format":"standard","meta":{"footnotes":""},"categories":[3],"tags":[],"class_list":["post-7944","post","type-post","status-publish","format-standard","has-post-thumbnail","hentry","category-noticias"],"_links":{"self":[{"href":"https:\/\/hostnetart.com.br\/baixada\/wp-json\/wp\/v2\/posts\/7944","targetHints":{"allow":["GET"]}}],"collection":[{"href":"https:\/\/hostnetart.com.br\/baixada\/wp-json\/wp\/v2\/posts"}],"about":[{"href":"https:\/\/hostnetart.com.br\/baixada\/wp-json\/wp\/v2\/types\/post"}],"author":[{"embeddable":true,"href":"https:\/\/hostnetart.com.br\/baixada\/wp-json\/wp\/v2\/users\/2"}],"replies":[{"embeddable":true,"href":"https:\/\/hostnetart.com.br\/baixada\/wp-json\/wp\/v2\/comments?post=7944"}],"version-history":[{"count":0,"href":"https:\/\/hostnetart.com.br\/baixada\/wp-json\/wp\/v2\/posts\/7944\/revisions"}],"wp:featuredmedia":[{"embeddable":true,"href":"https:\/\/hostnetart.com.br\/baixada\/wp-json\/wp\/v2\/media\/7943"}],"wp:attachment":[{"href":"https:\/\/hostnetart.com.br\/baixada\/wp-json\/wp\/v2\/media?parent=7944"}],"wp:term":[{"taxonomy":"category","embeddable":true,"href":"https:\/\/hostnetart.com.br\/baixada\/wp-json\/wp\/v2\/categories?post=7944"},{"taxonomy":"post_tag","embeddable":true,"href":"https:\/\/hostnetart.com.br\/baixada\/wp-json\/wp\/v2\/tags?post=7944"}],"curies":[{"name":"wp","href":"https:\/\/api.w.org\/{rel}","templated":true}]}}