{"id":7942,"date":"2019-11-21T13:36:49","date_gmt":"2019-11-21T16:36:49","guid":{"rendered":"https:\/\/hostnetart.com.br\/baixada\/por-direitos-e-pelo-fim-do-genocidio-atos-de-rua-marcam-o-dia-da-consciencia-negra\/"},"modified":"2019-11-21T13:36:49","modified_gmt":"2019-11-21T16:36:49","slug":"por-direitos-e-pelo-fim-do-genocidio-atos-de-rua-marcam-o-dia-da-consciencia-negra","status":"publish","type":"post","link":"https:\/\/hostnetart.com.br\/baixada\/por-direitos-e-pelo-fim-do-genocidio-atos-de-rua-marcam-o-dia-da-consciencia-negra\/","title":{"rendered":"Por direitos e pelo fim do genoc\u00eddio, atos de rua marcam o Dia da Consci\u00eancia Negra"},"content":{"rendered":"<p><a href=\"https:\/\/www.brasildefato.com.br\/\" target=\"_blank\" rel=\"noopener noreferrer\">Brasil de Fato<\/a>\u00a0\u2013 O\u00a0Dia da Consci\u00eancia Negra, celebrado nesta quarta-feira (20), em mem\u00f3ria \u00e0 luta de Zumbi dos Palmares, foi marcado por manifesta\u00e7\u00f5es\u00a0em defesa dos direitos das popula\u00e7\u00e3o negra em diversas cidades brasileiras.<\/p>\n<p>Em S\u00e3o Paulo (SP), a\u00a0<a href=\"https:\/\/www.redebrasilatual.com.br\/destaques\/2019\/11\/movimento-negro-vai-as-ruas-de-sao-paulo-contra-o-pacote-anticrime-de-sergio-moro\/\" target=\"_blank\" rel=\"noopener noreferrer\">16\u00aa Marcha da Consci\u00eancia Negra<\/a>\u00a0percorreu um trajeto\u00a0do Museu de Arte de SP (Masp), at\u00e9 o Theatro Municipal, no Anhangaba\u00fa, um local hist\u00f3rico para o movimento. Foi l\u00e1, em 1978, que foi fundado o\u00a0<a href=\"https:\/\/www.youtube.com\/watch?v=wtcn00gIAVU\" target=\"_blank\" rel=\"noopener noreferrer\">Movimento Negro Unificado (MNU)<\/a>, durante a ditadura militar.<\/p>\n<p>Esta edi\u00e7\u00e3o da marcha teve o lema: \u201cVida, liberdade e futuro, contra o genoc\u00eddio do povo negro\u201d. Segundo uma das organizadoras, a\u00a0militante do MNU Simone Nascimento, neste ano a marcha foi constru\u00edda com perspectiva de afirmar um novo projeto de sociedade.\u00a0\u201cUma sociedade de direitos e oportunidades para a popula\u00e7\u00e3o negra, que tem sido\u00a0<a href=\"https:\/\/www.redebrasilatual.com.br\/cidadania\/2019\/11\/negros-no-brasil-mais-desemprego-menos-renda-menor-presenca-parlamentar-e-principal-vitima-de-homicidios\/\" target=\"_blank\" rel=\"noopener noreferrer\">v\u00edtima de um processo genocida<\/a>\u201c, explicou.<\/p>\n<p>Flavio Jorge, membro da executiva nacional da Coordena\u00e7\u00e3o Nacional de Entidades Negras (Conen), ressaltou a import\u00e2ncia do ato em um contexto de ascens\u00e3o conservadora.\u00a0\u201cEssa \u00e9 a primeira marcha que a gente realiza em um governo de extrema direita. Esse governo, n\u00f3s j\u00e1 sab\u00edamos, vai tornar mais dif\u00edcil a\u00a0vida da popula\u00e7\u00e3o negra\u201d, assinalou.<\/p>\n<p>Ele frisou a unidade alcan\u00e7ada pelas entidades que organizaram o ato e afirmou ser esse um ind\u00edcio da forma como o movimento deve enfrentar o momento adverso.\u00a0\u201cN\u00e3o h\u00e1 como se sentir seguro nessa conjuntura. Estamos vulner\u00e1veis por ene motivos\u201d, concordou a enfermeira\u00a0Alva Helena. Segundo ela, o genoc\u00eddio do povo negro no Brasil \u00e9 resultado de uma \u201cescravid\u00e3o inconclusa\u201d.<\/p>\n<p>\u201c<a href=\"https:\/\/www.redebrasilatual.com.br\/educacao\/2019\/11\/universidades-e-movimentos-negros-lancam-observatorio-do-racismo-em-sao-paulo\/\" target=\"_blank\" rel=\"noopener noreferrer\">N\u00f3s n\u00e3o fomos de fato libertos<\/a>.\u00a0Por isso \u00e9 importante essa marcha, para mostrar \u00e0 sociedade que ainda estamos muito insatisfeitos com as desigualdades e com as injusti\u00e7as que o Estado promove em fun\u00e7\u00e3o dessa liberta\u00e7\u00e3o inconclusa\u201d, argumentou.<\/p>\n<h5><b>Pelo Brasil<\/b><\/h5>\n<p>No interior do estado, tamb\u00e9m houve marchas em Campinas (SP), Jundia\u00ed (SP) e Santos (SP). No Rio de Janeiro (RJ), os manifestantes se reuniram pela manh\u00e3 sob o viaduto Negr\u00e3o de Lima, em Madureira, para a 8\u00aa Marcha da Periferia do Rio de Janeiro.<\/p>\n<p>Os organizadores divulgaram um manifesto em que denunciam o genoc\u00eddio negro e ind\u00edgena e as pol\u00edticas do governo Bolsonaro, como a reforma da Previd\u00eancia, consideradas pelos manifestantes como prejudiciais \u00e0 vida dos negros e pobres.<\/p>\n<p>Tamb\u00e9m pela manh\u00e3, em Florian\u00f3polis (SC), o movimento negro se reuniu na Escadaria do Ros\u00e1rio, regi\u00e3o central da cidade, de onde partiu em marcha para celebrar a luta de Zumbi dos Palmares, Dandara, Marielle Franco e outras personalidades hist\u00f3ricas da luta contra o racismo.<\/p>\n<p>Em Belo Horizonte (MG), o dia amanheceu com as palavras de ordem proferidas pelos participantes da 3\u00aa Marcha em Prol da Igualdade Racial, na Rua dos Guararapes, bairro Pindorama. O manifesto oficial dos organizadores ressalta a import\u00e2ncia do povo negro e da cultura de matriz africana na constru\u00e7\u00e3o da identidade cultural da cidade.<\/p>\n<p>\u00c0 tarde, ocorreram os dois principais atos da regi\u00e3o Nordeste. No Recife (PE), a marcha come\u00e7ou \u00e0s 15h, no Parque 13 de Maio, regi\u00e3o central da cidade. Mais de 50 entidades estavam representadas no protesto contra o racismo e o genoc\u00eddio negro, e pelo direito \u00e0 vida.<\/p>\n<p>No mesmo hor\u00e1rio, em Salvador (BA), ocorreu a 40\u00aa Marcha da Consci\u00eancia Negra, com concentra\u00e7\u00e3o no Campo Grande e caminhada at\u00e9 a Pra\u00e7a Castro Alves.<\/p>\n<p>A edi\u00e7\u00e3o deste ano homenageou Mumia Abu-Jamal, ex-militante do Partido Panteras Negras, no Estados Unidos, preso e condenado \u00e0 pena de morte. Al\u00e9m dele, foram homenageados os revolucion\u00e1rios negros que lutaram contra o regime escravocrata no Brasil e no mundo.<\/p>\n<p>No interior do estado, tamb\u00e9m houve marchas em Campinas (SP), Jundia\u00ed (SP) e Santos (SP). No Rio de Janeiro (RJ), os manifestantes se reuniram pela manh\u00e3 sob o viaduto Negr\u00e3o de Lima, em Madureira, para a 8\u00aa Marcha da Periferia do Rio de Janeiro.<\/p>\n<p>Os organizadores divulgaram um manifesto em que denunciam o genoc\u00eddio negro e ind\u00edgena e as pol\u00edticas do governo Bolsonaro, como a reforma da Previd\u00eancia, consideradas pelos manifestantes como prejudiciais \u00e0 vida dos negros e pobres.<\/p>\n<p>Tamb\u00e9m pela manh\u00e3, em Florian\u00f3polis (SC), o movimento negro se reuniu na Escadaria do Ros\u00e1rio, regi\u00e3o central da cidade, de onde partiu em marcha para celebrar a luta de Zumbi dos Palmares, Dandara, Marielle Franco e outras personalidades hist\u00f3ricas da luta contra o racismo.<\/p>\n<p>Em Belo Horizonte (MG), o dia amanheceu com as palavras de ordem proferidas pelos participantes da 3\u00aa Marcha em Prol da Igualdade Racial, na Rua dos Guararapes, bairro Pindorama. O manifesto oficial dos organizadores ressalta a import\u00e2ncia do povo negro e da cultura de matriz africana na constru\u00e7\u00e3o da identidade cultural da cidade.<\/p>\n<p>\u00c0 tarde, ocorreram os dois principais atos da regi\u00e3o Nordeste. No Recife (PE), a marcha come\u00e7ou \u00e0s 15h, no Parque 13 de Maio, regi\u00e3o central da cidade. Mais de 50 entidades estavam representadas no protesto contra o racismo e o genoc\u00eddio negro, e pelo direito \u00e0 vida.<\/p>\n<p>No mesmo hor\u00e1rio, em Salvador (BA), ocorreu a 40\u00aa Marcha da Consci\u00eancia Negra, com concentra\u00e7\u00e3o no Campo Grande e caminhada at\u00e9 a Pra\u00e7a Castro Alves.<\/p>\n<p>A edi\u00e7\u00e3o deste ano homenageou Mumia Abu-Jamal, ex-militante do Partido Panteras Negras, no Estados Unidos, preso e condenado \u00e0 pena de morte. Al\u00e9m dele, foram homenageados os revolucion\u00e1rios negros que lutaram contra o regime escravocrata no Brasil e no mundo.<\/p>\n<p>Em Porto Alegre (RS), a concentra\u00e7\u00e3o para a Marcha Independente Zumbi Dandara iniciou \u00e0s 17h, em frente ao Mercado P\u00fablico, importante territ\u00f3rio negro da cidade, onde est\u00e1 o \u201cBar\u00e1 do Mercado\u201d, uma representa\u00e7\u00e3o da\u00a0entidade Bar\u00e1, de bons caminhos.<\/p>\n<p>Pela noite, a marcha tomou\u00a0as ruas da cidade em dire\u00e7\u00e3o ao Largo Zumbi dos Palmares, acompanhada\u00a0por ritmistas de escolas de samba.<\/p>\n<p>Para Onir Ara\u00fajo, advogado que comp\u00f5e a Frente Quilombola do RS, o ato \u00e9 simbolicamente hist\u00f3rico em uma conjuntura t\u00e3o complexa como a atual no Brasil de no conjunto da Am\u00e9rica Latina.<\/p>\n<p>\u201cMas \u00e9 importante destacar que n\u00e3o \u00e9 festa, n\u00e3o \u00e9 neg\u00f3cio, estamos comemorando a data de uma morte e n\u00f3s carregamos milh\u00f5es de mortes conosco. Serve para nos preparar para enfrentar o cotidiano massacrante que a maioria afro-ind\u00edgena vive no Brasil\u201d, afirmou.<\/p>\n<p>\u00cdtalo Ariel, estudante de hist\u00f3ria da Universidade Federal do Rio Grande do Sul (UFRGS), um dos organizadores da marcha, tamb\u00e9m ressaltou a import\u00e2ncia da unidade do movimento negro frente aos caos pelo qual passa o Brasil.<\/p>\n<p>\u201cA gente vive um momento muito ruim, de desemprego, morte dos jovens negros. O movimento negro \u00e9 muito diverso, n\u00e3o s\u00e3o s\u00f3 organiza\u00e7\u00f5es pol\u00edticas, mas organiza\u00e7\u00f5es culturais, coletivos de dan\u00e7a, sobre a cultura negra. H\u00e1 algum tempo a gente vem tentando construir a marcha como um momento de reivindica\u00e7\u00e3o pol\u00edtica das pautas do povo negro brasileiro, que \u00e9 mais de 50% autodeclarado negro. Nesse dia as pautas do povo est\u00e3o nas ruas, pela repara\u00e7\u00e3o hist\u00f3rica, que \u00e9 a luta do povo negro pelo direito a vida, sa\u00fade, educa\u00e7\u00e3o e territ\u00f3rio.\u201d<\/p>\n<p>\u00a0<\/p>\n<p><strong>Fonte: Rede Brasil Atual<\/strong><\/p>\n","protected":false},"excerpt":{"rendered":"<p>Brasil de Fato\u00a0\u2013 O\u00a0Dia da Consci\u00eancia Negra, celebrado nesta quarta-feira (20), em mem\u00f3ria \u00e0 luta de Zumbi dos Palmares, foi marcado por manifesta\u00e7\u00f5es\u00a0em defesa dos direitos das popula\u00e7\u00e3o negra em diversas cidades brasileiras. Em S\u00e3o Paulo (SP), a\u00a016\u00aa Marcha da Consci\u00eancia Negra\u00a0percorreu um trajeto\u00a0do Museu de Arte de SP (Masp), at\u00e9 o Theatro Municipal, no [&hellip;]<\/p>\n","protected":false},"author":2,"featured_media":7941,"comment_status":"","ping_status":"","sticky":false,"template":"","format":"standard","meta":{"footnotes":""},"categories":[3],"tags":[],"class_list":["post-7942","post","type-post","status-publish","format-standard","has-post-thumbnail","hentry","category-noticias"],"_links":{"self":[{"href":"https:\/\/hostnetart.com.br\/baixada\/wp-json\/wp\/v2\/posts\/7942","targetHints":{"allow":["GET"]}}],"collection":[{"href":"https:\/\/hostnetart.com.br\/baixada\/wp-json\/wp\/v2\/posts"}],"about":[{"href":"https:\/\/hostnetart.com.br\/baixada\/wp-json\/wp\/v2\/types\/post"}],"author":[{"embeddable":true,"href":"https:\/\/hostnetart.com.br\/baixada\/wp-json\/wp\/v2\/users\/2"}],"replies":[{"embeddable":true,"href":"https:\/\/hostnetart.com.br\/baixada\/wp-json\/wp\/v2\/comments?post=7942"}],"version-history":[{"count":0,"href":"https:\/\/hostnetart.com.br\/baixada\/wp-json\/wp\/v2\/posts\/7942\/revisions"}],"wp:featuredmedia":[{"embeddable":true,"href":"https:\/\/hostnetart.com.br\/baixada\/wp-json\/wp\/v2\/media\/7941"}],"wp:attachment":[{"href":"https:\/\/hostnetart.com.br\/baixada\/wp-json\/wp\/v2\/media?parent=7942"}],"wp:term":[{"taxonomy":"category","embeddable":true,"href":"https:\/\/hostnetart.com.br\/baixada\/wp-json\/wp\/v2\/categories?post=7942"},{"taxonomy":"post_tag","embeddable":true,"href":"https:\/\/hostnetart.com.br\/baixada\/wp-json\/wp\/v2\/tags?post=7942"}],"curies":[{"name":"wp","href":"https:\/\/api.w.org\/{rel}","templated":true}]}}