{"id":794,"date":"2015-05-14T23:43:00","date_gmt":"2015-05-15T02:43:00","guid":{"rendered":"https:\/\/hostnetart.com.br\/baixada\/dia-29-vamos-as-ruas-pressionar-congresso-e-patroes-diz-vagner-freitas\/"},"modified":"2015-05-14T23:43:00","modified_gmt":"2015-05-15T02:43:00","slug":"dia-29-vamos-as-ruas-pressionar-congresso-e-patroes-diz-vagner-freitas","status":"publish","type":"post","link":"https:\/\/hostnetart.com.br\/baixada\/dia-29-vamos-as-ruas-pressionar-congresso-e-patroes-diz-vagner-freitas\/","title":{"rendered":"Dia 29 vamos \u00e0s ruas pressionar Congresso e patr\u00f5es\u2019, diz Vagner Freitas"},"content":{"rendered":"<p><span style=\"color: #464646;\">Em entrevista exclusiva ao site da Contraf-CUT, o presidente da CUT, Vagner Freitas, chamou sindicatos e trabalhadores para a grande mobiliza\u00e7\u00e3o marcada para 29 de maio em todo o pa\u00eds, \u201d Dia Nacional de Luta e Paralisa\u00e7\u00e3o\u201d, contra o Projeto de Lei da Terceiriza\u00e7\u00e3o, a retirada de direitos e a agenda conservadora do Congresso Nacional, que amea\u00e7a a classe trabalhadora brasileira.<\/span><br style=\"color: #464646;\" \/><br style=\"color: #464646;\" \/><span style=\"color: #464646;\">\u201cO PL 4330, agora PLC 30\/2015 no Senado, n\u00e3o pode passar, se for aprovado vai acabar a carteira profissional, vai acabar CLT, acabam f\u00e9rias, 13\u00ba sal\u00e1rio, fundo de garantia, todos os direitos conquistados ao longo de muito tempo. A \u00fanica forma de mudar \u00e9 com press\u00e3o social, com a mobiliza\u00e7\u00e3o dos sindicatos e dos trabalhadores\u201d, afirma Vagner Freitas.\u00a0<\/span><br style=\"color: #464646;\" \/><br style=\"color: #464646;\" \/><span style=\"color: #464646;\">O presidente da CUT tamb\u00e9m conversou com a Contraf-CUT sobre as MPs 664 e 665, medidas provis\u00f3rias que restringem o acesso ao aux\u00edlio doen\u00e7a, pens\u00e3o por morte, seguro-desemprego, abono salarial e que prejudicam os trabalhadores.\u00a0<\/span><br style=\"color: #464646;\" \/><br style=\"color: #464646;\" \/><b style=\"color: #464646;\">Contraf-CUT\u00a0<\/b><span style=\"color: #464646;\">&#8211;\u00a0<\/span><i style=\"color: #464646;\">Quais devem ser os pr\u00f3ximos passos dos trabalhadores na luta contra amplia\u00e7\u00e3o da terceiriza\u00e7\u00e3o, aprovada sem limites pela C\u00e2mara e que agora tramita no Senado?<\/i><br style=\"color: #464646;\" \/><br style=\"color: #464646;\" \/><b style=\"color: #464646;\">Vagner Freitas\u00a0<\/b><span style=\"color: #464646;\">&#8211; A \u00fanica forma de mudar \u00e9 com press\u00e3o social. A composi\u00e7\u00e3o do Congresso \u00e9 uma composi\u00e7\u00e3o conservadora, mas n\u00f3s temos condi\u00e7\u00f5es de mudar o que aconteceu na C\u00e2mara com press\u00e3o social, com mobiliza\u00e7\u00e3o dos sindicatos e dos trabalhadores. O PL 4330, aprovado pela C\u00e2mara, agora PLC 30\/2015 no Senado, com o mesmo texto, n\u00e3o \u00e9 uma discuss\u00e3o sobre terceiriza\u00e7\u00e3o, por tr\u00e1s disso tem a a\u00e7\u00e3o e os interesses do setor patronal brasileiro. Tamb\u00e9m \u00e9 um golpe profundo contra a organiza\u00e7\u00e3o sindical combativa no Brasil. O PL 4330 n\u00e3o pode passar, se ele passar no senado, vai acabar a carteira profissional, vai acabar CLT, acabam f\u00e9rias, d\u00e9cimo terceiro sal\u00e1rio, fundo de garantia, todos os direitos conquistados ao longo de muito tempo.\u00a0<\/span><br style=\"color: #464646;\" \/><br style=\"color: #464646;\" \/><b style=\"color: #464646;\">Contraf-CUT\u00a0<\/b><span style=\"color: #464646;\">&#8211;\u00a0<\/span><i style=\"color: #464646;\">A CUT est\u00e1 chamando os trabalhadores pra uma grande mobiliza\u00e7\u00e3o no dia 29 de maio. Quais as orienta\u00e7\u00f5es?<\/i><br style=\"color: #464646;\" \/><br style=\"color: #464646;\" \/><b style=\"color: #464646;\">Vagner Freitas\u00a0<\/b><span style=\"color: #464646;\">&#8211; A nossa estrat\u00e9gia \u00e9 pressionar os senadores e para isso n\u00f3s j\u00e1 temos uma agenda extraordin\u00e1ria marcada. No dia 29, \u201cDia Nacional de Luta e Paralisa\u00e7\u00e3o, estamos orientando que os trabalhadores saiam \u00e0s ruas e que n\u00e3o compare\u00e7am ao trabalho para pressionar o Congresso, para pressionar os patr\u00f5es, a n\u00e3o retirarem direitos dos trabalhadores. Juntos com os movimentos sociais vamos defender a democracia, pois do jeito que est\u00e1 o Congresso Nacional se o povo n\u00e3o se unir a tend\u00eancia \u00e9 retroceder. E n\u00e3o \u00e9 isso que o povo quer. N\u00e3o aceitamos mexer nos nossos direitos conquistados com muita luta. Nenhum direito a menos. Dia 29 de maio os trabalhadores estar\u00e3o nas ruas mais uma vez.\u00a0<\/span><br style=\"color: #464646;\" \/><br style=\"color: #464646;\" \/><b style=\"color: #464646;\">Contraf-CUT\u00a0<\/b><span style=\"color: #464646;\">&#8211;\u00a0<\/span><i style=\"color: #464646;\">Diferente da C\u00e2mara, a condu\u00e7\u00e3o do Projeto da Terceiriza\u00e7\u00e3o no Senado pode mudar, ou mesmo derrubar os pontos que prejudicam os trabalhadores?<\/i><br style=\"color: #464646;\" \/><br style=\"color: #464646;\" \/><b style=\"color: #464646;\">Vagner Freitas\u00a0<\/b><span style=\"color: #464646;\">&#8211; Na audi\u00eancia que a CUT teve com Renan Calheiros, o presidente do Senado disse que pensa diferente do deputado Eduardo Cunha. Informou que o Senado vai promover mais debates sobre o tema, com mais calma, ouvindo toda a sociedade e n\u00e3o da forma atabalhoada como o PL 4330 foi aprovado na C\u00e2mara. O senador reconheceu que a terceiriza\u00e7\u00e3o na atividade fim \u00e9 ruim n\u00e3o s\u00f3 para trabalhadores, mais tamb\u00e9m para o pa\u00eds, que ao escolher um desenvolvimento com precariedade prejudica sua receptividade no mercado externo. Sem d\u00favida \u00e9 uma postura muito melhor do que a de Cunha. Mas n\u00e3o podemos vacilar, estas quest\u00f5es referentes aos pol\u00edticos dependem muito da temperatura, se n\u00e3o houver press\u00e3o no Senado tamb\u00e9m, a posi\u00e7\u00e3o do presidente pode ser superada pela atua\u00e7\u00e3o dos outros Senadores, ent\u00e3o \u00e9 com luta e press\u00e3o social que os trabalhadores conseguem mudar.\u00a0<\/span><br style=\"color: #464646;\" \/><br style=\"color: #464646;\" \/><b style=\"color: #464646;\">Contraf-CUT\u00a0<\/b><span style=\"color: #464646;\">&#8211;\u00a0<\/span><i style=\"color: #464646;\">Outras mudan\u00e7as que prejudicam o trabalhador est\u00e3o relacionadas \u00e0s edi\u00e7\u00f5es das MPs 664 e 665. De que forma a CUT aumentar\u00e1 a press\u00e3o para reverter estas medidas?<\/i><br style=\"color: #464646;\" \/><br style=\"color: #464646;\" \/><b style=\"color: #464646;\">Vagner Freitas\u00a0<\/b><span style=\"color: #464646;\">&#8211; A CUT \u00e9 contr\u00e1ria \u00e0s medidas provis\u00f3rias. No dia 29 de dezembro emitimos nota oficial repudiando estas medidas provis\u00f3rias, em primeiro lugar, porque retiram direitos dos trabalhadores e em segundo lugar, porque est\u00e3o sendo feitas dentro do ajuste fiscal do governo , com o qual a CUT n\u00e3o concorda e sem consultar os trabalhadores. A proposta da CUT \u00e9 que essas medidas sejam suspensas e que esses assuntos sejam discutidos na mesa quadripartite sobre Previd\u00eancia Social, que \u00e9 local adequado para se debater e consultar a sociedade. Os trabalhadores n\u00e3o podem pagar com seus direitos pelo ajuste que o governo est\u00e1 propondo. A CUT est\u00e1 procurando os deputados e senadores para que eles mudem de posi\u00e7\u00e3o e n\u00e3o votem estas medidas. Caso haja vota\u00e7\u00e3o estaremos nas galerias pressionando contra a aprova\u00e7\u00e3o. Os banc\u00e1rios assim como todos os trabalhadores est\u00e3o muito amea\u00e7ados porque haver\u00e1 demiss\u00f5es, redu\u00e7\u00e3o de sal\u00e1rios e de benef\u00edcios da previd\u00eancia, quando forem aposentar, entre outras perdas. N\u00e3o concordaremos com qualquer medida que venha a prejudicar a classe trabalhadora. No dia 29 faremos uma grande mobiliza\u00e7\u00e3o.\u00a0<\/span><br style=\"color: #464646;\" \/><br style=\"color: #464646;\" \/><span style=\"color: #464646;\">Fonte: Contraf-CUT<\/span><\/p>\n","protected":false},"excerpt":{"rendered":"<p>Em entrevista exclusiva ao site da Contraf-CUT, o presidente da CUT, Vagner Freitas, chamou sindicatos e trabalhadores para a grande mobiliza\u00e7\u00e3o marcada para 29 de maio em todo o pa\u00eds, \u201d Dia Nacional de Luta e Paralisa\u00e7\u00e3o\u201d, contra o Projeto de Lei da Terceiriza\u00e7\u00e3o, a retirada de direitos e a agenda conservadora do Congresso Nacional, [&hellip;]<\/p>\n","protected":false},"author":1,"featured_media":793,"comment_status":"","ping_status":"","sticky":false,"template":"","format":"standard","meta":{"footnotes":""},"categories":[3],"tags":[],"class_list":["post-794","post","type-post","status-publish","format-standard","has-post-thumbnail","hentry","category-noticias"],"_links":{"self":[{"href":"https:\/\/hostnetart.com.br\/baixada\/wp-json\/wp\/v2\/posts\/794","targetHints":{"allow":["GET"]}}],"collection":[{"href":"https:\/\/hostnetart.com.br\/baixada\/wp-json\/wp\/v2\/posts"}],"about":[{"href":"https:\/\/hostnetart.com.br\/baixada\/wp-json\/wp\/v2\/types\/post"}],"author":[{"embeddable":true,"href":"https:\/\/hostnetart.com.br\/baixada\/wp-json\/wp\/v2\/users\/1"}],"replies":[{"embeddable":true,"href":"https:\/\/hostnetart.com.br\/baixada\/wp-json\/wp\/v2\/comments?post=794"}],"version-history":[{"count":0,"href":"https:\/\/hostnetart.com.br\/baixada\/wp-json\/wp\/v2\/posts\/794\/revisions"}],"wp:featuredmedia":[{"embeddable":true,"href":"https:\/\/hostnetart.com.br\/baixada\/wp-json\/wp\/v2\/media\/793"}],"wp:attachment":[{"href":"https:\/\/hostnetart.com.br\/baixada\/wp-json\/wp\/v2\/media?parent=794"}],"wp:term":[{"taxonomy":"category","embeddable":true,"href":"https:\/\/hostnetart.com.br\/baixada\/wp-json\/wp\/v2\/categories?post=794"},{"taxonomy":"post_tag","embeddable":true,"href":"https:\/\/hostnetart.com.br\/baixada\/wp-json\/wp\/v2\/tags?post=794"}],"curies":[{"name":"wp","href":"https:\/\/api.w.org\/{rel}","templated":true}]}}