{"id":7938,"date":"2019-11-21T13:31:26","date_gmt":"2019-11-21T16:31:26","guid":{"rendered":"https:\/\/hostnetart.com.br\/baixada\/desigualdade-racial-no-mundo-do-trabalho-reflete-regime-de-escravidao\/"},"modified":"2019-11-21T13:31:26","modified_gmt":"2019-11-21T16:31:26","slug":"desigualdade-racial-no-mundo-do-trabalho-reflete-regime-de-escravidao","status":"publish","type":"post","link":"https:\/\/hostnetart.com.br\/baixada\/desigualdade-racial-no-mundo-do-trabalho-reflete-regime-de-escravidao\/","title":{"rendered":"Desigualdade racial no mundo do trabalho reflete regime de escravid\u00e3o"},"content":{"rendered":"<p>A popula\u00e7\u00e3o negra representa mais da metade dos brasileiros (56%). Mesmo sendo maioria, a desigualdade social por cor e ra\u00e7a ainda \u00e9 gritante. Prova disso \u00e9 a desvantagem no mercado de trabalho, nos indicadores de renda, nas condi\u00e7\u00f5es de moradia, na educa\u00e7\u00e3o e no acesso a bens e servi\u00e7os.<\/p>\n<p>De acordo com dados do Instituto Brasileiro de Geografia e Estat\u00edstica (IBGE), divulgados na quarta-feira (13), trabalhadores brancos ganham, em m\u00e9dia, 74% mais do que pretos e pardos. O estudo mostra que a m\u00e9dia salarial do brasileiro branco \u00e9 de R$ 2.796. J\u00e1 a de pretos e pardos, \u00e9 de R$ 1.608.<\/p>\n<figure class=\"wp-block-embed-youtube wp-block-embed is-type-video is-provider-youtube wp-embed-aspect-16-9 wp-has-aspect-ratio\">\n<div class=\"wp-block-embed__wrapper\">{youtube}jH_QxjqO8G4&amp;feature=emb_title{\/youtube}\u00a0<\/div>\n<\/figure>\n<p>Tal desvantagem tamb\u00e9m pode ser vista na ocupa\u00e7\u00e3o de cargos, como os gerenciais, por exemplo.\u00a0 De acordo com o IBGE, quase 70% das vagas destes cargos s\u00e3o para brancos e menos de 30% para pretos ou pardos. A taxa de desocupa\u00e7\u00e3o tamb\u00e9m \u00e9 maior entre negros do que a de pessoas brancas. S\u00e3o 14,1% dos negros e pardos sem trabalho. Entre os brancos, o desemprego \u00e9 de 9,5%.<\/p>\n<p>Para Almir Aguiar, secret\u00e1rio de Combate ao Racismo da Confedera\u00e7\u00e3o Nacional dos Trabalhadores do Ramo Financeiro (Contraf-CUT), os dados mostram que as desigualdades raciais no mundo do trabalho est\u00e3o ligadas ao regime de escravid\u00e3o, que perdurou por mais de 300 anos no Brasil. \u201cO negro por for\u00e7a da Lei, era proibido de frequentar a escola p\u00fablica, n\u00e3o teve direito \u00e0 moradia, trabalho, terra, nem a repara\u00e7\u00e3o. Mas, no entanto, o Estado indenizou os senhores de engenho e deu terras para os imigrantes\u201d, disse.<\/p>\n<p>\u201cOs n\u00fameros do IBGE, mostram isso, s\u00e3o 131 anos de uma aboli\u00e7\u00e3o inacabada, que nos for\u00e7am a ampliar nossa luta por uma sociedade justa, democr\u00e1tica e com igualdade\u201d afirmou Almir Aguiar.<\/p>\n<p><strong>Fonte:<\/strong>\u00a0<strong>Contraf-CUT<\/strong><\/p>\n","protected":false},"excerpt":{"rendered":"<p>A popula\u00e7\u00e3o negra representa mais da metade dos brasileiros (56%). Mesmo sendo maioria, a desigualdade social por cor e ra\u00e7a ainda \u00e9 gritante. Prova disso \u00e9 a desvantagem no mercado de trabalho, nos indicadores de renda, nas condi\u00e7\u00f5es de moradia, na educa\u00e7\u00e3o e no acesso a bens e servi\u00e7os. De acordo com dados do Instituto [&hellip;]<\/p>\n","protected":false},"author":2,"featured_media":7937,"comment_status":"","ping_status":"","sticky":false,"template":"","format":"standard","meta":{"footnotes":""},"categories":[3],"tags":[],"class_list":["post-7938","post","type-post","status-publish","format-standard","has-post-thumbnail","hentry","category-noticias"],"_links":{"self":[{"href":"https:\/\/hostnetart.com.br\/baixada\/wp-json\/wp\/v2\/posts\/7938","targetHints":{"allow":["GET"]}}],"collection":[{"href":"https:\/\/hostnetart.com.br\/baixada\/wp-json\/wp\/v2\/posts"}],"about":[{"href":"https:\/\/hostnetart.com.br\/baixada\/wp-json\/wp\/v2\/types\/post"}],"author":[{"embeddable":true,"href":"https:\/\/hostnetart.com.br\/baixada\/wp-json\/wp\/v2\/users\/2"}],"replies":[{"embeddable":true,"href":"https:\/\/hostnetart.com.br\/baixada\/wp-json\/wp\/v2\/comments?post=7938"}],"version-history":[{"count":0,"href":"https:\/\/hostnetart.com.br\/baixada\/wp-json\/wp\/v2\/posts\/7938\/revisions"}],"wp:featuredmedia":[{"embeddable":true,"href":"https:\/\/hostnetart.com.br\/baixada\/wp-json\/wp\/v2\/media\/7937"}],"wp:attachment":[{"href":"https:\/\/hostnetart.com.br\/baixada\/wp-json\/wp\/v2\/media?parent=7938"}],"wp:term":[{"taxonomy":"category","embeddable":true,"href":"https:\/\/hostnetart.com.br\/baixada\/wp-json\/wp\/v2\/categories?post=7938"},{"taxonomy":"post_tag","embeddable":true,"href":"https:\/\/hostnetart.com.br\/baixada\/wp-json\/wp\/v2\/tags?post=7938"}],"curies":[{"name":"wp","href":"https:\/\/api.w.org\/{rel}","templated":true}]}}